{"id":25715,"date":"2025-09-03T09:55:09","date_gmt":"2025-09-03T09:55:09","guid":{"rendered":"https:\/\/www.europesays.com\/no\/25715\/"},"modified":"2025-09-03T09:55:09","modified_gmt":"2025-09-03T09:55:09","slug":"sol-haavik-knut-haaviks-enke","status":"publish","type":"post","link":"https:\/\/www.europesays.com\/no\/25715\/","title":{"rendered":"Sol Haavik &#8211; Knut Haaviks enke"},"content":{"rendered":"<p class=\"kicker \" style=\"\">Sol Haavik d\u00f8de br\u00e5tt p\u00e5 feriereise<\/p>\n<p>  Hun havnet i rampelyset da hun ble sammen med Se og H\u00f8rs legendariske sjefredakt\u00f8r Knut Haavik. N\u00e5 er hun d\u00f8d &#8211; bare 75 \u00e5r gammel.<\/p>\n<p>\n    PAR I HJERTER: Knut Haavik ba Sol p\u00e5 blind date til Spania etter at han ble enkemann. Det var kj\u00e6rlighet ved f\u00f8rste blikk. Foto: Espen Solli\n  <\/p>\n<p class=\"font-weight-bold m-font-weight-bold\" data-lab-font_weight=\"font-weight-bold\">&#8211; En solstr\u00e5le har forlatt oss. V\u00e5r kj\u00e6re mor gikk br\u00e5tt bort p\u00e5 reise i Kroatia den 25. august, bare 75 \u00e5r gammel.<\/p>\n<p>Det skriver barna til Sol Haavik p\u00e5 Facebook &#8211; en dr\u00f8y uke etter at hun d\u00f8de br\u00e5tt p\u00e5 en feriereise.<\/p>\n<p>Solveig Andresen satt hjemme i Sandefjord og s\u00e5 p\u00e5 \u00abSkavlan\u00bb i 2002. I TV-ruta satt Se og H\u00f8rs legendariske sjefredakt\u00f8r Knut Haavik og fortalte at han hadde blitt enkemann.\u00a0<\/p>\n<p>          <img loading=\"lazy\" decoding=\"async\" src=\"https:\/\/www.europesays.com\/no\/wp-content\/uploads\/2025\/09\/83540996.webp\" width=\"686\" height=\"652\" title=\"P\u00c5 GRAVEN: Sol p\u00e5 graven til sin kj\u00e6re Knut i Vikersund. Foto: Andreas Fadum\" alt=\"\" class=\"\" style=\"--aspect-ratio-image: 1.05; \"\/><\/p>\n<p>\n          P\u00c5 GRAVEN: Sol p\u00e5 graven til sin kj\u00e6re Knut i Vikersund. Foto: Andreas Fadum\n      <\/p>\n<p>Hans kj\u00e6re Torunn d\u00f8de av kreft. Og n\u00e5 satt han alene i sin 550 kvadratmeter store villa p\u00e5 Vinderen i Oslo.<\/p>\n<p>Solveig har i intervjuer fortalt at hun ikke visste hvem Knut Haavik var. Men hun ble s\u00e5 r\u00f8rt av hans historie at hun satte seg ned og skrev et brev til Knut. Det var hun for s\u00e5vidt ikke alene om. For etter TV-intervjuet fikk Haavik mer enn 400 frierbrev fra norske kvinner som falt for hans TV-sjarm.<\/p>\n<p>          <img loading=\"lazy\" decoding=\"async\" src=\"https:\/\/www.europesays.com\/no\/wp-content\/uploads\/2025\/09\/83541040.webp\" width=\"686\" height=\"988\" title=\"PREMIERE-L\u00d8VER: Sol og Knut elsket \u00e5 g\u00e5 p\u00e5 premierer og fester. Her fra Terje Schr\u00f8ders 50-\u00e5rs dag i 2013. Foto: Tor Lindseth\" alt=\"\" class=\"\" style=\"--aspect-ratio-image: 0.69; \"\/><\/p>\n<p>\n          PREMIERE-L\u00d8VER: Sol og Knut elsket \u00e5 g\u00e5 p\u00e5 premierer og fester. Her fra Terje Schr\u00f8ders 50-\u00e5rs dag i 2013. Foto: Tor Lindseth\n      <\/p>\n<p>N\u00e6rmest som en tilfeldighet plukket Knut ut brevet fra Solveig. Og en kveld han satt alene i sitt flotte feriehjem i Spania, tok han motet til seg og ringte. Telefonsamtalen endte med at Knut ba henne p\u00e5 blind date til Marbella. Og resten er historie. De ble et par &#8211; og holdt sammen til Knut d\u00f8de i februar 2019.<\/p>\n<p>\u00a0To \u00e5r etter Se og H\u00f8r-grunderens d\u00f8d, hadde vi et st\u00f8rre intervju med Sol:<br \/>&#8211;\u00a0Knut og jeg fikk noen fantastiske \u00e5r sammen. Vi var uatskillelige fra vi m\u00f8ttes i 2002 og helt til han d\u00f8de i februar 2019. Jeg savner Knut hver dag. De morsomme replikkene og det lune smilet. Han var alltid midtpunktet, fortalte Sol Haavik.<\/p>\n<p>          <img loading=\"lazy\" decoding=\"async\" src=\"https:\/\/www.europesays.com\/no\/wp-content\/uploads\/2025\/09\/83541053.webp\" width=\"686\" height=\"885\" title=\"GIFT - TO GANGER: Sol og Knut giftet seg to ganger - p\u00e5 et cruiseskip, og p\u00e5 Hus\u00f8y utenfor T\u00f8nsberg. Men de var ikke formelt gift.\" alt=\"\" class=\"\" style=\"--aspect-ratio-image: 0.78; \"\/><\/p>\n<p>\n          GIFT &#8211; TO GANGER: Sol og Knut giftet seg to ganger &#8211; p\u00e5 et cruiseskip, og p\u00e5 Hus\u00f8y utenfor T\u00f8nsberg. Men de var ikke formelt gift.\n      <\/p>\n<p>De to arrangerte to bryllupsseremonier, b\u00e5de om bord p\u00e5 et cruiseskip og p\u00e5 Hus\u00f8y utenfor T\u00f8nsberg. Men fordi Knut satt i uskiftet bo, var de ikke formelt gift.\u00a0<\/p>\n<p>Likevel omtalte de hverandre alltid som mann og kone, og i Sols pass st\u00e5r det fremdeles Solveig Halseth Haavik.<\/p>\n<p>&#8211; Hvordan var den f\u00f8rste tiden etter at Knut d\u00f8de?<\/p>\n<p>&#8211; Det f\u00f8ltes veldig tomt. Jeg kunne ikke helt forst\u00e5 at han var borte for alltid, at han ikke lenger skulle si \u00abSola mi\u00bb til meg, sa Sol til Se og H\u00f8r.<\/p>\n<p>Tirsdag 9. september blir Sol Haavik begravet fra N\u00f8tter\u00f8y kirke. I minneordet p\u00e5 Facebook skriver barna til Sol:<\/p>\n<p>          <img loading=\"lazy\" decoding=\"async\" src=\"https:\/\/www.europesays.com\/no\/wp-content\/uploads\/2025\/09\/83541025.webp\" width=\"686\" height=\"1064\" title=\"DYPT SAVNET: Med dette bildet minner Sol Haaviks barn sin kj\u00e6re mor p\u00e5 Facebook.\" alt=\"\" class=\"\" style=\"--aspect-ratio-image: 0.64; \"\/><\/p>\n<p>\n          DYPT SAVNET: Med dette bildet minner Sol Haaviks barn sin kj\u00e6re mor p\u00e5 Facebook.\n      <\/p>\n<p>\u00abDu var et levende fyrverkeri. S\u00e5 snill, s\u00e5 raus og s\u00e5 modig. Du \u00f8ste din kj\u00e6rlighet til alle. Var en gledesspreder av de sjeldne, totalt fordomsfri og akkurat passe gal. Du satte dype spor der du gikk, med solskinn, latter og godt hum\u00f8r. Du er en inspirasjon som for alltid vil ha en stor plass i v\u00e5re hjerter. Du er dypt savnet, og du minnes med et smil. Tusen takk\u00a0Vi vet du hadde en stor vennekrets som brydde seg om deg, det er vanskelig \u00e5 n\u00e5 ut til alle.\u00bb\u00a0<\/p>\n","protected":false},"excerpt":{"rendered":"Sol Haavik d\u00f8de br\u00e5tt p\u00e5 feriereise Hun havnet i rampelyset da hun ble sammen med Se og H\u00f8rs&hellip;\n","protected":false},"author":2,"featured_media":25716,"comment_status":"","ping_status":"","sticky":false,"template":"","format":"standard","meta":{"footnotes":""},"categories":[10],"tags":[20,21,4104,24,25,15,479,4106,22,23,13,30,28,29,14,16,4105,26,27],"class_list":{"0":"post-25715","1":"post","2":"type-post","3":"status-publish","4":"format-standard","5":"has-post-thumbnail","7":"category-norge","8":"tag-breaking-news","9":"tag-breakingnews","10":"tag-eksklusivt","11":"tag-featured-news","12":"tag-featurednews","13":"tag-headlines","14":"tag-kjendis","15":"tag-knut-haavik","16":"tag-latest-news","17":"tag-latestnews","18":"tag-news","19":"tag-no","20":"tag-norge","21":"tag-norway","22":"tag-nyheter","23":"tag-overskrifter","24":"tag-sol-haavik","25":"tag-top-stories","26":"tag-topstories"},"share_on_mastodon":{"url":"","error":""},"_links":{"self":[{"href":"https:\/\/www.europesays.com\/no\/wp-json\/wp\/v2\/posts\/25715","targetHints":{"allow":["GET"]}}],"collection":[{"href":"https:\/\/www.europesays.com\/no\/wp-json\/wp\/v2\/posts"}],"about":[{"href":"https:\/\/www.europesays.com\/no\/wp-json\/wp\/v2\/types\/post"}],"author":[{"embeddable":true,"href":"https:\/\/www.europesays.com\/no\/wp-json\/wp\/v2\/users\/2"}],"replies":[{"embeddable":true,"href":"https:\/\/www.europesays.com\/no\/wp-json\/wp\/v2\/comments?post=25715"}],"version-history":[{"count":0,"href":"https:\/\/www.europesays.com\/no\/wp-json\/wp\/v2\/posts\/25715\/revisions"}],"wp:featuredmedia":[{"embeddable":true,"href":"https:\/\/www.europesays.com\/no\/wp-json\/wp\/v2\/media\/25716"}],"wp:attachment":[{"href":"https:\/\/www.europesays.com\/no\/wp-json\/wp\/v2\/media?parent=25715"}],"wp:term":[{"taxonomy":"category","embeddable":true,"href":"https:\/\/www.europesays.com\/no\/wp-json\/wp\/v2\/categories?post=25715"},{"taxonomy":"post_tag","embeddable":true,"href":"https:\/\/www.europesays.com\/no\/wp-json\/wp\/v2\/tags?post=25715"}],"curies":[{"name":"wp","href":"https:\/\/api.w.org\/{rel}","templated":true}]}}