{"id":25717,"date":"2025-09-03T09:57:09","date_gmt":"2025-09-03T09:57:09","guid":{"rendered":"https:\/\/www.europesays.com\/no\/25717\/"},"modified":"2025-09-03T09:57:09","modified_gmt":"2025-09-03T09:57:09","slug":"hjerteskjaerende-scener","status":"publish","type":"post","link":"https:\/\/www.europesays.com\/no\/25717\/","title":{"rendered":"Hjerteskj\u00e6rende scener"},"content":{"rendered":"<p>  Her hyller Cristiano Ronaldo (40) og Portugal-spillerne den d\u00f8de lagkameraten Diogo Jota (28).<\/p>\n<p>\n    MINNESTUND: Cristiano Ronaldo var ikke i begravelsen til Diogo Jota. I g\u00e5r minnet Portugals landslag den avd\u00f8de Portugal- og Liverpool-spilleren utenfor Lisboa. Foto: NTB\n  <\/p>\n<p>STORO (Dagbladet): Kontrastene til det norske fotballandslaget kunne ikke blitt st\u00f8rre i g\u00e5r:<\/p>\n<p>P\u00e5 en pressekonferanse fikk trener St\u00e5le Solbakken sp\u00f8rsm\u00e5l om klesmoten til Toulouse-spiller Aron D\u00f8nnum (27).<\/p>\n<p>&#8211; Den motebransjen han er i, er ikke jeg i. Jeg vet ikke hvor bra det er. Er det bra? spurte en smilende Solbakken.<\/p>\n<p>          <img loading=\"lazy\" decoding=\"async\" src=\"https:\/\/www.europesays.com\/no\/wp-content\/uploads\/2025\/09\/83541118.webp\" width=\"686\" height=\"392\" title=\"P\u00c5 STRAK ARM: St\u00e5le Solbakken m\u00e5tte parere sp\u00f8rsm\u00e5l om klesstilen til Aron D\u00f8nnum. Foto: Bj\u00f8rn Langsem\" alt=\"\" class=\"\" style=\"--aspect-ratio-image: 1.75; \"\/><\/p>\n<p>\n          P\u00c5 STRAK ARM: St\u00e5le Solbakken m\u00e5tte parere sp\u00f8rsm\u00e5l om klesstilen til Aron D\u00f8nnum. Foto: Bj\u00f8rn Langsem\n      <\/p>\n<p>Omtrent samtidig i utkanten av Lisboa: Plutselig runder en gjeng dressekledde herrer et hushj\u00f8rne. Sorgen st\u00e5r tydelig \u00e5 lese i ansiktene deres.<\/p>\n<p>Midt p\u00e5 bildet: Cristiano Ronaldo.<\/p>\n<p>          <img loading=\"lazy\" decoding=\"async\" src=\"https:\/\/www.europesays.com\/no\/wp-content\/uploads\/2025\/09\/83541125.webp\" width=\"686\" height=\"392\" title=\"BRUTALT: Cristiano Ronaldo s\u00f8rget sammen med lagkameratene. Foto: NTB\" alt=\"\" class=\"\" style=\"--aspect-ratio-image: 1.75; \"\/><\/p>\n<p>\n          BRUTALT: Cristiano Ronaldo s\u00f8rget sammen med lagkameratene. Foto: NTB\n      <\/p>\n<p>          <img loading=\"lazy\" decoding=\"async\" src=\"https:\/\/www.europesays.com\/no\/wp-content\/uploads\/2025\/09\/83541142.webp\" width=\"686\" height=\"392\" title=\"ALVOR: Portugal-trener Roberto Martinez vekslet noen ord med Cristiano Ronaldo. Foto: NTB\" alt=\"\" class=\"\" style=\"--aspect-ratio-image: 1.75; \"\/><\/p>\n<p>\n          ALVOR: Portugal-trener Roberto Martinez vekslet noen ord med Cristiano Ronaldo. Foto: NTB\n      <\/p>\n<p>          <img loading=\"lazy\" decoding=\"async\" src=\"https:\/\/www.europesays.com\/no\/wp-content\/uploads\/2025\/09\/83541157.webp\" width=\"686\" height=\"392\" title=\"HEDRET: Fotballpresident Pedro Proenca holdt en tale foran bildene av de avd\u00f8de br\u00f8drene. Diogo Jota til venstre. Foto: NTB\" alt=\"\" class=\"\" style=\"--aspect-ratio-image: 1.75; \"\/><\/p>\n<p>\n          HEDRET: Fotballpresident Pedro Proenca holdt en tale foran bildene av de avd\u00f8de br\u00f8drene. Diogo Jota til venstre. Foto: NTB\n      <\/p>\n<p>Portugal-spillerne tok del i en seremoni der de minnet den avd\u00f8de Portugal- og Liverpool-spilleren Diogo Jota. Sammen med broren Andr\u00e9 d\u00f8de han i en trafikkulykke p\u00e5 motorveien i Spania i juli.<\/p>\n<p>Portugal m\u00f8ter Armenia i VM-kvalifiseringen l\u00f8rdag og Ungarn neste tirsdag. Portugal-boss Roberto Martinez slipper en nyhet:<\/p>\n<p>&#8211; Drakt nummer 21 g\u00e5r til R\u00faben Neves. P\u00e5 den m\u00e5ten vil nummeret fortsatt v\u00e6re p\u00e5 banen &#8211; og med oss. Neves hadde et n\u00e6rt vennskap med Diogo. Han er den perfekte personen til \u00e5 representere ham.<\/p>\n<p>          <img loading=\"lazy\" decoding=\"async\" src=\"https:\/\/www.europesays.com\/no\/wp-content\/uploads\/2025\/09\/83541148.webp\" width=\"686\" height=\"433\" title=\"STERKT \u00d8YEBLIKK: Enken Rute Cardoso avduker en bronsedrakt til minne om Diogo Jota. P\u00e5 landslaget hadde han nummer 21. Foto: NTB\" alt=\"\" class=\"\" style=\"--aspect-ratio-image: 1.58; \"\/><\/p>\n<p>\n          STERKT \u00d8YEBLIKK: Enken Rute Cardoso avduker en bronsedrakt til minne om Diogo Jota. P\u00e5 landslaget hadde han nummer 21. Foto: NTB\n      <\/p>\n<p>I forbindelse med seremonien ble det avduket en bronsedrakt med nummer 21. Rute Cardoso &#8211; som giftet seg med Jota elleve dager f\u00f8r han d\u00f8de &#8211; avduket drakten.<\/p>\n<p>Det var et hjerteskj\u00e6rende \u00f8yeblikk. P\u00e5 bare elleve dager gikk hun fra vill lykke til bunnl\u00f8s sorg.<\/p>\n<p>Neves har n\u00e5 f\u00e5tt en tatovering av Jota p\u00e5 leggen. De to spilte sammen i Wolverhampton. I dag er han i Al-Hilal.<\/p>\n<p>Til Jota &#8211; som n\u00e5 er i himmelen &#8211; sier han:<\/p>\n<p>&#8211; N\u00e5r vi slutter oss til landslaget, er du fortsatt med oss. Ved middagsbordet. P\u00e5 bussen. P\u00e5 flyet. Du er alltid ved v\u00e5r side. Som du alltid har v\u00e6rt.<\/p>\n<p>        Disse bildene viser vrakrestene etter bilulykken i Spania. Reporter: Jostein Sletten \/ Dagbladet<\/p>\n<p>Ronaldo var ikke til stede i begravelsen til Jota og fikk kritikk for dette. Begrunnelsen var at han ikke ville ta fokuset vekk fra hovedpersonen.<\/p>\n<p>I g\u00e5r s\u00f8rget han sammen med Jotas familie, agent Jorge Mendes og Portugals president og statsminister.<\/p>\n","protected":false},"excerpt":{"rendered":"Her hyller Cristiano Ronaldo (40) og Portugal-spillerne den d\u00f8de lagkameraten Diogo Jota (28). MINNESTUND: Cristiano Ronaldo var ikke&hellip;\n","protected":false},"author":2,"featured_media":25718,"comment_status":"","ping_status":"","sticky":false,"template":"","format":"standard","meta":{"footnotes":""},"categories":[59],"tags":[1288,92,30,28,29,83,82],"class_list":{"0":"post-25717","1":"post","2":"type-post","3":"status-publish","4":"format-standard","5":"has-post-thumbnail","7":"category-sport","8":"tag-cristiano-ronaldo","9":"tag-fotball","10":"tag-no","11":"tag-norge","12":"tag-norway","13":"tag-sport","14":"tag-sports"},"share_on_mastodon":{"url":"","error":""},"_links":{"self":[{"href":"https:\/\/www.europesays.com\/no\/wp-json\/wp\/v2\/posts\/25717","targetHints":{"allow":["GET"]}}],"collection":[{"href":"https:\/\/www.europesays.com\/no\/wp-json\/wp\/v2\/posts"}],"about":[{"href":"https:\/\/www.europesays.com\/no\/wp-json\/wp\/v2\/types\/post"}],"author":[{"embeddable":true,"href":"https:\/\/www.europesays.com\/no\/wp-json\/wp\/v2\/users\/2"}],"replies":[{"embeddable":true,"href":"https:\/\/www.europesays.com\/no\/wp-json\/wp\/v2\/comments?post=25717"}],"version-history":[{"count":0,"href":"https:\/\/www.europesays.com\/no\/wp-json\/wp\/v2\/posts\/25717\/revisions"}],"wp:featuredmedia":[{"embeddable":true,"href":"https:\/\/www.europesays.com\/no\/wp-json\/wp\/v2\/media\/25718"}],"wp:attachment":[{"href":"https:\/\/www.europesays.com\/no\/wp-json\/wp\/v2\/media?parent=25717"}],"wp:term":[{"taxonomy":"category","embeddable":true,"href":"https:\/\/www.europesays.com\/no\/wp-json\/wp\/v2\/categories?post=25717"},{"taxonomy":"post_tag","embeddable":true,"href":"https:\/\/www.europesays.com\/no\/wp-json\/wp\/v2\/tags?post=25717"}],"curies":[{"name":"wp","href":"https:\/\/api.w.org\/{rel}","templated":true}]}}