{"id":25725,"date":"2025-09-03T10:04:08","date_gmt":"2025-09-03T10:04:08","guid":{"rendered":"https:\/\/www.europesays.com\/no\/25725\/"},"modified":"2025-09-03T10:04:08","modified_gmt":"2025-09-03T10:04:08","slug":"keeperikonet-guillermo-ochoa-forsvant-i-forhandlingene-med-ny-klubb","status":"publish","type":"post","link":"https:\/\/www.europesays.com\/no\/25725\/","title":{"rendered":"Keeperikonet Guillermo Ochoa forsvant i forhandlingene med ny klubb"},"content":{"rendered":"\n<p class=\"_lead_1bvmi_2 _lead_xtcu6_50 layout-component text-serif-m layout-normal text-serif-l layout-component layout-wide layout-padded _wide_17hqh_1 layout-padded\">Den meksikanske keeperen skulle signere for ny klubb. Den overgangen gikk i vasken p\u00e5 absurd vis.<\/p>\n<p><img alt=\"FORSVANT: Guillermo Ochoa (40) dro p\u00e5 kaffebar. S\u00e5 stoppet overgangen. Foto: MANAN VATSYAYANA \/ AFP \/ NTB\" class=\"_image_qp4xg_65 layout-component layout-wide\" data-fullscreen- data-track-element-type=\"Article image fullscreen\" data-track-name=\"ImageFullscreen\" fetchpriority=\"high\" decoding=\"sync\" loading=\"eager\" height=\"2982\" itemprop=\"image\"  src=\"https:\/\/www.europesays.com\/no\/wp-content\/uploads\/2025\/09\/0ef20a13-e2d4-4d13-b009-9f135083f4dd\"  style=\"object-position:0% 0%\" width=\"4474\"\/>FORSVANT: Guillermo Ochoa (40) dro p\u00e5 kaffebar. S\u00e5 stoppet overgangen. Foto: MANAN VATSYAYANA \/ AFP \/ NTB<\/p>\n<ul aria-hidden=\"true\" class=\"_images_1y6fe_106\">\n<li><a class=\"_link_1y6fe_111\" href=\"https:\/\/www.vg.no\/forfatter\/henrik-davidsen-hellevik\" style=\"z-index:1\" title=\"Henrik Davidsen Hellevik\" rel=\"nofollow noopener\" target=\"_blank\"><img alt=\"Bilde av Henrik Davidsen Hellevik\" class=\"_image_1y6fe_88\" fetchpriority=\"low\" loading=\"lazy\" decoding=\"async\" itemprop=\"image\"  src=\"https:\/\/www.europesays.com\/no\/wp-content\/uploads\/2025\/09\/5443292c-a647-4269-871c-1f6248707e55\"  width=\"480\"\/><\/a><\/li>\n<\/ul>\n<p> Oppdatert onsdag 3. september kl. 11:37     <\/p>\n<p class=\"_paragraph_1bvmi_4 _paragraph_xtcu6_10 layout-component text-serif-m layout-normal text-serif-m layout-padded\">Den meksikanske keeperlegenden Guillermo Ochoa (40) skapte kaos p\u00e5 overgangsmarkedets siste dag da han forlot kontraktsforhandlingene for \u00e5 ta en kaffe.<\/p>\n<p class=\"_paragraph_1bvmi_4 _paragraph_xtcu6_10 layout-component text-serif-m layout-normal text-serif-m layout-padded\">Den kaffepausen ble lang. S\u00e5 lang at overgangen til spansk klubb ikke ble noe av.<\/p>\n<p class=\"_paragraph_1bvmi_4 _paragraph_xtcu6_10 layout-component text-serif-m layout-normal text-serif-m layout-padded\">Ochoa var p\u00e5 vei til spanske Burgos etter et \u00e5r i portugisiske AVS. De medisinske testene var gjennomf\u00f8rt og de fleste kontraktsdetaljene var p\u00e5 plass, if\u00f8lge den spanske journalisten <a href=\"https:\/\/x.com\/sgpulgar\/status\/1962645453163405633\" class=\"_link_1bvmi_39\" rel=\"nofollow\">Sergio Gonzalez Pulgar p\u00e5 X<\/a>.<\/p>\n<p class=\"_paragraph_1bvmi_4 _paragraph_xtcu6_10 layout-component text-serif-m layout-normal text-serif-m layout-padded\">Fikk du med deg denne?<\/p>\n<p class=\"_paragraph_1bvmi_4 _paragraph_xtcu6_10 layout-component text-serif-m layout-normal text-serif-m layout-padded\">Men s\u00e5 meldte Ochoa at ett punkt i kontrakten m\u00e5tte endres, f\u00f8r han gikk ut for \u00e5 ta en kaffe.<\/p>\n<p class=\"_paragraph_1bvmi_4 _paragraph_xtcu6_10 layout-component text-serif-m layout-normal text-serif-m layout-padded\">Det var siste gang Burgos h\u00f8rte fra ham. M\u00e5lvakten svarte ikke engang p\u00e5 telefonen, og lot den spanske andredivisjonsklubben st\u00e5 igjen forvirret.<\/p>\n<p class=\"_paragraph_1bvmi_4 _paragraph_xtcu6_10 layout-component text-serif-m layout-normal text-serif-m layout-padded\">Med bare en time igjen av overgangsvinduet m\u00e5tte Burgos i stedet signere Jesus Ruiz fra Racing de Ferrol.<\/p>\n<p class=\"_paragraph_1bvmi_4 _paragraph_xtcu6_10 layout-component text-serif-m layout-normal text-serif-m layout-padded\">Ochoa, som har 151 landskamper og har spilt hele fem VM for Mexico, er n\u00e5 uten klubb. Det i VM-sesongen, hvor hans Mexico er vertsnasjon for mesterskapet den kommende sommeren. Den karismatiske keeperen med det karakteristiske h\u00e5rb\u00e5ndet har tidligere spilt i fem forskjellige land.<\/p>\n","protected":false},"excerpt":{"rendered":"Den meksikanske keeperen skulle signere for ny klubb. Den overgangen gikk i vasken p\u00e5 absurd vis. FORSVANT: Guillermo&hellip;\n","protected":false},"author":2,"featured_media":25726,"comment_status":"","ping_status":"","sticky":false,"template":"","format":"standard","meta":{"footnotes":""},"categories":[59],"tags":[92,4107,30,28,29,83,82,46],"class_list":{"0":"post-25725","1":"post","2":"type-post","3":"status-publish","4":"format-standard","5":"has-post-thumbnail","7":"category-sport","8":"tag-fotball","9":"tag-mexicos-herrelandslag-fotball","10":"tag-no","11":"tag-norge","12":"tag-norway","13":"tag-sport","14":"tag-sports","15":"tag-vgai"},"share_on_mastodon":{"url":"","error":""},"_links":{"self":[{"href":"https:\/\/www.europesays.com\/no\/wp-json\/wp\/v2\/posts\/25725","targetHints":{"allow":["GET"]}}],"collection":[{"href":"https:\/\/www.europesays.com\/no\/wp-json\/wp\/v2\/posts"}],"about":[{"href":"https:\/\/www.europesays.com\/no\/wp-json\/wp\/v2\/types\/post"}],"author":[{"embeddable":true,"href":"https:\/\/www.europesays.com\/no\/wp-json\/wp\/v2\/users\/2"}],"replies":[{"embeddable":true,"href":"https:\/\/www.europesays.com\/no\/wp-json\/wp\/v2\/comments?post=25725"}],"version-history":[{"count":0,"href":"https:\/\/www.europesays.com\/no\/wp-json\/wp\/v2\/posts\/25725\/revisions"}],"wp:featuredmedia":[{"embeddable":true,"href":"https:\/\/www.europesays.com\/no\/wp-json\/wp\/v2\/media\/25726"}],"wp:attachment":[{"href":"https:\/\/www.europesays.com\/no\/wp-json\/wp\/v2\/media?parent=25725"}],"wp:term":[{"taxonomy":"category","embeddable":true,"href":"https:\/\/www.europesays.com\/no\/wp-json\/wp\/v2\/categories?post=25725"},{"taxonomy":"post_tag","embeddable":true,"href":"https:\/\/www.europesays.com\/no\/wp-json\/wp\/v2\/tags?post=25725"}],"curies":[{"name":"wp","href":"https:\/\/api.w.org\/{rel}","templated":true}]}}