{"id":25739,"date":"2025-09-03T10:25:08","date_gmt":"2025-09-03T10:25:08","guid":{"rendered":"https:\/\/www.europesays.com\/no\/25739\/"},"modified":"2025-09-03T10:25:08","modified_gmt":"2025-09-03T10:25:08","slug":"krf-lederen-har-fatt-livvakter","status":"publish","type":"post","link":"https:\/\/www.europesays.com\/no\/25739\/","title":{"rendered":"KrF-lederen har f\u00e5tt livvakter"},"content":{"rendered":"\n<p class=\"_lead_1bvmi_2 _lead_xtcu6_50 layout-component text-serif-m layout-normal text-serif-l layout-component layout-wide layout-padded _wide_17hqh_1 layout-padded\">KrF-leder Dag-Inge Ulstein har den siste tiden hatt livvakter fra Politiets sikkerhetstjeneste. \u2013\u2060\u00a0Sikkerheten er \u00f8kt inn mot sluttfasen av valget, sier han.<\/p>\n<p><img alt=\"KrF-leder Dag-Inge Ulstein f\u00f8r NRKs partilederdebatt p\u00e5 Kuben videreg\u00e5ende skole tirsdag.  Foto: Stian Lysberg Solum \/ NTB\" class=\"_image_qp4xg_65 layout-component layout-wide\" data-fullscreen- data-track-element-type=\"Article image fullscreen\" data-track-name=\"ImageFullscreen\" fetchpriority=\"high\" decoding=\"sync\" loading=\"eager\" height=\"4181\" itemprop=\"image\"  src=\"https:\/\/www.europesays.com\/no\/wp-content\/uploads\/2025\/09\/3f315713-537b-4392-bdf8-55026086b758\"  style=\"object-position:0% 0%\" width=\"6270\"\/>KrF-leder Dag-Inge Ulstein f\u00f8r NRKs partilederdebatt p\u00e5 Kuben videreg\u00e5ende skole tirsdag.  Foto: Stian Lysberg Solum \/ NTB<\/p>\n<ul aria-hidden=\"true\" class=\"_images_1y6fe_106\">\n<li><a class=\"_link_1y6fe_111\" href=\"https:\/\/www.vg.no\/forfatter\/bendik-hansen\" style=\"z-index:2\" title=\"Bendik Hansen\" rel=\"nofollow noopener\" target=\"_blank\"><img alt=\"Bilde av Bendik Hansen\" class=\"_image_1y6fe_88\" fetchpriority=\"low\" loading=\"lazy\" decoding=\"async\" itemprop=\"image\"  src=\"https:\/\/www.europesays.com\/no\/wp-content\/uploads\/2025\/09\/1756895108_235_236bc5a3-2236-4046-b957-81f29d024aa6\"  width=\"480\"\/><\/a><\/li>\n<li><a class=\"_link_1y6fe_111\" href=\"https:\/\/www.vg.no\/forfatter\/ntb\" style=\"z-index:1\" title=\"NTB\" rel=\"nofollow noopener\" target=\"_blank\"><img alt=\"Bilde av NTB\" class=\"_image_1y6fe_88\" fetchpriority=\"low\" loading=\"lazy\" decoding=\"async\" itemprop=\"image\"  src=\"https:\/\/www.europesays.com\/no\/wp-content\/uploads\/2025\/09\/1756895108_90_c33980b0-5d07-4027-84a1-813f90a7c8d6\"  width=\"480\"\/><\/a><\/li>\n<\/ul>\n<p> Oppdatert onsdag 3. september kl. 12:23     <\/p>\n<p class=\"_paragraph_1bvmi_4 _paragraph_xtcu6_10 layout-component text-serif-m layout-normal text-serif-m layout-padded\">Avisen <a href=\"https:\/\/www.dagen.no\/nyheter\/derfor-har-ulstein-fatt-livvakt\/1476813\" class=\"_link_1bvmi_39\" rel=\"nofollow noopener\" target=\"_blank\">Dagen<\/a> skriver at KrFs partileder flere ganger er blitt observert med livvakter med propp i \u00f8ret rundt seg.<\/p>\n<p class=\"_paragraph_1bvmi_4 _paragraph_xtcu6_10 layout-component text-serif-m layout-normal text-serif-m layout-padded\">VG har spurt partilederen om sikkerhetsopplegget rundt ham, i forbindelse med at han gjester <a href=\"https:\/\/www.vg.no\/stories\/340734\/dag-inge-ulstein-svarer-send-inn-dine-sporsmal?playlistId=g27Jb7OEB6GJxGE0Qjn5eft6&amp;utm_source=vgfront&amp;utm_content=hovedlopet_row4_pos1&amp;utm_medium=dre-68b80916389118f580eddb4b\" class=\"_link_1bvmi_39\" rel=\"nofollow noopener\" target=\"_blank\">partilederutsp\u00f8rringen i VG<\/a>. <\/p>\n<p class=\"_paragraph_1bvmi_4 _paragraph_xtcu6_10 layout-component text-serif-m layout-normal text-serif-m layout-padded\"><strong class=\"_strong_1bvmi_25\">Han sier at han ikke \u00f8nsker eller kan kommentere det, men bekrefter at han har hatt livvakt den siste perioden. <\/strong><\/p>\n<p class=\"_paragraph_1bvmi_4 _paragraph_xtcu6_10 layout-component text-serif-m layout-normal text-serif-m layout-padded\">\u2013 Sikkerheten er \u00f8kt n\u00e5 inn mot sluttfasen av valget, skriver Ulstein i en sms til avisen. <\/p>\n<p class=\"_paragraph_1bvmi_4 _paragraph_xtcu6_10 layout-component text-serif-m layout-normal text-serif-m layout-padded\">If\u00f8lge Dagen vil heller ikke PST kommentere sikkerheten. <\/p>\n<p class=\"_paragraph_1bvmi_4 _paragraph_xtcu6_10 layout-component text-serif-m layout-normal text-serif-m layout-padded\">I mai ble det kjent at KrF hadde mottatt en bombetrussel mot sitt partikontor, men det er ikke kjent om bombetrusselen er \u00e5rsaken til at Ulstein har f\u00e5tt livvakter. <\/p>\n<p class=\"_paragraph_1bvmi_4 _paragraph_xtcu6_10 layout-component text-serif-m layout-normal text-serif-m layout-padded\"><strong class=\"_strong_1bvmi_25\">\u2013 Jeg kan bekrefte at vi har f\u00e5tt inn en bombetrussel mot KrFs hovedkontor, og varslet derfor PST s\u00e5 raskt vi ble gjort kjent med dette. <\/strong><\/p>\n<p class=\"_paragraph_1bvmi_4 _paragraph_xtcu6_10 layout-component text-serif-m layout-normal text-serif-m layout-padded\">Saken er n\u00e5 under etterforskning, og vi er trygge p\u00e5 at saken h\u00e5ndteres p\u00e5 en god m\u00e5te, sa Ulstein til <a href=\"https:\/\/www.vg.no\/nyheter\/i\/8q851w\/krf-mottok-bombetrussel-mot-sitt-kontor\" data-track-element-type=\"Link\" data-track-id=\"link:8q851w\" class=\"_link_1bvmi_39\" rel=\"nofollow noopener\" target=\"_blank\">VG<\/a>.<\/p>\n","protected":false},"excerpt":{"rendered":"KrF-leder Dag-Inge Ulstein har den siste tiden hatt livvakter fra Politiets sikkerhetstjeneste. \u2013\u2060\u00a0Sikkerheten er \u00f8kt inn mot sluttfasen&hellip;\n","protected":false},"author":2,"featured_media":25740,"comment_status":"","ping_status":"","sticky":false,"template":"","format":"standard","meta":{"footnotes":""},"categories":[12],"tags":[20,21,24,25,15,22,23,13,30,28,29,14,16,199,26,27,42,43,44,45],"class_list":{"0":"post-25739","1":"post","2":"type-post","3":"status-publish","4":"format-standard","5":"has-post-thumbnail","7":"category-verden","8":"tag-breaking-news","9":"tag-breakingnews","10":"tag-featured-news","11":"tag-featurednews","12":"tag-headlines","13":"tag-latest-news","14":"tag-latestnews","15":"tag-news","16":"tag-no","17":"tag-norge","18":"tag-norway","19":"tag-nyheter","20":"tag-overskrifter","21":"tag-stortingsvalg","22":"tag-top-stories","23":"tag-topstories","24":"tag-verden","25":"tag-world","26":"tag-world-news","27":"tag-worldnews"},"share_on_mastodon":{"url":"","error":""},"_links":{"self":[{"href":"https:\/\/www.europesays.com\/no\/wp-json\/wp\/v2\/posts\/25739","targetHints":{"allow":["GET"]}}],"collection":[{"href":"https:\/\/www.europesays.com\/no\/wp-json\/wp\/v2\/posts"}],"about":[{"href":"https:\/\/www.europesays.com\/no\/wp-json\/wp\/v2\/types\/post"}],"author":[{"embeddable":true,"href":"https:\/\/www.europesays.com\/no\/wp-json\/wp\/v2\/users\/2"}],"replies":[{"embeddable":true,"href":"https:\/\/www.europesays.com\/no\/wp-json\/wp\/v2\/comments?post=25739"}],"version-history":[{"count":0,"href":"https:\/\/www.europesays.com\/no\/wp-json\/wp\/v2\/posts\/25739\/revisions"}],"wp:featuredmedia":[{"embeddable":true,"href":"https:\/\/www.europesays.com\/no\/wp-json\/wp\/v2\/media\/25740"}],"wp:attachment":[{"href":"https:\/\/www.europesays.com\/no\/wp-json\/wp\/v2\/media?parent=25739"}],"wp:term":[{"taxonomy":"category","embeddable":true,"href":"https:\/\/www.europesays.com\/no\/wp-json\/wp\/v2\/categories?post=25739"},{"taxonomy":"post_tag","embeddable":true,"href":"https:\/\/www.europesays.com\/no\/wp-json\/wp\/v2\/tags?post=25739"}],"curies":[{"name":"wp","href":"https:\/\/api.w.org\/{rel}","templated":true}]}}