{"id":25742,"date":"2025-09-03T10:27:26","date_gmt":"2025-09-03T10:27:26","guid":{"rendered":"https:\/\/www.europesays.com\/no\/25742\/"},"modified":"2025-09-03T10:27:26","modified_gmt":"2025-09-03T10:27:26","slug":"politikk-anne-lindboe-kvalmende-misbruk-av-ordforeren-og-en-skjending-av-tamimas-minne","status":"publish","type":"post","link":"https:\/\/www.europesays.com\/no\/25742\/","title":{"rendered":"Politikk, Anne Lindboe | Kvalmende misbruk av ordf\u00f8reren \u2013 og en skjending av Tamimas minne"},"content":{"rendered":"\n<p>De velger \u00e5 spre en digital l\u00f8peseddel p\u00e5 sine Facebook-sider til et \u00abandre runde\u00bb av en \u00abspasertur\u00bb p\u00e5 Gr\u00f8nland, der de later som om de inviterer Lindboe, mens alle skj\u00f8nner at det eneste de har p\u00e5 hjertet er \u00e5 vise sin forakt for henne.<\/p>\n<p>Les kommentaren til Avisa Oslos debattredakt\u00f8r:<\/p>\n<p>  <a href=\"https:\/\/www.ao.no\/5-128-1128031\" class=\"related-teaser has-image default-opinion-teaser article--c-eRUmMG article--c-eRUmMG-jKCPdD-design-default\" rel=\"nofollow noopener\" target=\"_blank\"><\/p>\n<p>    <img decoding=\"async\" loading=\"lazy\"  src=\"https:\/\/www.europesays.com\/no\/wp-content\/uploads\/2025\/09\/Kopi+av+MAL_KOMMENTAR_AO+-+2025-08-25T174002.630.jpg\" alt=\"\" class=\"brick-c-cFOWSL\" style=\"\"\/><\/p>\n<p>\n            Les ogs\u00e5<\/p>\n<p>              Denne gangen er det personlig\n        <\/p>\n<p>  <\/a><\/p>\n<p><b>Den tredje personen er den tyske politikeren Lena Kotr\u00e9 fra det ytterligg\u00e5ende h\u00f8yrepartiet AFD. F\u00f8rste runde, i august, endte med at politiet \u00abevakuerte\u00bb den tyske politiske turisten og hennes norske fans. <\/b><\/p>\n<p>Falsk og ondsinnet<\/p>\n<p>Den falske, ondsinnede invitasjonen rettet mot ordf\u00f8reren er ille nok.<\/p>\n<p>Men det er verre at \u00abNorgesdemokratene\u00bb arrangerer dette p\u00e5 dagen \u00e9n uke etter at Tamima Nibras Juhar (34) ble stedt til hvile p\u00e5 den muslimske gravlunden p\u00e5 Alfaset.<\/p>\n<p><b>Det er \u00e5 skjende Tamimas minne.<\/b><\/p>\n<p>  <a href=\"https:\/\/www.ao.no\/5-128-1131378\" class=\"related-teaser has-image default-story-teaser article--c-eRUmMG article--c-eRUmMG-jKCPdD-design-default\" rel=\"nofollow noopener\" target=\"_blank\"><\/p>\n<p>    <img decoding=\"async\" loading=\"lazy\"  src=\"https:\/\/www.europesays.com\/no\/wp-content\/uploads\/2025\/09\/NTB_0ylerwHZ72k.jpg\" alt=\"\" class=\"brick-c-cFOWSL\" style=\"\"\/><\/p>\n<p>\n            Les ogs\u00e5<\/p>\n<p>              Tamima (34) gravlagt: \u2013 En solstr\u00e5le og en ekte gledesspreder\n        <\/p>\n<p>  <\/a><\/p>\n<p><b>Med dette legges det for dagen en s\u00e5 monumental og gjennomgripende mangel p\u00e5 respekt for andre menneskers liv og verdighet at man gisper etter luft n\u00e5r man tenker p\u00e5 det.<\/b><\/p>\n<p>Nyheten kom, smakl\u00f8st nok, dagen etter at noen titusener av oss hadde g\u00e5tt i rosetog til minne om Tamima. Selv gikk jeg, som s\u00e5 mange andre, i gul skjorte, mens de fleste gikk med gule roser i hendene, hennes favorittfarge, inntil blomsterbutikkene gikk tom for gule roser.<\/p>\n<p>Som hundrevis av andre var jeg ogs\u00e5 til stede p\u00e5 arrangementet i mitt eget nabolag p\u00e5 Thorbj\u00f8rn Egners plass, foran Kampen kirke, et lite steinkast fra der forbrytelsen mot Tamima fant sted. Det ble holdt sterke appeller, og f\u00f8lelsene var sterke.<\/p>\n<p>   <img decoding=\"async\" width=\"4032\" height=\"3024\" fetchpriority=\"low\"  loading=\"lazy\"  src=\"https:\/\/www.europesays.com\/no\/wp-content\/uploads\/2025\/09\/IMG_8944.jpg\" alt=\"\" class=\"brick-c-cFOWSL\" style=\"--brick-image-ratio: 4032 \/ 3024;\"\/><\/p>\n<p>  Veggtegningen av Tamima<\/p>\n<p><b>Samtidig kunne vi st\u00e5 \u00e5 se bort p\u00e5 bildet av henne, signert kunstneren T\u00f8ddel, p\u00e5 den, symboltungt nok, knall gule Bastiansen-g\u00e5rden \u2013 hjertet av Kampen.<\/b><\/p>\n<p><b>Det er som om smilet og varmen fra henne st\u00e5r ut av murveggen. M\u00e5tte tegningen forbli p\u00e5 veggen til evig tid.<\/b><\/p>\n<p>Nede p\u00e5 Youngstorget var Oslos ordf\u00f8rer en av hovedtalerne. Du kan lese Lindboes tale her:<\/p>\n<p>  <a href=\"https:\/\/www.ao.no\/5-128-1133387\" class=\"related-teaser has-image default-opinion-teaser article--c-eRUmMG article--c-eRUmMG-jKCPdD-design-default\" rel=\"nofollow noopener\" target=\"_blank\"><\/p>\n<p>    <img decoding=\"async\" loading=\"lazy\"  src=\"https:\/\/www.europesays.com\/no\/wp-content\/uploads\/2025\/09\/NTB_QtbvhZ98VVI.jpg\" alt=\"\" class=\"brick-c-cFOWSL\" style=\"\"\/><\/p>\n<p>\n            Les ogs\u00e5<\/p>\n<p>              Den som vil spre hat, har ingen makt over oss\n        <\/p>\n<p>  <\/a><\/p>\n<p>Det var alts\u00e5 dagen etter dette at \u00abNorgesdemokratene\u00bb vil til Gr\u00f8nland for \u00e5 drive rene provokasjoner, rett ved en mosk\u00e9 under fredagsb\u00f8nnen.<\/p>\n<p>Og hvor man alts\u00e5 fant grunn til \u00e5 misbruke Oslos fremste folkevalgte.<\/p>\n<p>Muslim-fiendtlighet<\/p>\n<p>Selv skriver Anne Lindboe dette p\u00e5 sine Facebook-sider:<\/p>\n<p><b>\u00abRett etter det rasistisk motiverte drapet p\u00e5 Tamima synes Norgesdemokratene at det er passende med en ny \u00abinspeksjon\u00bb p\u00e5 Gr\u00f8nland sammen med tyske AfD. Og de bruker meg som \u00abpostergirl\u00bb i invitasjonen. Jeg vil p\u00e5 det sterkeste ta avstand fra dette totalt uf\u00f8lsomme, polariserende stuntet. Dette har ingen ting med politikk \u00e5 gj\u00f8re, det er mangel p\u00e5 folkeskikk. Mangfoldet i Oslo er v\u00e5r styrke. I byen v\u00e5r st\u00e5r vi sammen mot rasisme, h\u00f8yreekstremisme og muslimfiendtlighet\u00bb.<\/b><\/p>\n<p>Jeg kan underskrive p\u00e5 hvert ord, og jeg vet at jeg tilh\u00f8rer det store, store flertallet i denne byen.<\/p>\n<p>Det er en kvalmende og uakseptabel oppf\u00f8rsel mot ordf\u00f8reren fra Ugland Jacobsen, dette.<\/p>\n<p>Og det er ikke s\u00e5nn at \u00abpartileder\u00bb Geir Ugland Jakobsen ikke vet at dette er kvalmende og uakseptabel oppf\u00f8rsel.<\/p>\n<p>  <a href=\"https:\/\/www.ao.no\/5-128-1130374\" class=\"related-teaser has-image default-opinion-teaser article--c-eRUmMG article--c-eRUmMG-jKCPdD-design-default\" rel=\"nofollow noopener\" target=\"_blank\"><\/p>\n<p>    <img decoding=\"async\" loading=\"lazy\"  src=\"https:\/\/www.europesays.com\/no\/wp-content\/uploads\/2025\/09\/Kopi+av+MAL_KOMMENTAR_AO+%282%29.jpg\" alt=\"\" class=\"brick-c-cFOWSL\" style=\"\"\/><\/p>\n<p>\n            Les ogs\u00e5<\/p>\n<p>              \u00c9n ting er sikkert: Kommunen m\u00e5 snu alle steiner for \u00e5 finne ut om drapet p\u00e5 Tamima (34) kunne v\u00e6rt unng\u00e5tt\n        <\/p>\n<p>  <\/a><\/p>\n<p><b>Kvalmende og uakseptabel oppf\u00f8rsel er selve poenget med dette nedrige stuntet. Og \u00e5 vise det fram til s\u00e5 mange som mulig. <\/b><\/p>\n<p><b>Det er ogs\u00e5 selve poenget for mange av Ugland Jacobsens meningsfeller. Det er kvalmende og uakseptabel oppf\u00f8rsel som sl\u00e5r an, og s\u00e6rlig ser vi det i de mest brunstinkende kommentarfeltene.<\/b><\/p>\n<p>Ekskludert fra Frp<\/p>\n<p>Geir Ugland Jacobsen helt i begynnelsen av 2020 valgt til leder i Oslo Frp etter en kampvotering. Han ble ekskludert fra partiet \u2013 av sentralstyret \u2013 i desember samme \u00e5r. Han kalte seg \u00abnasjonalkonservativ\u00bb, og fant raskt et nytt parti.<\/p>\n<p><b>Jeg skriver \u00abNorgesdemokratene\u00bb i anf\u00f8rselstegn, fordi de verken representerer Norge eller demokrati.<\/b><\/p>\n<p>\u00abNorgesdemokratene\u00bb er et miniparti, men st\u00f8rre enn de burde ha v\u00e6rt. Ved stortingsvalget i 2021 fikk de 1,1 prosent og over 34.000 stemmer, da under navnet \u00abDemokratene\u00bb. I Oslo fikk de 0,7 prosent.<\/p>\n<p>I kommunevalget i 2023 hadde oppslutningen heldigvis falt til 0,3 prosent. Det m\u00e5 v\u00e6re et m\u00e5l for Oslos befolkning at fallet fortsetter p\u00e5 mandag, hvor 0,0 hadde v\u00e6rt den beste oppslutningen dette partiet kan f\u00e5.<\/p>\n<p>\u00abRemigrasjon\u00bb<\/p>\n<p>Til fredag skal Ugland Jacobsen gjennomf\u00f8re \u00abandre runde\u00bb av en \u00abspasertur\u00bb sammen med den tyske politikeren. Den f\u00f8rste var i forbindelse med en konferanse om \u00abremigrasjon\u00bb.<\/p>\n<p><b>Tamima Nibras Juhar var norsk statsborger. Hun flyttet hit fra Etiopia i 2008.<\/b><\/p>\n<p><b>N\u00e5 er det for sent \u00e5 sende henne tilbake dit hun kom fra.<\/b><\/p>\n<p>  <a href=\"https:\/\/www.ao.no\/5-128-1133453\" class=\"related-teaser has-image default-story-teaser article--c-eRUmMG article--c-eRUmMG-jKCPdD-design-default\" rel=\"nofollow noopener\" target=\"_blank\"><\/p>\n<p>    <img decoding=\"async\" loading=\"lazy\"  src=\"https:\/\/www.europesays.com\/no\/wp-content\/uploads\/2025\/09\/ND.jpg\" alt=\"\" class=\"brick-c-cFOWSL\" style=\"\"\/><\/p>\n<p>\n            Les ogs\u00e5<\/p>\n<p>              Brukt som \u00abpostergirl\u00bb sammen med h\u00f8yreekstrem politiker: \u2013 En aktiv provokasjon\n        <\/p>\n<p>  <\/a><\/p>\n<p>  <a href=\"https:\/\/www.ao.no\/5-128-1132706\" class=\"related-teaser has-image default-story-teaser article--c-eRUmMG article--c-eRUmMG-jKCPdD-design-default\" rel=\"nofollow noopener\" target=\"_blank\"><\/p>\n<p>    <img decoding=\"async\" loading=\"lazy\"  src=\"https:\/\/www.europesays.com\/no\/wp-content\/uploads\/2025\/09\/photo+%2833%29.jpg\" alt=\"\" class=\"brick-c-cFOWSL\" style=\"\"\/><\/p>\n<p>\n            Les ogs\u00e5<\/p>\n<p>              Oslo er farget gult for Tamima (34)\n        <\/p>\n<p>  <\/a><\/p>\n<p>  <a href=\"https:\/\/www.ao.no\/5-128-1130572\" class=\"related-teaser has-image default-story-teaser article--c-eRUmMG article--c-eRUmMG-jKCPdD-design-default\" rel=\"nofollow noopener\" target=\"_blank\"><\/p>\n<p>    <img decoding=\"async\" loading=\"lazy\"  src=\"https:\/\/www.europesays.com\/no\/wp-content\/uploads\/2025\/09\/Djordje+Wilms_1.bin\" alt=\"\" class=\"brick-c-cFOWSL\" style=\"\"\/><\/p>\n<p>\n            Les ogs\u00e5<\/p>\n<p>              Drapet p\u00e5 Kampen: Ville angripe mosk\u00e9 p\u00e5 H\u00f8nefoss\n        <\/p>\n<p>  <\/a><\/p>\n","protected":false},"excerpt":{"rendered":"De velger \u00e5 spre en digital l\u00f8peseddel p\u00e5 sine Facebook-sider til et \u00abandre runde\u00bb av en \u00abspasertur\u00bb p\u00e5&hellip;\n","protected":false},"author":2,"featured_media":25743,"comment_status":"","ping_status":"","sticky":false,"template":"","format":"standard","meta":{"footnotes":""},"categories":[5],"tags":[3799,36,20,21,3118,24,25,15,19,22,23,17,18,13,30,28,3493,29,14,1533,16,41,3684,26,27],"class_list":{"0":"post-25742","1":"post","2":"type-post","3":"status-publish","4":"format-standard","5":"has-post-thumbnail","7":"category-overskrifter","8":"tag-anne-lindboe","9":"tag-art","10":"tag-breaking-news","11":"tag-breakingnews","12":"tag-drapet-pa-kampen","13":"tag-featured-news","14":"tag-featurednews","15":"tag-headlines","16":"tag-hovedoppslag","17":"tag-latest-news","18":"tag-latestnews","19":"tag-main-news","20":"tag-mainnews","21":"tag-news","22":"tag-no","23":"tag-norge","24":"tag-norgesdemokratene","25":"tag-norway","26":"tag-nyheter","27":"tag-opinion","28":"tag-overskrifter","29":"tag-politikk","30":"tag-tamima-nibras-juhar","31":"tag-top-stories","32":"tag-topstories"},"share_on_mastodon":{"url":"","error":""},"_links":{"self":[{"href":"https:\/\/www.europesays.com\/no\/wp-json\/wp\/v2\/posts\/25742","targetHints":{"allow":["GET"]}}],"collection":[{"href":"https:\/\/www.europesays.com\/no\/wp-json\/wp\/v2\/posts"}],"about":[{"href":"https:\/\/www.europesays.com\/no\/wp-json\/wp\/v2\/types\/post"}],"author":[{"embeddable":true,"href":"https:\/\/www.europesays.com\/no\/wp-json\/wp\/v2\/users\/2"}],"replies":[{"embeddable":true,"href":"https:\/\/www.europesays.com\/no\/wp-json\/wp\/v2\/comments?post=25742"}],"version-history":[{"count":0,"href":"https:\/\/www.europesays.com\/no\/wp-json\/wp\/v2\/posts\/25742\/revisions"}],"wp:featuredmedia":[{"embeddable":true,"href":"https:\/\/www.europesays.com\/no\/wp-json\/wp\/v2\/media\/25743"}],"wp:attachment":[{"href":"https:\/\/www.europesays.com\/no\/wp-json\/wp\/v2\/media?parent=25742"}],"wp:term":[{"taxonomy":"category","embeddable":true,"href":"https:\/\/www.europesays.com\/no\/wp-json\/wp\/v2\/categories?post=25742"},{"taxonomy":"post_tag","embeddable":true,"href":"https:\/\/www.europesays.com\/no\/wp-json\/wp\/v2\/tags?post=25742"}],"curies":[{"name":"wp","href":"https:\/\/api.w.org\/{rel}","templated":true}]}}