{"id":25763,"date":"2025-09-03T10:44:09","date_gmt":"2025-09-03T10:44:09","guid":{"rendered":"https:\/\/www.europesays.com\/no\/25763\/"},"modified":"2025-09-03T10:44:09","modified_gmt":"2025-09-03T10:44:09","slug":"nrk-avslorte-vinneren-av-norges-toffeste-ved-en-feiltakelse","status":"publish","type":"post","link":"https:\/\/www.europesays.com\/no\/25763\/","title":{"rendered":"NRK Avsl\u00f8rte Vinneren av \u00abNorges T\u00f8ffeste\u00bb ved en Feiltakelse"},"content":{"rendered":"<p class=\"kicker \" style=\"\">Kjempetabbe av statskanalen:<\/p>\n<p>  &#8211; Vi kan bekrefte at noen detaljer fra en upublisert artikkel dukket opp i en gammel artikkel, sier Njord R\u00f8v, redaksjonssjef TV i NRK Tr\u00f8ndelag til Se og H\u00f8r.<\/p>\n<p>\n    PROGRAMLEDERDUO: J\u00f8rgine Massa Vasstrand og Isak Dreyer leder \u00e5rets sesong av\u00ab Norges t\u00f8ffeste\u00bb .Foto: Terje Pedersen \/ NTB\n  <\/p>\n<p>Realityserien \u00abNorges T\u00f8ffeste\u00bb &#8211; programmet som kombinerer fysisk utholdenhet, mental styrke og sosialt spill &#8211; er blitt en real seerfavoritt de siste \u00e5rene.<\/p>\n<p>    <a itemprop=\"url\" href=\"https:\/\/www.seher.no\/kjendis\/jeg-ble-tvunget\/83532179\" rel=\"nofollow noopener\" target=\"_blank\"><\/p>\n<p>      <img loading=\"lazy\" decoding=\"async\" src=\"https:\/\/www.europesays.com\/no\/wp-content\/uploads\/2025\/09\/1756896248_675_83531556.webp\" width=\"147\" height=\"98\" title=\"- Jeg ble tvunget\" alt=\"\" class=\"lazyload\" style=\"--aspect-ratio-image: 1.50; \"\/><\/p>\n<p>        &#8211; Jeg ble tvunget<\/p>\n<p>    <\/a><\/p>\n<p>Programmet har siden premieren i 2013 etablert seg som en av NRKs mest popul\u00e6re konkurransebaserte realityserier, og tiltrekker seg hvert \u00e5r b\u00e5de unge deltakere med store ambisjoner, og et bredt publikum som lar seg rive med.<\/p>\n<p>        \u00abNORGES T\u00d8FFESTE\u00bb: Isak Dreyer overrasker deltakerne. Video: \u00abNorges t\u00f8ffeste\u00bb\/NRK<\/p>\n<p>I tillegg fremheves ofte kameratskap og samarbeid like mye som konkurranseinstinktet. Mange seere setter ogs\u00e5 pris p\u00e5 at deltakerne f\u00e5r vist frem b\u00e5de s\u00e5rbarhet og r\u00e5 styrke.<\/p>\n<p>          <img loading=\"lazy\" decoding=\"async\" src=\"https:\/\/www.europesays.com\/no\/wp-content\/uploads\/2025\/09\/83490295.webp\" width=\"686\" height=\"638\" title=\"\u00c5RETS GJENG: Fredag 22. august gikk startskuddet for sesong 6 av den popul\u00e6re realityserien \u00abNorges t\u00f8ffeste\u00bb. Deltakerne er Tobias Thorbj\u00f8rnsen, Thea Siggerud, Jonas Grimestad, Hedda Rasmussen, Bertine Hodne Nessler, Ronja Bj\u00f8rnstad, Simon R\u00f8the Glover, Odd Simonsen, Per Andreas Humstad, Hauk Steinsson Lem, Sigrid Skei og Solveig Heilund Midttun, med J\u00f8rgine Massa Vasstrand og Isak Dreyer som programledere.Foto: Terje Pedersen \/ NTB\" alt=\"\" class=\"\" style=\"--aspect-ratio-image: 1.08; \"\/><\/p>\n<p>\n          \u00c5RETS GJENG: Fredag 22. august gikk startskuddet for sesong 6 av den popul\u00e6re realityserien \u00abNorges t\u00f8ffeste\u00bb. Deltakerne er Tobias Thorbj\u00f8rnsen, Thea Siggerud, Jonas Grimestad, Hedda Rasmussen, Bertine Hodne Nessler, Ronja Bj\u00f8rnstad, Simon R\u00f8the Glover, Odd Simonsen, Per Andreas Humstad, Hauk Steinsson Lem, Sigrid Skei og Solveig Heilund Midttun, med J\u00f8rgine Massa Vasstrand og Isak Dreyer som programledere.Foto: Terje Pedersen \/ NTB\n      <\/p>\n<p>I programmet samles et knippe unge voksne fra hele landet for \u00e5 konkurrere om tittelen som \u00abNorges t\u00f8ffeste\u00bb, og deltakerne m\u00e5 gjennomf\u00f8re b\u00e5de individuelle og lagbaserte oppgaver. I l\u00f8pet av serien stemmes eller konkurreres det bort deltakere &#8211; helt til \u00e8n st\u00e5r igjen som vinner til slutt.<\/p>\n<p>    <a itemprop=\"url\" href=\"https:\/\/www.seher.no\/kjendis\/tatt-pa-fersken\/83536848\" rel=\"nofollow noopener\" target=\"_blank\"><\/p>\n<p>      <img loading=\"lazy\" decoding=\"async\" src=\"https:\/\/www.europesays.com\/no\/wp-content\/uploads\/2025\/09\/83537256.webp\" width=\"980\" height=\"441\" title=\"Tatt p\u00e5 fersken\" alt=\"\" class=\"lazyload\" style=\"--aspect-ratio-image: 2.22; \"\/><\/p>\n<p>        Tatt p\u00e5 fersken<\/p>\n<p>    <\/a><\/p>\n<p>P\u00e5 nettspilleren til NRK er det per n\u00e5 fire episoder som er sluppet av serien, men det er hele seks episoder igjen f\u00f8r vinneren k\u00e5res.\u00a0<\/p>\n<p class=\"font-weight-bold m-font-weight-bold\" data-lab-font_weight=\"font-weight-bold\">Dette til tross, kunne observante seere likevel legge merke til en lei glipp fra statskanalens side, da de ved en feiltakelse annonserte vinneren i en av sine artikler.<\/p>\n<p>        OVERRASKER: Espen Abrahamsen overrasker Tonje Frigstad i \u00ab71\u00b0 nord\u00bb. Video: \u00ab71\u00b0 nord &#8211; Norges t\u00f8ffeste kjendis\u00bb\/MAX.<\/p>\n<p class=\"font-weight-bold m-font-weight-bold\" data-lab-font_weight=\"font-weight-bold\">I en faktaboks hvor alle de tidligere vinnerne var oppf\u00f8rt, sto ogs\u00e5 \u00e5rets vinner &#8211; helt \u00f8verst p\u00e5 denne listen.<\/p>\n<p>&#8211; Da jeg og fruen skulle se den andre episoden, havnet vi i en diskusjon om tidligere vinnere. Som seg da h\u00f8r og b\u00f8r, gikk vi inn p\u00e5 Google for \u00e5 f\u00e5 fakta p\u00e5 bordet. Til fruens store overraskelse, ble \u00e5rets vinner avsl\u00f8rt i den artikkelen hun gikk inn p\u00e5, forteller en seer til Se og H\u00f8r.<\/p>\n<p>          <img loading=\"lazy\" decoding=\"async\" src=\"https:\/\/www.europesays.com\/no\/wp-content\/uploads\/2025\/09\/82273118.webp\" width=\"980\" height=\"559\" title=\"FANT HVERANDRE: Styrk Eriksen og Rebecka Andersen fant hverandre i \u00abNorges t\u00f8ffeste\u00bb. Foto: Erlend Laanke Solbu \/ NRK\" alt=\"\" class=\"\" style=\"--aspect-ratio-image: 1.75; \"\/><\/p>\n<p>\n          FANT HVERANDRE: Styrk Eriksen og Rebecka Andersen fant hverandre i \u00abNorges t\u00f8ffeste\u00bb. Foto: Erlend Laanke Solbu \/ NRK\n      <\/p>\n<p class=\"italic m-italic\" data-lab-italic=\"italic\">Se og H\u00f8r har f\u00e5tt tilsendt skjermdump av den aktuelle faktaboksen.<\/p>\n<p>&#8211; Vi kan bekrefte at noen detaljer fra en upublisert artikkel dukket opp i en gammel artikkel grunnet automatikk i systemet, sier\u00a0Njord R\u00f8v, redaksjonssjef TV i NRK Tr\u00f8ndelag til Se og H\u00f8r.<\/p>\n<p>Videre legger han til at denne feilen ble rettet f\u00f8r helgen, og at de beklager dersom noen av seerne har f\u00e5tt r\u00f8pet mer enn det de gjerne \u00f8nsker.<\/p>\n<p>        GLEMTE KAMERA: \u00abBloggerne\u00bb-profilen blir tatt p\u00e5 ferksen med en mystisk mann. Video: \u00abBloggerne\u00bb\/ TV 2\/ R\u00f8d L\u00f8per<\/p>\n<p class=\"font-weight-bold m-font-weight-bold\" data-lab-font_weight=\"font-weight-bold\">&#8211; Vi kommer sikkert til \u00e5 se det n\u00e5r det passer, men det blir mer bakgrunns-fjernsyn, og ikke like viktig for oss \u00e5 se alt p\u00e5 en gang. Vi synes jo dette er litt amat\u00f8rmessig &#8230; det \u00f8delegger jo helt klar seer-opplevelsen, men det er heldigvis mye annet \u00e5 se p\u00e5 ogs\u00e5, forteller den uheldige seeren som oppdaget feilen til Se og H\u00f8r.<\/p>\n","protected":false},"excerpt":{"rendered":"Kjempetabbe av statskanalen: &#8211; Vi kan bekrefte at noen detaljer fra en upublisert artikkel dukket opp i en&hellip;\n","protected":false},"author":2,"featured_media":25764,"comment_status":"","ping_status":"","sticky":false,"template":"","format":"standard","meta":{"footnotes":""},"categories":[59],"tags":[4104,3316,4126,479,30,28,3012,29,4125,83,82],"class_list":{"0":"post-25763","1":"post","2":"type-post","3":"status-publish","4":"format-standard","5":"has-post-thumbnail","7":"category-sport","8":"tag-eksklusivt","9":"tag-isak-dreyer","10":"tag-jorgine-massa-vasstrand","11":"tag-kjendis","12":"tag-no","13":"tag-norge","14":"tag-norges-toffeste","15":"tag-norway","16":"tag-reality-awards","17":"tag-sport","18":"tag-sports"},"share_on_mastodon":{"url":"","error":""},"_links":{"self":[{"href":"https:\/\/www.europesays.com\/no\/wp-json\/wp\/v2\/posts\/25763","targetHints":{"allow":["GET"]}}],"collection":[{"href":"https:\/\/www.europesays.com\/no\/wp-json\/wp\/v2\/posts"}],"about":[{"href":"https:\/\/www.europesays.com\/no\/wp-json\/wp\/v2\/types\/post"}],"author":[{"embeddable":true,"href":"https:\/\/www.europesays.com\/no\/wp-json\/wp\/v2\/users\/2"}],"replies":[{"embeddable":true,"href":"https:\/\/www.europesays.com\/no\/wp-json\/wp\/v2\/comments?post=25763"}],"version-history":[{"count":0,"href":"https:\/\/www.europesays.com\/no\/wp-json\/wp\/v2\/posts\/25763\/revisions"}],"wp:featuredmedia":[{"embeddable":true,"href":"https:\/\/www.europesays.com\/no\/wp-json\/wp\/v2\/media\/25764"}],"wp:attachment":[{"href":"https:\/\/www.europesays.com\/no\/wp-json\/wp\/v2\/media?parent=25763"}],"wp:term":[{"taxonomy":"category","embeddable":true,"href":"https:\/\/www.europesays.com\/no\/wp-json\/wp\/v2\/categories?post=25763"},{"taxonomy":"post_tag","embeddable":true,"href":"https:\/\/www.europesays.com\/no\/wp-json\/wp\/v2\/tags?post=25763"}],"curies":[{"name":"wp","href":"https:\/\/api.w.org\/{rel}","templated":true}]}}