{"id":257692,"date":"2026-06-05T14:41:08","date_gmt":"2026-06-05T14:41:08","guid":{"rendered":"https:\/\/www.europesays.com\/no\/257692\/"},"modified":"2026-06-05T14:41:08","modified_gmt":"2026-06-05T14:41:08","slug":"skyldte-ti-millioner-til-sosterorganisasjon-e24","status":"publish","type":"post","link":"https:\/\/www.europesays.com\/no\/257692\/","title":{"rendered":"Skyldte ti millioner til s\u00f8sterorganisasjon \u2013 E24"},"content":{"rendered":"\n<p class=\"_textTheme_1yhmn_1 _paragraph_172ys_4 _paragraph_qg7rf_27 layout-component layout-normal layout-padded body-medium\">I flere \u00e5r har milj\u00f8stiftelsen Bellona brukt penger de er forpliktet til \u00e5 gi videre til stiftelsens s\u00f8sterorganisasjon i Europa. <\/p>\n<p class=\"_textTheme_1yhmn_1 _paragraph_172ys_4 _paragraph_qg7rf_27 layout-component layout-normal layout-padded body-medium\">If\u00f8lge grunnlegger Frederic Hauge har dette fungert som interne l\u00e5n, og var ikke et problem s\u00e5 lenge l\u00e5nene ble gjort opp slik det var budsjettert. Men h\u00f8sten 2025 ble det klart for styret i Bellona at de m\u00e5tte ta grep.<\/p>\n<p class=\"_textTheme_1yhmn_1 _paragraph_172ys_4 _paragraph_qg7rf_27 layout-component layout-normal layout-padded body-medium\">I stedet for \u00e5 betale ned gjelden hadde Bellona i Norge brukt mer og mer av pengene som skulle til kontoret i Br\u00fcssel. Ved slutten av fjor\u00e5ret hadde gjelden vokst til 10 millioner kroner, if\u00f8lge Hauge og daglig leder Sveinung Rotevatn. <\/p>\n<p class=\"_textTheme_1yhmn_1 _paragraph_172ys_4 _paragraph_qg7rf_27 layout-component layout-normal layout-padded body-medium\">Gjelden fra 2025 er n\u00e5 nedbetalt, men i mellomtiden har Bellona bygget opp ny gjeld til Europa-kontoret, opplyser de.<\/p>\n<p> <img alt=\"Digitale plakater av Bellona sin Spleis-aksjon pryder blant annet Stortinget T-banestasjon.\" class=\"_image_1t4co_86 layout-component layout-normal\" data-fullscreen- data-track-element-type=\"Article image fullscreen\" data-track-name=\"ImageFullscreen\" decoding=\"async\" loading=\"lazy\" height=\"4000\" itemprop=\"image\"  src=\"https:\/\/www.europesays.com\/no\/wp-content\/uploads\/2026\/06\/1e37c79f-cea3-3118-a1f1-15220287e65e.jpeg\"  style=\"object-position:0% 0%\" width=\"3000\"\/>Digitale plakater av Bellona sin Spleis-aksjon pryder blant annet Stortinget T-banestasjon. Foto: Anders FjellbergVis mer <\/p>\n<p class=\"_textTheme_1yhmn_1 _paragraph_172ys_4 _paragraph_qg7rf_27 layout-component layout-normal layout-padded body-medium\">Dette er if\u00f8lge Hauge og Rotevatn deler av bakgrunnen for at den 40 \u00e5r gamle milj\u00f8stiftelsen st\u00e5r i fare for \u00e5 g\u00e5 konkurs. Bellona sier de trenger \u00e5tte millioner friske kroner innen f\u00f8rstkommende mandag, og har opprettet en innsamlingsaksjon. <\/p>\n<p class=\"_textTheme_1yhmn_1 _paragraph_172ys_4 _paragraph_qg7rf_27 layout-component layout-normal layout-padded body-medium\">Til n\u00e5 har de f\u00e5tt inn i overkant av tre millioner kroner fra innsamlingen og l\u00f8fter fra n\u00e6ringslivet, sier Hauge og Rotevan. <\/p>\n<p> Stor giver ble bekymret <\/p>\n<p class=\"_textTheme_1yhmn_1 _paragraph_172ys_4 _paragraph_qg7rf_27 layout-component layout-normal layout-padded body-medium\">Bellona er finansiert av private givere, myndigheter, stiftelser og n\u00e6ringslivet. Fordi Bellona i Norge skyldte penger til Europa-kontoret, og hang etter med \u00e5rets overf\u00f8ringer, ble en av deres st\u00f8rste givere bekymret for at de ikke hadde god nok kontroll p\u00e5 \u00f8konomien. <\/p>\n<p class=\"_textTheme_1yhmn_1 _paragraph_172ys_4 _paragraph_qg7rf_27 layout-component layout-normal layout-padded body-medium\">Giveren pauset derfor en donasjon p\u00e5 20 millioner kroner, sier Hauge. <\/p>\n<p class=\"_textTheme_1yhmn_1 _paragraph_172ys_4 _paragraph_qg7rf_27 layout-component layout-normal layout-padded body-medium\"><strong class=\"_strong_172ys_25\">Dette og andre forsinkede utbetalinger er if\u00f8lge Rotevatn den utl\u00f8sende \u00e5rsaken til Bellonas akutte pengekrise. <\/strong><\/p>\n<p class=\"_textTheme_1yhmn_1 _paragraph_172ys_4 _paragraph_qg7rf_27 layout-component layout-normal layout-padded body-medium\">Rotevatn forklarer til E24 at giveren, en klimastiftelse opprettet av det britiske hedgefondet Quadrature, var bekymret for om Bellona kunne oppfylle vilk\u00e5rene for tildelingsavtalen p\u00e5 grunn av den pressede \u00f8konomiske situasjonen. <\/p>\n<p class=\"_textTheme_1yhmn_1 _paragraph_172ys_4 _paragraph_qg7rf_27 layout-component layout-normal layout-padded body-medium\">Kommunikasjonssjef i Quadrature Climate Foundation (QCF), Catrin Thomas, skriver i en epost til E24 at de ikke vil kommentere saken.<\/p>\n<p class=\"_textTheme_1yhmn_1 _paragraph_172ys_4 _paragraph_qg7rf_27 layout-component layout-normal layout-padded body-medium\">If\u00f8lge QCFs nettsider ga de i 2024 to tildelinger p\u00e5 til sammen 72 millioner kroner til Bellona. Disse utbetales over tre \u00e5r, sier Rotevatn. <\/p>\n<p class=\"_textTheme_1yhmn_1 _paragraph_172ys_4 _paragraph_qg7rf_27 layout-component layout-normal layout-padded body-medium\">Deler av summen er \u00f8remerket Bellonas kontor i Br\u00fcssel og aktivitetene deres i Europa.<\/p>\n<p class=\"_textTheme_1yhmn_1 _paragraph_172ys_4 _paragraph_qg7rf_27 layout-component layout-normal layout-padded body-medium\">\u2013 N\u00e5 har de stilt sp\u00f8rsm\u00e5l ved v\u00e5r evne til \u00e5 kunne gj\u00f8re opp, sier Hauge om giveren.<\/p>\n<p> Venter p\u00e5 penger fra UD <\/p>\n<p class=\"_textTheme_1yhmn_1 _paragraph_172ys_4 _paragraph_qg7rf_27 layout-component layout-normal layout-padded body-medium\">Hauge understreker at det ikke bare var gjelden til kontoret i Br\u00fcssel som gjorde den britiske stiftelsen bekymret. Bellona kunne heller ikke vise til inntekter fra to tilskuddsordninger de vanligvis har f\u00e5tt av norske myndigheter p\u00e5 v\u00e5rparten, sier han. <\/p>\n<p class=\"_textTheme_1yhmn_1 _paragraph_172ys_4 _paragraph_qg7rf_27 layout-component layout-normal layout-padded body-medium\">Hauge sier at dette er penger Bellona har mottatt i \u00e5revis som st\u00f8tte fra myndighetene for deres arbeid i Nordomr\u00e5dene og atomsikkerhet i Russland og Ukraina.<\/p>\n<p>\u2013 Det skyldes flere forhold. Det er f\u00f8rst og fremst v\u00e5rt eget ansvar, s\u00e5 jeg vil ikke legge ansvaret over p\u00e5 myndighetene for at vi ikke har f\u00e5tt disse midlene avklart enda. <\/p>\n<p class=\"_textTheme_1yhmn_1 _paragraph_172ys_4 _paragraph_qg7rf_27 layout-component layout-normal layout-padded body-medium\">If\u00f8lge Hauge har Bellona enn\u00e5 ikke f\u00e5tt bekreftet disse bel\u00f8pene for 2026. <\/p>\n<p class=\"_textTheme_1yhmn_1 _paragraph_172ys_4 _paragraph_qg7rf_27 layout-component layout-normal layout-padded body-medium\">Det er Utenriksdepartementet som forvalter tilskuddsordningene Hauge sikter til. De beklager overfor E24 at begge ordningene er forsinket i \u00e5r. <\/p>\n<p>\u2013 Samtidig er det viktig \u00e5 understreke at ingen har krav p\u00e5 tilskuddsmidler, skriver kommunikasjonsr\u00e5dgiver i UD, Ane Haavardsdatter Lunde i en epost til E24.  <\/p>\n<p> Konkurstrussel fra Europa-kontoret <\/p>\n<p class=\"_textTheme_1yhmn_1 _paragraph_172ys_4 _paragraph_qg7rf_27 layout-component layout-normal layout-padded body-medium\">If\u00f8lge nisjeavisen <a href=\"https:\/\/www.energiogklima.no\/nyhet\/bellona-krisen-brussel-truet-oslo-med-konkurs\" class=\"_link_172ys_43\" rel=\"nofollow noopener\" target=\"_blank\">Energi og Klima<\/a> var det Bellonas kontor i Europa &#8211; en selvstendig juridisk enhet registrert i Belgia &#8211; som truet med \u00e5 sende den tradisjonsrike, norske milj\u00f8stiftelsen til skifteretten.<\/p>\n<p>Rotevatn sier til E24 at de enige om en betalingsplan som inneb\u00e6rer at Bellona i Norge skal overf\u00f8re i overkant av tre millioner kroner til Br\u00fcssel-kontoret hver m\u00e5ned resten av 2026. <\/p>\n<p>Bellonas samlede forpliktelser og gjeld til Europa-kontoret er p\u00e5 23,3 millioner kroner, skriver Energi og Klima.<\/p>\n<p class=\"_textTheme_1yhmn_1 _paragraph_172ys_4 _paragraph_qg7rf_27 layout-component layout-normal layout-padded body-medium\">Rotevatn understreker at konkursfaren per n\u00e5 ikke skyldes gjelden og forpliktelsene overfor Europa-kontoret, men at de ikke klarer \u00e5 dekke l\u00f8pende utgifter.  <\/p>\n<p class=\"_textTheme_1yhmn_1 _paragraph_172ys_4 _paragraph_qg7rf_27 layout-component layout-normal layout-padded body-medium\">Hauge og Rotevatn sier de er sikre p\u00e5 at Bellona klarer \u00e5 innfri forpliktelsene sine dersom de kommer seg gjennom krisen. De sier at Bellona venter millioninntekter i l\u00f8pet av sommeren \u2013 i tillegg til de forsinkede tilskuddene Bellona h\u00e5per \u00e5 motta fra myndighetene. <\/p>\n<p>\u2013 Hvem er det som har ansvar for at Bellona har havnet i dette uf\u00f8ret? <\/p>\n<p>\u2013 Til syvende og sist s\u00e5 er det styret som har ansvar, sier Hauge, som gikk inn som styreleder i desember i fjor. <\/p>\n<p> Flere mister jobben <\/p>\n<p class=\"_textTheme_1yhmn_1 _paragraph_172ys_4 _paragraph_qg7rf_27 layout-component layout-normal layout-padded body-medium\">B\u00e5de Hauge og Rotevatn sier at Bellona tok grep for \u00e5 redde \u00f8konomien allerede forrige h\u00f8st. De har n\u00e5 varslet internt om at seks til ni \u00e5rsverk skal kuttes, og ansatte har f\u00e5tt beskjed om at de kan bli permittert.<\/p>\n<p class=\"_textTheme_1yhmn_1 _paragraph_172ys_4 _paragraph_qg7rf_27 layout-component layout-normal layout-padded body-medium\">Overfor VG har Rotevatn tidligere fortalt at ansatte enn\u00e5 ikke har f\u00e5tt l\u00f8nn i mai.<\/p>\n<p class=\"_textTheme_1yhmn_1 _paragraph_172ys_4 _paragraph_qg7rf_27 layout-component layout-normal layout-padded body-medium\">2024-regnskapet til stiftelsen viser at de hadde 34 \u00e5rsverk. L\u00f8nnskostnadene var p\u00e5 32 millioner, opp fra 27,9 millioner \u00e5ret f\u00f8r. <\/p>\n<p class=\"_textTheme_1yhmn_1 _paragraph_172ys_4 _paragraph_qg7rf_27 layout-component layout-normal layout-padded body-medium\">Regnskapet til Bellona for 2025 ligger fortsatt hos revisor, opplyser Rotevatn. Bellona-duoen sier de n\u00e5 har 100 ansatte, hvor 38 av dem tilh\u00f8rer organisasjonen i Europa. <\/p>\n","protected":false},"excerpt":{"rendered":"I flere \u00e5r har milj\u00f8stiftelsen Bellona brukt penger de er forpliktet til \u00e5 gi videre til stiftelsens s\u00f8sterorganisasjon&hellip;\n","protected":false},"author":2,"featured_media":257693,"comment_status":"","ping_status":"","sticky":false,"template":"","format":"standard","meta":{"footnotes":"","_share_on_mastodon":"0"},"categories":[5],"tags":[10622,20,21,24,25,1792,15,19,22,23,17,18,13,30,28,29,14,16,14039,26,27],"class_list":["post-257692","post","type-post","status-publish","format-standard","has-post-thumbnail","category-overskrifter","tag-bellona","tag-breaking-news","tag-breakingnews","tag-featured-news","tag-featurednews","tag-frederic-hauge","tag-headlines","tag-hovedoppslag","tag-latest-news","tag-latestnews","tag-main-news","tag-mainnews","tag-news","tag-no","tag-norge","tag-norway","tag-nyheter","tag-overskrifter","tag-sveinung-rotevatn","tag-top-stories","tag-topstories"],"share_on_mastodon":{"url":"https:\/\/pubeurope.com\/@no\/116698027529138706","error":""},"_links":{"self":[{"href":"https:\/\/www.europesays.com\/no\/wp-json\/wp\/v2\/posts\/257692","targetHints":{"allow":["GET"]}}],"collection":[{"href":"https:\/\/www.europesays.com\/no\/wp-json\/wp\/v2\/posts"}],"about":[{"href":"https:\/\/www.europesays.com\/no\/wp-json\/wp\/v2\/types\/post"}],"author":[{"embeddable":true,"href":"https:\/\/www.europesays.com\/no\/wp-json\/wp\/v2\/users\/2"}],"replies":[{"embeddable":true,"href":"https:\/\/www.europesays.com\/no\/wp-json\/wp\/v2\/comments?post=257692"}],"version-history":[{"count":0,"href":"https:\/\/www.europesays.com\/no\/wp-json\/wp\/v2\/posts\/257692\/revisions"}],"wp:featuredmedia":[{"embeddable":true,"href":"https:\/\/www.europesays.com\/no\/wp-json\/wp\/v2\/media\/257693"}],"wp:attachment":[{"href":"https:\/\/www.europesays.com\/no\/wp-json\/wp\/v2\/media?parent=257692"}],"wp:term":[{"taxonomy":"category","embeddable":true,"href":"https:\/\/www.europesays.com\/no\/wp-json\/wp\/v2\/categories?post=257692"},{"taxonomy":"post_tag","embeddable":true,"href":"https:\/\/www.europesays.com\/no\/wp-json\/wp\/v2\/tags?post=257692"}],"curies":[{"name":"wp","href":"https:\/\/api.w.org\/{rel}","templated":true}]}}