{"id":257740,"date":"2026-06-05T15:39:21","date_gmt":"2026-06-05T15:39:21","guid":{"rendered":"https:\/\/www.europesays.com\/no\/257740\/"},"modified":"2026-06-05T15:39:21","modified_gmt":"2026-06-05T15:39:21","slug":"vikersund-modum-tre-hus-ble-evakuert-etter-kraftig-brann-3","status":"publish","type":"post","link":"https:\/\/www.europesays.com\/no\/257740\/","title":{"rendered":"Vikersund, modum | Tre hus ble evakuert etter kraftig brann"},"content":{"rendered":"\n<p><b>VIKERSUND:<\/b> N\u00f8detatene rykket torsdag kveld ut til Vikersund etter melding om en elbil som brant i en garasje. <\/p>\n<p>\u2013 Brannen utvikler seg, skrev operasjonsleder Eskil Hagen Olsen i den f\u00f8rste meldingen om hendelsen. <\/p>\n<p>Politiet ba beboere i omr\u00e5det om \u00e5 ta grep. <\/p>\n<p>\u2013 Det bes om at naboer holder vinduer og ventilasjon lukket for \u00e5 unng\u00e5 \u00e5 f\u00e5 r\u00f8yk inn i sin egen bolig, opplyste Olsen. <\/p>\n<p>   <img decoding=\"async\" width=\"4440\" height=\"3804\" fetchpriority=\"low\"  loading=\"lazy\"  src=\"https:\/\/www.europesays.com\/no\/wp-content\/uploads\/2026\/06\/22699239-40ca-4515-85cf-83a6cb5a0c99.jpeg\" alt=\"\" class=\"brick-c-cFOWSL\" style=\"--brick-image-ratio: 4440 \/ 3804;\"\/><\/p>\n<p>Klokken 18.45 meldte operasjonslederen at det var kontroll slik at det ikke ble spredning til hus. <\/p>\n<p>Brannen f\u00f8rte til at hele nabolaget en periode ble r\u00f8yklagt. <\/p>\n<p>Politiet sperret i begynnelsen av et st\u00f8rre omr\u00e5de for \u00e5 beskytte folk mot giftig r\u00f8yk. <\/p>\n<p>Tre hus ble evakuert som f\u00f8lge av brannen. Ingen personer ble skadd. <\/p>\n<p>Klokken 19.09 opplyser politiet at brannvesenet driver med etterslukking. <\/p>\n<p>\u2013 \u00c5rsaken til brannen er ikke kjent pr. n\u00e5. Brannen blir etterforsket, sier operasjonsleder Eskil Hagen Olsen. <\/p>\n","protected":false},"excerpt":{"rendered":"VIKERSUND: N\u00f8detatene rykket torsdag kveld ut til Vikersund etter melding om en elbil som brant i en garasje.&hellip;\n","protected":false},"author":2,"featured_media":256905,"comment_status":"","ping_status":"","sticky":false,"template":"","format":"standard","meta":{"footnotes":"","_share_on_mastodon":"0"},"categories":[12],"tags":[36,20,21,24,25,15,22,23,6087,13,30,28,29,14,16,1510,26,27,42,8908,43,44,45],"class_list":["post-257740","post","type-post","status-publish","format-standard","has-post-thumbnail","category-verden","tag-art","tag-breaking-news","tag-breakingnews","tag-featured-news","tag-featurednews","tag-headlines","tag-latest-news","tag-latestnews","tag-modum","tag-news","tag-no","tag-norge","tag-norway","tag-nyheter","tag-overskrifter","tag-story","tag-top-stories","tag-topstories","tag-verden","tag-vikersund","tag-world","tag-world-news","tag-worldnews"],"share_on_mastodon":{"url":"https:\/\/pubeurope.com\/@no\/116698256042692844","error":""},"_links":{"self":[{"href":"https:\/\/www.europesays.com\/no\/wp-json\/wp\/v2\/posts\/257740","targetHints":{"allow":["GET"]}}],"collection":[{"href":"https:\/\/www.europesays.com\/no\/wp-json\/wp\/v2\/posts"}],"about":[{"href":"https:\/\/www.europesays.com\/no\/wp-json\/wp\/v2\/types\/post"}],"author":[{"embeddable":true,"href":"https:\/\/www.europesays.com\/no\/wp-json\/wp\/v2\/users\/2"}],"replies":[{"embeddable":true,"href":"https:\/\/www.europesays.com\/no\/wp-json\/wp\/v2\/comments?post=257740"}],"version-history":[{"count":0,"href":"https:\/\/www.europesays.com\/no\/wp-json\/wp\/v2\/posts\/257740\/revisions"}],"wp:featuredmedia":[{"embeddable":true,"href":"https:\/\/www.europesays.com\/no\/wp-json\/wp\/v2\/media\/256905"}],"wp:attachment":[{"href":"https:\/\/www.europesays.com\/no\/wp-json\/wp\/v2\/media?parent=257740"}],"wp:term":[{"taxonomy":"category","embeddable":true,"href":"https:\/\/www.europesays.com\/no\/wp-json\/wp\/v2\/categories?post=257740"},{"taxonomy":"post_tag","embeddable":true,"href":"https:\/\/www.europesays.com\/no\/wp-json\/wp\/v2\/tags?post=257740"}],"curies":[{"name":"wp","href":"https:\/\/api.w.org\/{rel}","templated":true}]}}