{"id":258072,"date":"2026-06-06T03:01:13","date_gmt":"2026-06-06T03:01:13","guid":{"rendered":"https:\/\/www.europesays.com\/no\/258072\/"},"modified":"2026-06-06T03:01:13","modified_gmt":"2026-06-06T03:01:13","slug":"to-personer-hentet-av-luftambulanse-etter-utforkjoring-ved-roros","status":"publish","type":"post","link":"https:\/\/www.europesays.com\/no\/258072\/","title":{"rendered":"To personer hentet av luftambulanse etter utforkj\u00f8ring ved R\u00f8ros"},"content":{"rendered":"\n<p class=\"_lead_145nj_2 _lead_6fko5_53 layout-component text-serif-m layout-normal text-serif-l layout-component layout-wide layout-padded _wide_17hqh_1 layout-padded\">To personer som satt fastklemt i kj\u00f8ret\u00f8yet etter en utforkj\u00f8ring ved Havsj\u00f8en rett s\u00f8r for R\u00f8ros, er fraktet til sykehus med luftambulanse.<\/p>\n<ul aria-hidden=\"true\" class=\"_images_ntbth_112\">\n<li><a class=\"_link_ntbth_117\" href=\"https:\/\/www.vg.no\/forfatter\/ntb\" style=\"z-index:1\" title=\"NTB\" rel=\"nofollow noopener\" target=\"_blank\"><img alt=\"Bilde av NTB\" class=\"_image_ntbth_93\" fetchpriority=\"low\" loading=\"lazy\" decoding=\"async\" itemprop=\"image\"  src=\"https:\/\/www.europesays.com\/no\/wp-content\/uploads\/2026\/06\/1780714871_282_c33980b0-5d07-4027-84a1-813f90a7c8d6.jpeg\"  width=\"480\"\/><\/a><\/li>\n<\/ul>\n<p> Oppdatert l\u00f8rdag 6. juni kl. 04:06     <\/p>\n<p class=\"_paragraph_145nj_4 _paragraph_6fko5_10 layout-component text-serif-m layout-normal text-serif-m layout-padded\">I alt tre personer satt i bilen som kj\u00f8rte av veien p\u00e5 fylkesvei 31 ved Havsj\u00f8en i <a href=\"https:\/\/www.vg.no\/tag\/roeros?utm_source=vg-article&amp;utm_medium=auto-tagger&amp;utm_campaign=Okj38q\" class=\"_link_145nj_39\" rel=\"nofollow noopener\" target=\"_blank\">R\u00f8ros<\/a> kommune. Politiet meldte om ulykken like f\u00f8r klokken 3 natt til l\u00f8rdag \u2013 og det ble raskt formidlet at ulykken framsto som alvorlig.<\/p>\n<p class=\"_paragraph_145nj_4 _paragraph_6fko5_10 layout-component text-serif-m layout-normal text-serif-m layout-padded\">\u2013 En person er ute av kj\u00f8ret\u00f8yet og f\u00e5r behandling av ambulanse p\u00e5 stedet. To personer sitter fortsatt fastklemt inne i kj\u00f8ret\u00f8yet, skrev operasjonsleder Einar R\u00f8stum i Tr\u00f8ndelag politidistrikt i politiloggen klokken 3.38.<\/p>\n<p class=\"_paragraph_145nj_4 _paragraph_6fko5_10 layout-component text-serif-m layout-normal text-serif-m layout-padded\">Rundt ti minutter senere var de to som satt fastklemt frigjort og ble fl\u00f8yet med luftambulanse til sykehus.<\/p>\n<p class=\"_paragraph_145nj_4 _paragraph_6fko5_10 layout-component text-serif-m layout-normal text-serif-m layout-padded\">\u00c5rsaken til ulykken er ikke kjent.<\/p>\n<p>    <img decoding=\"async\" alt=\"Tips oss illustrasjon\" src=\"https:\/\/www.europesays.com\/no\/wp-content\/uploads\/2026\/06\/1780686495_33_pssst-small.webp\"\/>    <\/p>\n<p class=\"title-serif-s\">Har du tips?<\/p>\n<p class=\"text-sans-m\">Send oss informasjon, bilder eller video.<\/p>\n<p>  <a href=\"https:\/\/www.vg.no\/tips-oss\" rel=\"nofollow noopener\" target=\"_blank\"> Tips oss <\/a>      <\/p>\n","protected":false},"excerpt":{"rendered":"To personer som satt fastklemt i kj\u00f8ret\u00f8yet etter en utforkj\u00f8ring ved Havsj\u00f8en rett s\u00f8r for R\u00f8ros, er fraktet&hellip;\n","protected":false},"author":2,"featured_media":258073,"comment_status":"","ping_status":"","sticky":false,"template":"","format":"standard","meta":{"footnotes":"","_share_on_mastodon":"0"},"categories":[10],"tags":[20,21,24,25,15,22,23,13,30,28,29,14,16,3847,26,27,51],"class_list":["post-258072","post","type-post","status-publish","format-standard","has-post-thumbnail","category-norge","tag-breaking-news","tag-breakingnews","tag-featured-news","tag-featurednews","tag-headlines","tag-latest-news","tag-latestnews","tag-news","tag-no","tag-norge","tag-norway","tag-nyheter","tag-overskrifter","tag-roros","tag-top-stories","tag-topstories","tag-ulykke"],"share_on_mastodon":{"url":"https:\/\/pubeurope.com\/@no\/116700937619884317","error":""},"_links":{"self":[{"href":"https:\/\/www.europesays.com\/no\/wp-json\/wp\/v2\/posts\/258072","targetHints":{"allow":["GET"]}}],"collection":[{"href":"https:\/\/www.europesays.com\/no\/wp-json\/wp\/v2\/posts"}],"about":[{"href":"https:\/\/www.europesays.com\/no\/wp-json\/wp\/v2\/types\/post"}],"author":[{"embeddable":true,"href":"https:\/\/www.europesays.com\/no\/wp-json\/wp\/v2\/users\/2"}],"replies":[{"embeddable":true,"href":"https:\/\/www.europesays.com\/no\/wp-json\/wp\/v2\/comments?post=258072"}],"version-history":[{"count":0,"href":"https:\/\/www.europesays.com\/no\/wp-json\/wp\/v2\/posts\/258072\/revisions"}],"wp:featuredmedia":[{"embeddable":true,"href":"https:\/\/www.europesays.com\/no\/wp-json\/wp\/v2\/media\/258073"}],"wp:attachment":[{"href":"https:\/\/www.europesays.com\/no\/wp-json\/wp\/v2\/media?parent=258072"}],"wp:term":[{"taxonomy":"category","embeddable":true,"href":"https:\/\/www.europesays.com\/no\/wp-json\/wp\/v2\/categories?post=258072"},{"taxonomy":"post_tag","embeddable":true,"href":"https:\/\/www.europesays.com\/no\/wp-json\/wp\/v2\/tags?post=258072"}],"curies":[{"name":"wp","href":"https:\/\/api.w.org\/{rel}","templated":true}]}}