{"id":25811,"date":"2025-09-03T11:38:09","date_gmt":"2025-09-03T11:38:09","guid":{"rendered":"https:\/\/www.europesays.com\/no\/25811\/"},"modified":"2025-09-03T11:38:09","modified_gmt":"2025-09-03T11:38:09","slug":"lerkendal-age-aleksandersen-lover-flere-overraskelser-det-her-er-det-bare-age-som-far-til","status":"publish","type":"post","link":"https:\/\/www.europesays.com\/no\/25811\/","title":{"rendered":"Lerkendal, \u00c5ge Aleksandersen | Lover flere overraskelser: \u2013 Det her er det bare \u00c5ge som f\u00e5r til"},"content":{"rendered":"\n<p>Allerede i forrige uke kunne Nidaros dokumentere at gresset p\u00e5 Lerkendal var i ferd med \u00e5 forsvinne.<\/p>\n<p>Tirsdag morgen har fotballstadion blitt forvandlet til et stort konsertomr\u00e5de.<\/p>\n<p>Midt p\u00e5 banen, st\u00e5r en gigantisk scene hvor \u00c5ge Aleksandersen og Sambandet skal spille sin siste konsert l\u00f8rdag.<\/p>\n<p>   <img decoding=\"async\" width=\"6016\" height=\"4016\" fetchpriority=\"low\"  loading=\"lazy\"  src=\"https:\/\/www.europesays.com\/no\/wp-content\/uploads\/2025\/09\/NID_9482.JPG\" alt=\"\" class=\"brick-c-cFOWSL\" style=\"--brick-image-ratio: 6016 \/ 4016;\"\/><\/p>\n<p>    Scenen var det sist Robbie Williams som spilte p\u00e5. N\u00e5 er det \u00c5ge sin tur. <\/p>\n<p>Til tross for at den fysiske jobben kun startet for litt over en uke siden, kan Stein Vanebo i Trondheim Stage fortelle at jobben startet allerede i november 2023.<\/p>\n<p>\u2013 Jobben har v\u00e6rt i hodet v\u00e5rt siden den gang. Det har v\u00e6rt utallige befaringer og mye planlegging. Heldigvis har vi et par stykker som var med for 20 \u00e5r siden.<\/p>\n<p>Da billettene ble lansert i januar 2024, hadde arrang\u00f8rene ikke dr\u00f8mt om den p\u00e5gangen som faktisk kom. Det ble f\u00f8rst diskutert at konsertene skulle v\u00e6re p\u00e5 Sverresborg, men s\u00e5 bestemte de seg for \u00e5 ta en sjanse p\u00e5 Lerkendal.<\/p>\n<p>\u2013 \u00c5 bestemme seg for \u00e5 flytte konserten fra Sverresborg til Lerkendal: Det er som \u00e5 g\u00e5 fra liten bakke til veldig stor bakke, men s\u00e5 snakket vi med Arne Svare i Stageway, som jobber med turneen til \u00c5ge og Sambandet. Han ga tydelig beskjed at vi gj\u00f8r det p\u00e5 Lerkendal.<\/p>\n<p>   <img decoding=\"async\" width=\"6016\" height=\"4016\" fetchpriority=\"low\"  loading=\"lazy\"  src=\"https:\/\/www.europesays.com\/no\/wp-content\/uploads\/2025\/09\/NID_9474.JPG\" alt=\"\" class=\"brick-c-cFOWSL\" style=\"--brick-image-ratio: 6016 \/ 4016;\"\/><\/p>\n<p>    Det er satt opp barer ute p\u00e5 banen for konserten. Alt begynner \u00e5 komme p\u00e5 plass f\u00f8r de store konsertene.<br \/>\n    Foto: Ida Sofie Skinlo S\u00e6ter\n  <\/p>\n<p>  &#8211; Det var skummelt<\/p>\n<p>Da billettene kom ut, forteller Vanebo at han krysset det han hadde av fingre og t\u00e6r for at det skulle g\u00e5.<\/p>\n<p>\u2013 Det var skummelt for det er snakk om mye mer enn \u00f8konomi, men s\u00e5 ble det utsolgt p\u00e5 noen sekunder. Vi s\u00e5 hvor mange som sto i billettk\u00f8en og det var langt flere enn vi hadde billetter tilgjengelig, mimrer Vanebo tilbake.<\/p>\n<p>\u2013 Det var utsolgt p\u00e5 null komma niks.<\/p>\n<p>Alle partene tok derfor et m\u00f8te: Banen er tilgjengelig p\u00e5 fredag. Kan \u00c5ge spille to dager p\u00e5 rad?<\/p>\n<p>\u2013 Han spiller ikke 90 minutters konserter. Han spiller ofte i tre timer. Tre timer to dager p\u00e5 rad. Vi tar sjansen.<\/p>\n<p>S\u00e5 skjer akkurat det samme igjen: Billettene rives unna og det er faktisk enda flere i k\u00f8en enn f\u00f8rste gang.<\/p>\n<p>\u2013 F\u00f8rst mistenkte vi at det kunne skjedd noe feil, men s\u00e5 g\u00e5r det kun noen minutter og vi er utsolgt igjen.<\/p>\n<p>Etter det hadde de d\u00e5rlig tid med \u00e5 bestemme seg: Skulle de pr\u00f8ve en dag til? <\/p>\n<p>\u2013 \u00c5ge m\u00e5tte nok g\u00e5 noen runder med seg selv f\u00f8r han bestemte seg. Til slutt landet vi p\u00e5 at hvis den siste konserten ikke blir utsolgt, s\u00e5 er det jo artig likevel og da f\u00e5r jo de fleste billetter, forklarer Vanebo.<\/p>\n<p>Men da billettene ble lansert og solgte ut umiddelbart, var det fortsatt 32 000 mennesker i k\u00f8.<\/p>\n<p>\u2013 Hvor mange billetter vi faktisk kunne solgt, f\u00e5r vi aldri vite.<\/p>\n<p>   <img decoding=\"async\" width=\"6016\" height=\"4016\" fetchpriority=\"low\"  loading=\"lazy\"  src=\"https:\/\/www.europesays.com\/no\/wp-content\/uploads\/2025\/09\/NID_9499.JPG\" alt=\"\" class=\"brick-c-cFOWSL\" style=\"--brick-image-ratio: 6016 \/ 4016;\"\/><\/p>\n<p>    Stein Vanebo ser utover arenaen. Om kun noen f\u00e5 dager, skal 25.000 mennesker m\u00f8te opp her.<br \/>\n    Foto: Ida Sofie Skinlo S\u00e6ter\n  <\/p>\n<p>  &#8211; Beste r\u00e5det jeg kan gi<\/p>\n<p>Vanebo har jobbet i Trondheim Stage siden 2018 og i bransjen siden 1987. Han forteller at han aldri har sett en slik p\u00e5gang for en norsk artist. Han tviler ogs\u00e5 p\u00e5 at det kommer til \u00e5 skje igjen.<\/p>\n<p>\u2013 Det her er det bare \u00c5ge som f\u00e5r til. Det handler om han, sangene hans og hvor lojal han har v\u00e6rt mot publikum. Han har reist, reist og reist rundt hele Norge. Konserten tror jeg blir personlig mellom \u00c5ge og hver enkel som st\u00e5r i publikum. Egentlig s\u00e5 er det litt sterkt \u00e5 snakke om det, sier en preget Vanebo til Nidaros.<\/p>\n<p>Det er tre innganger inn til arenaen. Vanebo er tydelig klar p\u00e5 at publikum b\u00f8r m\u00f8te opp i god tid.<\/p>\n<p>\u2013 Det er det beste r\u00e5det jeg kan gi. D\u00f8rene \u00e5pner 16.30 og det blir musikk rett etter klokken 17.00. Det jeg ogs\u00e5 kan nevne er at \u00c5ge har med seg noen flotte artister, som ingen f\u00e5r vite hvem er enda, sier Vanebo som legger til at publikum har mange overraskelser i vente.<\/p>\n<p>\u2013 Kan du utdype noe mer om disse overraskelsene? <\/p>\n<p>\u2013 Jeg har lyst, men jeg har ikke lov. Da f\u00e5r jeg nok en telefon etterp\u00e5, sier Vanebo og flirer.<\/p>\n<p>\u2013 Skj\u00f8nner, men det er kanskje lov \u00e5 si noe om hva publikum kan forvente seg? <\/p>\n<p>\u2013 De kan forvente seg de sangene som man alltid forventer seg. Jeg kan ogs\u00e5 love et par overraskelser, som jeg tror de vil sette veldig pris p\u00e5 og noen musikale vrier, men disse kan jeg ikke si noe mer om, sier en hemmelighetsfull Vanebo.<\/p>\n<p>   <img decoding=\"async\" width=\"3172\" height=\"2921\" fetchpriority=\"low\"  loading=\"lazy\"  src=\"https:\/\/www.europesays.com\/no\/wp-content\/uploads\/2025\/09\/Arenakart+Blank.jpeg\" alt=\"\" class=\"brick-c-cFOWSL\" style=\"--brick-image-ratio: 3172 \/ 2921;\"\/><\/p>\n<p>    Arenaen har tre innganger. P\u00e5 billetten skal det sto hvilken inngang man skal bruke.<br \/>\n    Foto: Trondheim Stage\n  <\/p>\n<p>  Ber publikum g\u00e5<\/p>\n<p>Et annet klart r\u00e5d fra Vanebo er \u00e5 sette bilen igjen hjemme.<\/p>\n<p>\u2013 G\u00e5 fra byen eller ta en buss som stopper i n\u00e6rheten, r\u00e5der Vanebo.<\/p>\n<p>If\u00f8lge meteorologen kan det bli en v\u00e5t opplevelse p\u00e5 Lerkendal, b\u00e5de torsdag og fredag.<\/p>\n<p>\u2013 Det er ikke lov \u00e5 ha med paraply, men ha p\u00e5 deg gode og tette kl\u00e6r. V\u00e6ret blir jo en del av opplevelsen.<\/p>\n","protected":false},"excerpt":{"rendered":"Allerede i forrige uke kunne Nidaros dokumentere at gresset p\u00e5 Lerkendal var i ferd med \u00e5 forsvinne. Tirsdag&hellip;\n","protected":false},"author":2,"featured_media":25812,"comment_status":"","ping_status":"","sticky":false,"template":"","format":"standard","meta":{"footnotes":""},"categories":[58],"tags":[2061,4132,36,71,316,62,30,28,29,4131,1510,72],"class_list":{"0":"post-25811","1":"post","2":"type-post","3":"status-publish","4":"format-standard","5":"has-post-thumbnail","7":"category-underholdning","8":"tag-age-aleksandersen","9":"tag-age-aleksandersen-og-sambandet","10":"tag-art","11":"tag-entertainment","12":"tag-lerkendal","13":"tag-naeringsliv","14":"tag-no","15":"tag-norge","16":"tag-norway","17":"tag-oya-og-lerkendal","18":"tag-story","19":"tag-underholdning"},"share_on_mastodon":{"url":"","error":""},"_links":{"self":[{"href":"https:\/\/www.europesays.com\/no\/wp-json\/wp\/v2\/posts\/25811","targetHints":{"allow":["GET"]}}],"collection":[{"href":"https:\/\/www.europesays.com\/no\/wp-json\/wp\/v2\/posts"}],"about":[{"href":"https:\/\/www.europesays.com\/no\/wp-json\/wp\/v2\/types\/post"}],"author":[{"embeddable":true,"href":"https:\/\/www.europesays.com\/no\/wp-json\/wp\/v2\/users\/2"}],"replies":[{"embeddable":true,"href":"https:\/\/www.europesays.com\/no\/wp-json\/wp\/v2\/comments?post=25811"}],"version-history":[{"count":0,"href":"https:\/\/www.europesays.com\/no\/wp-json\/wp\/v2\/posts\/25811\/revisions"}],"wp:featuredmedia":[{"embeddable":true,"href":"https:\/\/www.europesays.com\/no\/wp-json\/wp\/v2\/media\/25812"}],"wp:attachment":[{"href":"https:\/\/www.europesays.com\/no\/wp-json\/wp\/v2\/media?parent=25811"}],"wp:term":[{"taxonomy":"category","embeddable":true,"href":"https:\/\/www.europesays.com\/no\/wp-json\/wp\/v2\/categories?post=25811"},{"taxonomy":"post_tag","embeddable":true,"href":"https:\/\/www.europesays.com\/no\/wp-json\/wp\/v2\/tags?post=25811"}],"curies":[{"name":"wp","href":"https:\/\/api.w.org\/{rel}","templated":true}]}}