{"id":25821,"date":"2025-09-03T11:51:13","date_gmt":"2025-09-03T11:51:13","guid":{"rendered":"https:\/\/www.europesays.com\/no\/25821\/"},"modified":"2025-09-03T11:51:13","modified_gmt":"2025-09-03T11:51:13","slug":"til-podkast-utelukker-ikke-dobbeltsalg-det-er-absolutt-aktuelt","status":"publish","type":"post","link":"https:\/\/www.europesays.com\/no\/25821\/","title":{"rendered":"TIL, Podkast | Utelukker ikke dobbeltsalg: \u2013 Det er absolutt aktuelt"},"content":{"rendered":"\n<p>Det er mer eller mindre de ordene som faller ut av munnen til TILs sportssjef Lars Petter Kr\u00e6mer-Andressen, som er gjest i studio dagen etter det norske overgangsvinduet stengte for denne gangen.<\/p>\n<p><b>Her kan du h\u00f8re episode 217 av v\u00e5r fotballpodkast FireFireBlod, med TIL-sportssjefen som gjest:<\/b><\/p>\n<p>Avsl\u00f8rer nye TIL-bes\u00f8k i h\u00f8st<\/p>\n<p>TIL handlet ikke tirsdag, men beholdt samtidig attraktive spillere som Tobias Guddal, Sedi Kinteh og Jens Hjert\u00f8-Dahl.<\/p>\n<p>At to av dem, for eksempel de to midtstopperne, kan ryke ut samtidig n\u00e5r neste vindu \u00e5pner, er if\u00f8lge sportssjefen slett ikke utenkelig.<\/p>\n<p>\u2013 Det er absolutt aktuelt, svarer han p\u00e5 det.<\/p>\n<p><b>Ellers f\u00e5r du litt om dette i den ferske podkastepisoden:<\/b><\/p>\n<ul>\n<li>Oppsummering og terningkast p\u00e5 sommervinduet<\/li>\n<li>Sira Hansens nei skremmer ikke TIL<\/li>\n<li>Spillermakt i moderne fotball<\/li>\n<li>Kaos hos TILs neste motstander<\/li>\n<li>Bekrefter Guddal-henvendelse fra utlandet<\/li>\n<li>Egne Glimt-priser<\/li>\n<li>Kan TIL n\u00e5 selge rett til en topp fem-liga i Europa?<\/li>\n<li>Flere nye p\u00e5 vei inn p\u00e5 TIL-trening<\/li>\n<li>Kintehs karantene og Kenya-ferd<\/li>\n<\/ul>\n<p>Finn og f\u00f8lg podkasten<\/p>\n<p>Alle v\u00e5re 217 episoder av FireFireBlod (tidligere kjent som JoMos Kosmos) er tilgjengelige og lette \u00e5 s\u00f8ke opp b\u00e5de p\u00e5 Spotify, Apple Podcasts (iTunes) og Omny.<\/p>\n<p><b><a href=\"https:\/\/bsky.app\/profile\/firefireblod.bsky.social\" rel=\"Follow nofollow noopener\" target=\"_blank\">F\u00f8lg FireFireBlod p\u00e5 BlueSky<\/a>.<\/b><\/p>\n<p><b><a href=\"https:\/\/x.com\/FireFireBlod\" rel=\"Follow nofollow\">F\u00f8lg FireFireBlod p\u00e5 X<\/a>.<\/b><\/p>\n<p><b><a href=\"https:\/\/www.instagram.com\/firefireblod\/\" rel=\"Follow nofollow noopener\" target=\"_blank\">F\u00f8lg FireFireBlod p\u00e5 Instagram<\/a>.<\/b><\/p>\n<p><script async src=\"\/\/www.instagram.com\/embed.js\"><\/script><\/p>\n","protected":false},"excerpt":{"rendered":"Det er mer eller mindre de ordene som faller ut av munnen til TILs sportssjef Lars Petter Kr\u00e6mer-Andressen,&hellip;\n","protected":false},"author":2,"featured_media":25822,"comment_status":"","ping_status":"","sticky":false,"template":"","format":"standard","meta":{"footnotes":""},"categories":[59],"tags":[36,134,1271,92,4134,30,28,29,3978,1270,83,82,1510,471],"class_list":{"0":"post-25821","1":"post","2":"type-post","3":"status-publish","4":"format-standard","5":"has-post-thumbnail","7":"category-sport","8":"tag-art","9":"tag-eliteserien","10":"tag-firefireblod","11":"tag-fotball","12":"tag-lars-petter-kraemer-andressen","13":"tag-no","14":"tag-norge","15":"tag-norway","16":"tag-overgangsvindu","17":"tag-podkast","18":"tag-sport","19":"tag-sports","20":"tag-story","21":"tag-til"},"share_on_mastodon":{"url":"","error":""},"_links":{"self":[{"href":"https:\/\/www.europesays.com\/no\/wp-json\/wp\/v2\/posts\/25821","targetHints":{"allow":["GET"]}}],"collection":[{"href":"https:\/\/www.europesays.com\/no\/wp-json\/wp\/v2\/posts"}],"about":[{"href":"https:\/\/www.europesays.com\/no\/wp-json\/wp\/v2\/types\/post"}],"author":[{"embeddable":true,"href":"https:\/\/www.europesays.com\/no\/wp-json\/wp\/v2\/users\/2"}],"replies":[{"embeddable":true,"href":"https:\/\/www.europesays.com\/no\/wp-json\/wp\/v2\/comments?post=25821"}],"version-history":[{"count":0,"href":"https:\/\/www.europesays.com\/no\/wp-json\/wp\/v2\/posts\/25821\/revisions"}],"wp:featuredmedia":[{"embeddable":true,"href":"https:\/\/www.europesays.com\/no\/wp-json\/wp\/v2\/media\/25822"}],"wp:attachment":[{"href":"https:\/\/www.europesays.com\/no\/wp-json\/wp\/v2\/media?parent=25821"}],"wp:term":[{"taxonomy":"category","embeddable":true,"href":"https:\/\/www.europesays.com\/no\/wp-json\/wp\/v2\/categories?post=25821"},{"taxonomy":"post_tag","embeddable":true,"href":"https:\/\/www.europesays.com\/no\/wp-json\/wp\/v2\/tags?post=25821"}],"curies":[{"name":"wp","href":"https:\/\/api.w.org\/{rel}","templated":true}]}}