{"id":25842,"date":"2025-09-03T12:08:37","date_gmt":"2025-09-03T12:08:37","guid":{"rendered":"https:\/\/www.europesays.com\/no\/25842\/"},"modified":"2025-09-03T12:08:37","modified_gmt":"2025-09-03T12:08:37","slug":"tide-trafikk-leddbuss-fikk-problemer-pa-arstad","status":"publish","type":"post","link":"https:\/\/www.europesays.com\/no\/25842\/","title":{"rendered":"Tide, Trafikk | Leddbuss fikk problemer p\u00e5 \u00c5rstad"},"content":{"rendered":"\n<p>Vegtrafikksentralen fikk onsdag melding om en leddbuss med stans i krysset mellom Ibsens gate og Hunstadsvingen p\u00e5 \u00c5rstad.<\/p>\n<p>\u2013 Tide har bestilt bilberger og politiet er informert, sa trafikkoperat\u00f8r Stian Hodnekvam innledningsvis.<\/p>\n<p>Regionsjef i Tide, Anita Dalst\u00f8, sier at det oppsto en mekanisk feil p\u00e5 bussen, som var i rute p\u00e5 linje 5.<\/p>\n<p>\u2013 Vi ser at trafikken, inkludert andre busser, kommer seg forbi. Det ser ut til \u00e5 g\u00e5 fint, men bussen m\u00e5 taues inn, sier Dalst\u00f8 til BA.<\/p>\n<p>Klokken 1240 opplyser Hodnekvam at leddbussen er tauet ut av veien.<\/p>\n<p>Skyss melder om forsinkelser p\u00e5 linjene 4, 20 og 27 etter at Hundstadsvingen var delvis sperret.<\/p>\n<p>Les mer om: artikkelemnene<\/p>\n","protected":false},"excerpt":{"rendered":"Vegtrafikksentralen fikk onsdag melding om en leddbuss med stans i krysset mellom Ibsens gate og Hunstadsvingen p\u00e5 \u00c5rstad.&hellip;\n","protected":false},"author":2,"featured_media":25843,"comment_status":"","ping_status":"","sticky":false,"template":"","format":"standard","meta":{"footnotes":""},"categories":[56],"tags":[36,60,61,62,30,28,29,14,1510,4137,224],"class_list":{"0":"post-25842","1":"post","2":"type-post","3":"status-publish","4":"format-standard","5":"has-post-thumbnail","7":"category-naeringsliv","8":"tag-art","9":"tag-business","10":"tag-economy","11":"tag-naeringsliv","12":"tag-no","13":"tag-norge","14":"tag-norway","15":"tag-nyheter","16":"tag-story","17":"tag-tide","18":"tag-trafikk"},"share_on_mastodon":{"url":"","error":""},"_links":{"self":[{"href":"https:\/\/www.europesays.com\/no\/wp-json\/wp\/v2\/posts\/25842","targetHints":{"allow":["GET"]}}],"collection":[{"href":"https:\/\/www.europesays.com\/no\/wp-json\/wp\/v2\/posts"}],"about":[{"href":"https:\/\/www.europesays.com\/no\/wp-json\/wp\/v2\/types\/post"}],"author":[{"embeddable":true,"href":"https:\/\/www.europesays.com\/no\/wp-json\/wp\/v2\/users\/2"}],"replies":[{"embeddable":true,"href":"https:\/\/www.europesays.com\/no\/wp-json\/wp\/v2\/comments?post=25842"}],"version-history":[{"count":0,"href":"https:\/\/www.europesays.com\/no\/wp-json\/wp\/v2\/posts\/25842\/revisions"}],"wp:featuredmedia":[{"embeddable":true,"href":"https:\/\/www.europesays.com\/no\/wp-json\/wp\/v2\/media\/25843"}],"wp:attachment":[{"href":"https:\/\/www.europesays.com\/no\/wp-json\/wp\/v2\/media?parent=25842"}],"wp:term":[{"taxonomy":"category","embeddable":true,"href":"https:\/\/www.europesays.com\/no\/wp-json\/wp\/v2\/categories?post=25842"},{"taxonomy":"post_tag","embeddable":true,"href":"https:\/\/www.europesays.com\/no\/wp-json\/wp\/v2\/tags?post=25842"}],"curies":[{"name":"wp","href":"https:\/\/api.w.org\/{rel}","templated":true}]}}