{"id":258574,"date":"2026-06-06T16:24:46","date_gmt":"2026-06-06T16:24:46","guid":{"rendered":"https:\/\/www.europesays.com\/no\/258574\/"},"modified":"2026-06-06T16:24:46","modified_gmt":"2026-06-06T16:24:46","slug":"peter-phillips-gifter-seg-kongelige-gjester-og-fravaer-av-prins-harry","status":"publish","type":"post","link":"https:\/\/www.europesays.com\/no\/258574\/","title":{"rendered":"Peter Phillips gifter seg: Kongelige gjester og frav\u00e6r av prins Harry"},"content":{"rendered":"<p class=\"kicker \" style=\"\">Peter Phillips gifter seg:<\/p>\n<p>    Tidligere prins Andrews d\u00f8tre har skydd offentligheten siden han ble p\u00e5grepet i februar.<\/p>\n<p>\n    VISER SEG: Prinsesse Eugenie og Beatrice har holdt lav profil s\u00e5 langt i \u00e5r. Foto: Victoria Jones \/ Shutterstock \/ NTB\n  <\/p>\n<p>L\u00f8rdag giftet britiske Peter Phillips (48) seg med sin Harriet Sperling (45), i et storsl\u00e5tt bryllup i All Saints kirke i Kemble, en liten landsby i Gloucestershire i England.<\/p>\n<p>    <a itemprop=\"url\" href=\"https:\/\/www.seher.no\/kongelig\/nye-bilder-vekker-oppsikt\/84727366\" rel=\"nofollow noopener\" target=\"_blank\"><\/p>\n<p>        <img loading=\"lazy\" decoding=\"async\" src=\"https:\/\/www.europesays.com\/no\/wp-content\/uploads\/2026\/06\/84727463.webp\" width=\"980\" height=\"441\" alt=\"\" class=\"lazyload\" style=\"--aspect-ratio-image: 2.22; \"\/><\/p>\n<p>        Nye bilder vekker oppsikt<\/p>\n<p>    <\/a><\/p>\n<p>Phillips er s\u00f8nnen til prinsesse Anne (75), og dermed nev\u00f8en til kong Charles (77) &#8211; og det f\u00f8rte til at en rekke rojale gjester var selvskrevne for anledningen.<\/p>\n<p>        <img loading=\"lazy\" decoding=\"async\" src=\"https:\/\/www.europesays.com\/no\/wp-content\/uploads\/2026\/06\/84727781.webp\" width=\"667\" height=\"587\" alt=\"\" class=\"\" style=\"--aspect-ratio-image: 1.14; \"\/><\/p>\n<p>\n        LYKKELIGE: Peter Phillips og Harriet Sperling var i str\u00e5lende hum\u00f8r etter vielsen. Foto: Victoria Jones \/ Shutterstock \/ NTB\n    <\/p>\n<p>        <img loading=\"lazy\" decoding=\"async\" src=\"https:\/\/www.europesays.com\/no\/wp-content\/uploads\/2026\/06\/84727993.webp\" width=\"667\" height=\"561\" alt=\"\" class=\"\" style=\"--aspect-ratio-image: 1.19; \"\/><\/p>\n<p>\n        NYGIFT: Peter og hans kj\u00e6re Harriet er endelig gift. Foto: Ben Birchall \/ Pa Photos \/ NTB\n    <\/p>\n<p>        <img loading=\"lazy\" decoding=\"async\" src=\"https:\/\/www.europesays.com\/no\/wp-content\/uploads\/2026\/06\/84727995.webp\" width=\"667\" height=\"567\" alt=\"\" class=\"\" style=\"--aspect-ratio-image: 1.18; \"\/><\/p>\n<p>\n        REGN: Peter passet p\u00e5 \u00e5 holde paraplyen slik at kona ikke ble v\u00e5t av regnet. Foto: Ben Birchall \/ PA via AP \/ NTB\n    <\/p>\n<p>        <img loading=\"lazy\" decoding=\"async\" src=\"https:\/\/www.europesays.com\/no\/wp-content\/uploads\/2026\/06\/84727997.webp\" width=\"667\" height=\"587\" alt=\"\" class=\"\" style=\"--aspect-ratio-image: 1.14; \"\/><\/p>\n<p>\n        STOR DAG: Det nygifte ekteparet smilte stort til fotografene idet de ble kj\u00f8rt vekk etter vielsen. Foto: Ben Birchall \/ Pa Photos \/ NTB\n    <\/p>\n<p>Blant de oppm\u00f8tte er prinsesse Eugenie (36) og prinsesse Beatrice (37), d\u00f8trene til tidligere prins Andrew (66).\u00a0<\/p>\n<p>        <img loading=\"lazy\" decoding=\"async\" src=\"https:\/\/www.europesays.com\/no\/wp-content\/uploads\/2026\/06\/84728000.webp\" width=\"667\" height=\"701\" alt=\"\" class=\"\" style=\"--aspect-ratio-image: 0.95; \"\/><\/p>\n<p>\n        KOM SAMMEN: Prinsesse Beatrice og prinsesse Eugenie kom sammen med ektemennene Edoardo Mapelli Mozzi og Jack Brooksbank. Foto: Ben Birchall \/ Pa Photos \/ NTB\n    <\/p>\n<p>De to har ikke v\u00e6rt \u00e5 se i offisiell kongelig sammenheng siden<a href=\"https:\/\/www.seher.no\/kongelig\/pagrepet-av-politiet\/84260123\" rel=\"nofollow noopener\" target=\"_blank\"> deres far ble p\u00e5grepet i februar i \u00e5r<\/a>, mistenkt for mislighold i offentlig tjeneste.<\/p>\n<p>Senere er det blitt kjent at han ogs\u00e5 <a href=\"https:\/\/www.seher.no\/kongelig\/etterforskes-for-seksuallovbrudd\/84658699\" rel=\"nofollow noopener\" target=\"_blank\">etterforskes for seksuallovbrudd.<\/a><\/p>\n<p>        <img loading=\"lazy\" decoding=\"async\" src=\"https:\/\/www.europesays.com\/no\/wp-content\/uploads\/2026\/06\/84727787.webp\" width=\"667\" height=\"521\" alt=\"\" class=\"\" style=\"--aspect-ratio-image: 1.28; \"\/><\/p>\n<p>\n        BRUDGOMMENS MOR: Prinsesse Anne var til stede for \u00e5 se s\u00f8nnen gifte seg for andre gang. Foto: Zak Hussein \/ SplashNews \/ NTB\n    <\/p>\n<p class=\"font-weight-bold m-font-weight-bold\" data-lab-font_weight=\"font-weight-bold\">&#8211; Prins Andrews to d\u00f8tre er kusiner av brudgommen, og dukket opp med sine ektemenn. De har holdt en lav profil etter at faren ble p\u00e5grepet i februar, men i dag var de tilbake i det kongelige rampelyset, sier Se og H\u00f8rs kongehusekspert Caroline Vagle.<\/p>\n<p>        PINLIG SEANSE: N\u00e5r ukens Royal TV-gjest Trygve Slagsvold Vedum gjestet slottet for f\u00f8rste gang som finansminister, ble han stilt til veggs av den nederlandske dronningen. Video: NTB \/ NRK \/ Getty Images \/ Instagram: @detnorskekongehus \/\/ Foto: NTB \/ Getty Images \/ Droning Sonja &#8211; Det Norske Kongehus \/ Instagram: @detnorskekongehus \/\/ Programleder: Caroline Vagle<\/p>\n<p>M\u00e5tte dra tidlig\t<\/p>\n<p>Hun mener likevel at det er bryllupet som b\u00f8r st\u00e5 i fokus p\u00e5 en dag som denne.<\/p>\n<p>&#8211; Kongelig bryllup er stas! Det er andre i rekken for prinsesse Annes s\u00f8nn, Peter Philips. Hans nybakte kone er sykepleier, og fra og med i dag inngift i den britiske kongefamilien.<\/p>\n<p>        <img loading=\"lazy\" decoding=\"async\" src=\"https:\/\/www.europesays.com\/no\/wp-content\/uploads\/2026\/06\/84727793.webp\" width=\"686\" height=\"460\" alt=\"\" class=\"\" style=\"--aspect-ratio-image: 1.49; \"\/><\/p>\n<p>\n        KOM SAMMEN: Dronning Camilla og kong Charles ankom vielsen sammen, men m\u00e5tte dra igjen ganske fort. Foto: Victoria Jones \/ Shutterstock \/ NTB\n    <\/p>\n<p>        <img loading=\"lazy\" decoding=\"async\" src=\"https:\/\/www.europesays.com\/no\/wp-content\/uploads\/2026\/06\/84727797.webp\" width=\"686\" height=\"1029\" alt=\"\" class=\"\" style=\"--aspect-ratio-image: 0.67; \"\/><\/p>\n<p>\n        M\u00c5TTE DRA: Kongen skulle delta p\u00e5 et hestel\u00f8p, og m\u00e5tte reise tidlig fra bryllupet. Foto: Zak Hussein \/ SplashNews \/ NTB\n    <\/p>\n<p>Hun ser p\u00e5 det som en selvf\u00f8lge at familien da er representert.<\/p>\n<p>Kong Charles, dronning Camilla (78), prinsesse Kate (44) og prins William (43) var til stede, samt nevnte Beatrice og Eugenie.<\/p>\n<p>Det sp\u00f8kte derimot for kongeparet, forklarer Vagle.<\/p>\n<p>        <img loading=\"lazy\" decoding=\"async\" src=\"https:\/\/www.europesays.com\/no\/wp-content\/uploads\/2026\/06\/84727802.webp\" width=\"686\" height=\"494\" alt=\"\" class=\"\" style=\"--aspect-ratio-image: 1.39; \"\/><\/p>\n<p>\n        STIVPYNTET: Prins William hadde p\u00e5 seg et flott antrekk i anledning bryllupet. Foto: Ben Birchall \/ Pa Photos \/ NTB\n    <\/p>\n<p>        <img loading=\"lazy\" decoding=\"async\" src=\"https:\/\/www.europesays.com\/no\/wp-content\/uploads\/2026\/06\/84727804.webp\" width=\"686\" height=\"961\" alt=\"\" class=\"\" style=\"--aspect-ratio-image: 0.71; \"\/><\/p>\n<p>\n        STR\u00c5LTE: Prinsesse Kate blendet fotografene, og var i godt hum\u00f8r p\u00e5 vei inn til vielsen. Foto: Zak Hussein \/ SplashNews \/ NTB\n    <\/p>\n<p class=\"font-weight-bold m-font-weight-bold\" data-lab-font_weight=\"font-weight-bold\">&#8211; De tok seg en snartur i bryllup, f\u00f8r de m\u00e5tte videre p\u00e5 hestel\u00f8p. Det kan jo h\u00f8res ut som en litt underlig prioritering. Men tradisjoner st\u00e5r sterkt i Storbritannia, og det er visst bare med unntak monarken ikke har v\u00e6rt til stede p\u00e5 dette arrangementet f\u00f8r, sier hun, og legger til:<\/p>\n<p>    <a itemprop=\"url\" href=\"https:\/\/www.seher.no\/kongelig\/far-ikke-ga-pa-pappas-skole\/84714934\" rel=\"nofollow noopener\" target=\"_blank\"><\/p>\n<p>        <img loading=\"lazy\" decoding=\"async\" src=\"https:\/\/www.europesays.com\/no\/wp-content\/uploads\/2026\/06\/84714960.webp\" width=\"147\" height=\"98\" alt=\"\" class=\"lazyload\" style=\"--aspect-ratio-image: 1.50; \"\/><\/p>\n<p>        F\u00e5r ikke g\u00e5 p\u00e5 pappas skole<\/p>\n<p>    <\/a><\/p>\n<p>&#8211; Charles fikk heldigvis til begge deler, og ingen kunne bli forn\u00e6rmet.<\/p>\n<p>Ikke invitert\t<\/p>\n<p><a href=\"https:\/\/www.hellomagazine.com\/royalty\/905596\/royal-family-live-peter-phillips-harriet-sperling-wedding-exclusive\/\" class=\"\" rel=\"nofollow noopener\" target=\"_blank\">Hello Magazine<\/a>\u00a0skriver at kongen og dronningen ble fraktet fra bryllupet til hestel\u00f8pet med helikopter.<\/p>\n<p>Medier skriver ogs\u00e5 at bryllupet var en intim samling, og slett ikke et storskala bryllup p\u00e5 linje med det de kongelige vanligvis gjennomf\u00f8rer. Det skal handle om brudens dype kristne tro, skriver de.<\/p>\n<p>        <img loading=\"lazy\" decoding=\"async\" src=\"https:\/\/www.europesays.com\/no\/wp-content\/uploads\/2026\/06\/84727806.webp\" width=\"686\" height=\"460\" alt=\"\" class=\"\" style=\"--aspect-ratio-image: 1.49; \"\/><\/p>\n<p>\n        OMKRANSET: Inne i kirken var brudeparet og gjester omkranset av blomster. Foto: Victoria Jones \/ Shutterstock \/ NTB\n    <\/p>\n<p>        <img loading=\"lazy\" decoding=\"async\" src=\"https:\/\/www.europesays.com\/no\/wp-content\/uploads\/2026\/06\/84727808.webp\" width=\"686\" height=\"460\" alt=\"\" class=\"\" style=\"--aspect-ratio-image: 1.49; \"\/><\/p>\n<p>\n        ENKELT: Harriet holdt brudekjolen ganske enkel, men hadde et langt sl\u00f8r hun trengte hjelp med. Foto: Ben Birchall \/ Pa Photos \/ NTB\n    <\/p>\n<p>Blant dem som glimrer med sitt frav\u00e6r er prins Harry og hertuginne Meghan. De har de seneste \u00e5rene bodd i California, og if\u00f8lge <a href=\"https:\/\/www.hellomagazine.com\/royalty\/905596\/royal-family-live-peter-phillips-harriet-sperling-wedding-exclusive\/\" rel=\"nofollow noopener\" target=\"_blank\">Hello Magazine<\/a> har det g\u00e5tt rykter om at Harry ikke ville delta fordi han var rasende etter pressedekningen av Phillips f\u00f8rste bryllup.<\/p>\n<p>        BR\u00d8T PROTOKOLL: De kongelige kretser har mange regler og normer som ikke skal brytes, men ukens Royal TV-gjest Trygve Slagsvold Vedum kan fortelle om den gangen han m\u00e5tte bli reddet av kronprinsesse Mette-Marit. Video: NTB \/ NRK \/ Getty Images \/ Instagram: @detnorskekongehus \/\/ Foto: NTB \/ Getty Images \/ Droning Sonja &#8211; Det Norske Kongehus \/ Instagram: @detnorskekongehus \/\/ Programleder: Caroline Vagle<\/p>\n<p>Dette skal derimot ikke stemme. \u00c5rsaken er angivelig at Harry og fetteren enkelt og greit har mistet kontakten over \u00e5rene, og at prinsen derfor ikke ble invitert.<\/p>\n","protected":false},"excerpt":{"rendered":"Peter Phillips gifter seg: Tidligere prins Andrews d\u00f8tre har skydd offentligheten siden han ble p\u00e5grepet i februar. VISER&hellip;\n","protected":false},"author":2,"featured_media":258575,"comment_status":"","ping_status":"","sticky":false,"template":"","format":"standard","meta":{"footnotes":"","_share_on_mastodon":"0"},"categories":[58],"tags":[183,3868,71,20163,3994,76,22797,30,28,29,19753,4636,19094,7479,9549,4387,72],"class_list":["post-258574","post","type-post","status-publish","format-standard","has-post-thumbnail","category-underholdning","tag-bryllup","tag-dronning-camilla","tag-entertainment","tag-harriet-sperling","tag-kong-charles","tag-kongelig","tag-kongelig-bryllup","tag-no","tag-norge","tag-norway","tag-peter-phillips","tag-prins-william","tag-prinsesse-anne","tag-prinsesse-beatrice","tag-prinsesse-eugenie","tag-prinsesse-kate","tag-underholdning"],"share_on_mastodon":{"url":"https:\/\/pubeurope.com\/@no\/116704095462010996","error":""},"_links":{"self":[{"href":"https:\/\/www.europesays.com\/no\/wp-json\/wp\/v2\/posts\/258574","targetHints":{"allow":["GET"]}}],"collection":[{"href":"https:\/\/www.europesays.com\/no\/wp-json\/wp\/v2\/posts"}],"about":[{"href":"https:\/\/www.europesays.com\/no\/wp-json\/wp\/v2\/types\/post"}],"author":[{"embeddable":true,"href":"https:\/\/www.europesays.com\/no\/wp-json\/wp\/v2\/users\/2"}],"replies":[{"embeddable":true,"href":"https:\/\/www.europesays.com\/no\/wp-json\/wp\/v2\/comments?post=258574"}],"version-history":[{"count":0,"href":"https:\/\/www.europesays.com\/no\/wp-json\/wp\/v2\/posts\/258574\/revisions"}],"wp:featuredmedia":[{"embeddable":true,"href":"https:\/\/www.europesays.com\/no\/wp-json\/wp\/v2\/media\/258575"}],"wp:attachment":[{"href":"https:\/\/www.europesays.com\/no\/wp-json\/wp\/v2\/media?parent=258574"}],"wp:term":[{"taxonomy":"category","embeddable":true,"href":"https:\/\/www.europesays.com\/no\/wp-json\/wp\/v2\/categories?post=258574"},{"taxonomy":"post_tag","embeddable":true,"href":"https:\/\/www.europesays.com\/no\/wp-json\/wp\/v2\/tags?post=258574"}],"curies":[{"name":"wp","href":"https:\/\/api.w.org\/{rel}","templated":true}]}}