{"id":258599,"date":"2026-06-06T17:10:15","date_gmt":"2026-06-06T17:10:15","guid":{"rendered":"https:\/\/www.europesays.com\/no\/258599\/"},"modified":"2026-06-06T17:10:15","modified_gmt":"2026-06-06T17:10:15","slug":"bryllup-i-kongehuset-harriet-sperling-bryter-tradisjon","status":"publish","type":"post","link":"https:\/\/www.europesays.com\/no\/258599\/","title":{"rendered":"Bryllup i kongehuset: Harriet Sperling bryter tradisjon"},"content":{"rendered":"\n<p class=\"_lead_145nj_2 _lead_6fko5_53 layout-component text-serif-m layout-normal text-serif-l layout-component layout-wide layout-padded _wide_17hqh_1 layout-padded\">Da avd\u00f8de dronning Elizabeths barnebarn giftet seg l\u00f8rdag, br\u00f8t bruden nye kongelige tradisjoner.<\/p>\n<p><img alt=\" Foto: Ben Birchall \/ Pa Photos \/ NTB\" class=\"_image_jw3bv_65 layout-component layout-wide\" data-fullscreen- data-track-element-type=\"Article image fullscreen\" data-track-name=\"ImageFullscreen\" fetchpriority=\"high\" decoding=\"sync\" loading=\"eager\" height=\"2037\" itemprop=\"image\"  src=\"https:\/\/www.europesays.com\/no\/wp-content\/uploads\/2026\/06\/3ca36341-8ffb-3d5a-a684-79543e7ffd66.jpeg\"  style=\"object-position:0% 0%\" width=\"2880\"\/> Foto: Ben Birchall \/ Pa Photos \/ NTB<\/p>\n<ul aria-hidden=\"true\" class=\"_images_ntbth_112\">\n<li><a class=\"_link_ntbth_117\" href=\"https:\/\/www.vg.no\/forfatter\/hanne-kretuz-hansen\" style=\"z-index:1\" title=\"Hanne Kreutz-Hansen\" rel=\"nofollow noopener\" target=\"_blank\"><img alt=\"Bilde av Hanne Kreutz-Hansen\" class=\"_image_ntbth_93\" fetchpriority=\"low\" loading=\"lazy\" decoding=\"async\" itemprop=\"image\"  src=\"https:\/\/www.europesays.com\/no\/wp-content\/uploads\/2026\/06\/1780765812_250_91499188-43f5-43fa-b038-5716eac94ffb.jpeg\"  width=\"480\"\/><\/a><\/li>\n<\/ul>\n<p> Oppdatert l\u00f8rdag 6. juni kl. 18:54    <\/p>\n<ul class=\"_list_145nj_3 _list_64s2r_85 _unordered_145nj_106 text-sans-m\">\n<li class=\"_item_145nj_30\">Peter Phillips giftet seg med sykepleier Harriet Sperling i helgen.<\/li>\n<li class=\"_item_145nj_30\">Bruden br\u00f8t kongelige tradisjoner ved \u00e5 b\u00e6re tiara, til tross for for at hun har v\u00e6rt gift f\u00f8r.<\/li>\n<li class=\"_item_145nj_30\">Bryllupet samlet flere medlemmer av den britiske kongefamilien.<\/li>\n<li class=\"_item_145nj_30\">Prins Harry var ikke der.<\/li>\n<\/ul>\n<p>Vis mer <\/p>\n<p class=\"_paragraph_145nj_4 _paragraph_6fko5_10 layout-component text-serif-m layout-normal text-serif-m layout-padded\">Peter Phillips, s\u00f8nn av prinsesse Anne og eldste barnebarn av avd\u00f8de dronning Elizabeth, giftet seg l\u00f8rdag med sykepleier Harriet Sperling.<\/p>\n<p class=\"_paragraph_145nj_4 _paragraph_6fko5_10 layout-component text-serif-m layout-normal text-serif-m layout-padded\">Og en ting vakte oppsikt.<\/p>\n<p class=\"_paragraph_145nj_4 _paragraph_6fko5_10 layout-component text-serif-m layout-normal text-serif-m layout-padded\">Den nybakte bruden valgte \u00e5 b\u00e6re tiara, skriver <a href=\"https:\/\/people.com\/harriet-sperling-tiara-royal-wedding-peter-phillips-11985717\" class=\"_link_145nj_39\" rel=\"nofollow noopener\" target=\"_blank\">People<\/a>.<\/p>\n<p><img alt=\"Foto: Dylan Martinez \/ Reuters \/ NTB\" class=\"_image_jw3bv_65 layout-component layout-normal\" data-fullscreen- data-track-element-type=\"Article image fullscreen\" data-track-name=\"ImageFullscreen\" decoding=\"async\" loading=\"lazy\" height=\"3157\" itemprop=\"image\"  src=\"https:\/\/www.europesays.com\/no\/wp-content\/uploads\/2026\/06\/87899e32-7533-3a01-a3c4-e98c2d2dc272.jpeg\"  style=\"object-position:0% 0%\" width=\"4736\"\/>Foto: Dylan Martinez \/ Reuters \/ NTB<\/p>\n<p class=\"_paragraph_145nj_4 _paragraph_6fko5_10 layout-component text-serif-m layout-normal text-serif-m layout-padded\">Flere av de mest sentrale medlemmene av den britiske kongefamilien var p\u00e5 plass i All Saints Church i Kemble i Gloucestershire:<\/p>\n<p class=\"_paragraph_145nj_4 _paragraph_6fko5_10 layout-component text-serif-m layout-normal text-serif-m layout-padded\">Prins William og prinsesse Kate, kong Charles og dronning Camilla, prinsesse Beatrice og prinsesse Eugenie, sammen med flere medlemmer av den utvidede kongefamilien var blant gjestene under den private seremonien.<\/p>\n<p>Kate og William Foto: Dylan Martinez \/ Reuters \/ NTB<\/p>\n<p class=\"_paragraph_145nj_4 _paragraph_6fko5_10 layout-component text-serif-m layout-normal text-serif-m layout-padded\">Bryllupet er en av de st\u00f8rste samlingene av den britiske kongefamilien p\u00e5 lang tid.<\/p>\n<p class=\"_paragraph_145nj_4 _paragraph_6fko5_10 layout-component text-serif-m layout-normal text-serif-m layout-padded\"><strong class=\"_strong_145nj_25\">Men \u00e9n person glimret med sitt frav\u00e6r: Prins Harry.<\/strong><\/p>\n<p class=\"_paragraph_145nj_4 _paragraph_6fko5_10 layout-component text-serif-m layout-normal text-serif-m layout-padded\">If\u00f8lge People var prins Harry ikke invitert til bryllupet. Andre <a href=\"https:\/\/www.standard.co.uk\/news\/uk\/prince-harry-meghan-markle-peter-phillips-wedding-cotswolds-b1285074.html\" class=\"_link_145nj_39\" rel=\"nofollow noopener\" target=\"_blank\">medier<\/a> skriver at det er uklart om han sto p\u00e5 listen.<\/p>\n<p><img alt=\"Foto: Evgeniy Maloletka \/ AP \/ NTB\" class=\"_image_jw3bv_65 layout-component layout-normal\" data-fullscreen- data-track-element-type=\"Article image fullscreen\" data-track-name=\"ImageFullscreen\" decoding=\"async\" loading=\"lazy\" height=\"5760\" itemprop=\"image\"  src=\"https:\/\/www.europesays.com\/no\/wp-content\/uploads\/2026\/06\/147b1be8-3420-3842-9a14-53150373982c.jpeg\"  style=\"object-position:0% 0%\" width=\"8640\"\/>Foto: Evgeniy Maloletka \/ AP \/ NTB<\/p>\n<p class=\"_paragraph_145nj_4 _paragraph_6fko5_10 layout-component text-serif-m layout-normal text-serif-m layout-padded\">Flere britiske medier melder ogs\u00e5 at prins Andrew og ekskona Sarah Ferguson heller ikke var p\u00e5 gjestelisten.<\/p>\n<p class=\"_paragraph_145nj_4 _paragraph_6fko5_10 layout-component text-serif-m layout-normal text-serif-m layout-padded\">Bruden bar en blondekjole med sl\u00f8r og en diamant- og perletiara, spesiallaget til bryllupet.<\/p>\n<p>Bryter med nyere tradisjon<\/p>\n<p class=\"_paragraph_145nj_4 _paragraph_6fko5_10 layout-component text-serif-m layout-normal text-serif-m layout-padded\">Valget har f\u00e5tt oppmerksomhet fordi b\u00e5de Sperling og Phillips har v\u00e6rt gift tidligere.<\/p>\n<p class=\"_paragraph_145nj_4 _paragraph_6fko5_10 layout-component text-serif-m layout-normal text-serif-m layout-padded\">I den britiske kongefamilien har det de siste ti\u00e5rene v\u00e6rt vanlig at bruder ved andre ekteskap velger en mer nedtonet stil. Da dronning Camilla giftet seg med dav\u00e6rende prins Charles i 2005, droppet hun tiara og valgte en hatt. Det samme gjorde prinsesse Anne da hun giftet seg med Timothy Laurence i 1992.<\/p>\n<p><img alt=\"Foto: ADRIAN DENNIS \/ AFP \/ NTB\" class=\"_image_jw3bv_65 layout-component layout-normal\" data-fullscreen- data-track-element-type=\"Article image fullscreen\" data-track-name=\"ImageFullscreen\" decoding=\"async\" loading=\"lazy\" height=\"1618\" itemprop=\"image\"  src=\"https:\/\/www.europesays.com\/no\/wp-content\/uploads\/2026\/06\/744f6fee-64cc-3381-ab53-2269550e948f.jpeg\"  style=\"object-position:0% 0%\" width=\"2500\"\/>Foto: ADRIAN DENNIS \/ AFP \/ NTB<\/p>\n<p class=\"_paragraph_145nj_4 _paragraph_6fko5_10 layout-component text-serif-m layout-normal text-serif-m layout-padded\">Derfor hadde eksperter p\u00e5<a href=\"https:\/\/www.marieclaire.com\/celebrity\/royals\/harriet-sperling-queen-camilla-fashion-footsteps-wedding\/?utm_source=chatgpt.com\" class=\"_link_145nj_39\" rel=\"nofollow noopener\" target=\"_blank\"> forh\u00e5nd spekulert <\/a>i om Sperling ville f\u00f8lge samme m\u00f8nster.<\/p>\n<p class=\"_paragraph_145nj_4 _paragraph_6fko5_10 layout-component text-serif-m layout-normal text-serif-m layout-padded\">I stedet gikk hun for et av de mest tradisjonsrike symbolene i kongelige bryllup. En tiara.<\/p>\n<p><img alt=\"Foto: Ben Birchall \/ Pa Photos \/ NTB\" class=\"_image_jw3bv_65 layout-component layout-normal\" data-fullscreen- data-track-element-type=\"Article image fullscreen\" data-track-name=\"ImageFullscreen\" decoding=\"async\" loading=\"lazy\" height=\"2632\" itemprop=\"image\"  src=\"https:\/\/www.europesays.com\/no\/wp-content\/uploads\/2026\/06\/924b8dbb-072b-34ba-ad2e-4a05fa78dad9.jpeg\"  style=\"object-position:0% 0%\" width=\"3936\"\/>Foto: Ben Birchall \/ Pa Photos \/ NTBF\u00f8rste i sin generasjon<\/p>\n<p class=\"_paragraph_145nj_4 _paragraph_6fko5_10 layout-component text-serif-m layout-normal text-serif-m layout-padded\">Bryllupet markerer ogs\u00e5 en milep\u00e6l for den britiske kongefamilien.<\/p>\n<p class=\"_paragraph_145nj_4 _paragraph_6fko5_10 layout-component text-serif-m layout-normal text-serif-m layout-padded\">Peter Phillips blir den f\u00f8rste i sin generasjon av dronning Elizabeths barnebarn som gifter seg p\u00e5 nytt. <\/p>\n<p class=\"_paragraph_145nj_4 _paragraph_6fko5_10 layout-component text-serif-m layout-normal text-serif-m layout-padded\">Han var tidligere gift med canadiske Autumn Kelly, som han har d\u00f8trene Savannah og Isla med. Harriet Sperling har selv en datter fra et tidligere forhold.<\/p>\n<p><img alt=\"Bruden dagen f\u00f8r, p\u00e5 en \u00f8velse f\u00f8r selve bryllupet.  Foto: PA \/ Pa Photos \/ NTB\" class=\"_image_jw3bv_65 layout-component layout-normal\" data-fullscreen- data-track-element-type=\"Article image fullscreen\" data-track-name=\"ImageFullscreen\" decoding=\"async\" loading=\"lazy\" height=\"2771\" itemprop=\"image\"  src=\"https:\/\/www.europesays.com\/no\/wp-content\/uploads\/2026\/06\/0f30c52a-5495-3319-b278-545bb7a3f503.jpeg\"  style=\"object-position:0% 0%\" width=\"2004\"\/>Bruden dagen f\u00f8r, p\u00e5 en \u00f8velse f\u00f8r selve bryllupet.  Foto: PA \/ Pa Photos \/ NTB<\/p>\n<p class=\"_paragraph_145nj_4 _paragraph_6fko5_10 layout-component text-serif-m layout-normal text-serif-m layout-padded\">Paret ble f\u00f8rst koblet sammen v\u00e5ren 2024 og offentliggjorde forlovelsen i august 2025. Siden har Sperling gradvis blitt en stadig mer synlig del av kongefamilien gjennom opptredener p\u00e5 blant annet Royal Ascot, Wimbledon og familiens p\u00e5skegudstjeneste.<\/p>\n<p><img alt=\"Prinsesse Beatrice, Harriet Sperling og Peter Phillips p\u00e5 Royal Ascot i juni i fjor.  Foto: James Manning \/ Pa Photos \/ NTB\" class=\"_image_jw3bv_65 layout-component layout-normal\" data-fullscreen- data-track-element-type=\"Article image fullscreen\" data-track-name=\"ImageFullscreen\" decoding=\"async\" loading=\"lazy\" height=\"4512\" itemprop=\"image\"  src=\"https:\/\/www.europesays.com\/no\/wp-content\/uploads\/2026\/06\/5942c42e-f60e-3731-8f16-d1537d118055.jpeg\"  style=\"object-position:0% 0%\" width=\"3008\"\/>Prinsesse Beatrice, Harriet Sperling og Peter Phillips p\u00e5 Royal Ascot i juni i fjor.  Foto: James Manning \/ Pa Photos \/ NTB<\/p>\n<p class=\"_paragraph_145nj_4 _paragraph_6fko5_10 layout-component text-serif-m layout-normal text-serif-m layout-padded\">Prins Harry, som ikke var i bryllupet, har et\u00a0<a href=\"https:\/\/www.vg.no\/rampelys\/i\/pP3BeX\/prins-harry-har-besoekt-windsor-castle-for-aa-minnes-dronningen\" data-track-element-type=\"Link\" data-track-id=\"link:pP3BeX\" class=\"_link_145nj_39\" rel=\"nofollow noopener\" target=\"_blank\">anstrengt forhold<\/a>\u00a0til b\u00e5de broren prins William og faren kong Charles.<\/p>\n<p class=\"_paragraph_145nj_4 _paragraph_6fko5_10 layout-component text-serif-m layout-normal text-serif-m layout-padded\">Tonen har v\u00e6rt preget av <a href=\"https:\/\/www.vg.no\/rampelys\/i\/pP7O46\/prins-harry-slaar-tilbake-mot-paastander-om-moetet-med-kong-charles\" data-track-element-type=\"Link\" data-track-id=\"link:pP7O46\" class=\"_link_145nj_39\" rel=\"nofollow noopener\" target=\"_blank\">konflikt<\/a> siden Harry og hertuginnen Meghan valgte \u00e5 trekke seg ut av kongehuset og flytte til USA v\u00e5ren 2020.<\/p>\n","protected":false},"excerpt":{"rendered":"Da avd\u00f8de dronning Elizabeths barnebarn giftet seg l\u00f8rdag, br\u00f8t bruden nye kongelige tradisjoner. Foto: Ben Birchall \/ Pa&hellip;\n","protected":false},"author":2,"featured_media":258600,"comment_status":"","ping_status":"","sticky":false,"template":"","format":"standard","meta":{"footnotes":"","_share_on_mastodon":"0"},"categories":[58],"tags":[9639,183,71,76,30,28,29,72],"class_list":["post-258599","post","type-post","status-publish","format-standard","has-post-thumbnail","category-underholdning","tag-barnebarn","tag-bryllup","tag-entertainment","tag-kongelig","tag-no","tag-norge","tag-norway","tag-underholdning"],"share_on_mastodon":{"url":"https:\/\/pubeurope.com\/@no\/116704276204487368","error":""},"_links":{"self":[{"href":"https:\/\/www.europesays.com\/no\/wp-json\/wp\/v2\/posts\/258599","targetHints":{"allow":["GET"]}}],"collection":[{"href":"https:\/\/www.europesays.com\/no\/wp-json\/wp\/v2\/posts"}],"about":[{"href":"https:\/\/www.europesays.com\/no\/wp-json\/wp\/v2\/types\/post"}],"author":[{"embeddable":true,"href":"https:\/\/www.europesays.com\/no\/wp-json\/wp\/v2\/users\/2"}],"replies":[{"embeddable":true,"href":"https:\/\/www.europesays.com\/no\/wp-json\/wp\/v2\/comments?post=258599"}],"version-history":[{"count":0,"href":"https:\/\/www.europesays.com\/no\/wp-json\/wp\/v2\/posts\/258599\/revisions"}],"wp:featuredmedia":[{"embeddable":true,"href":"https:\/\/www.europesays.com\/no\/wp-json\/wp\/v2\/media\/258600"}],"wp:attachment":[{"href":"https:\/\/www.europesays.com\/no\/wp-json\/wp\/v2\/media?parent=258599"}],"wp:term":[{"taxonomy":"category","embeddable":true,"href":"https:\/\/www.europesays.com\/no\/wp-json\/wp\/v2\/categories?post=258599"},{"taxonomy":"post_tag","embeddable":true,"href":"https:\/\/www.europesays.com\/no\/wp-json\/wp\/v2\/tags?post=258599"}],"curies":[{"name":"wp","href":"https:\/\/api.w.org\/{rel}","templated":true}]}}