{"id":25891,"date":"2025-09-03T12:59:12","date_gmt":"2025-09-03T12:59:12","guid":{"rendered":"https:\/\/www.europesays.com\/no\/25891\/"},"modified":"2025-09-03T12:59:12","modified_gmt":"2025-09-03T12:59:12","slug":"brann-treneren-kritiserer-glimts-dramatiske-overgangsfremstot-sterkt-arrogant","status":"publish","type":"post","link":"https:\/\/www.europesays.com\/no\/25891\/","title":{"rendered":"Brann-treneren kritiserer Glimts dramatiske overgangsfremst\u00f8t: \u2013 Sterkt arrogant"},"content":{"rendered":"\n<p class=\"_lead_1bvmi_2 _lead_xtcu6_50 layout-component text-serif-m layout-normal text-serif-l layout-component layout-wide layout-padded _wide_17hqh_1 layout-padded\">Brann-trener Freyr Alexandersson er ikke imponert over at Bod\u00f8\/Glimt fors\u00f8kte \u00e5 hente midtbaneprofilen Felix Horn Myhre rett f\u00f8r overgangsvinduet stengte. <\/p>\n<p><img alt=\"Branns trener Freyr Alexandersson er klar i talen.  Foto: Svein Ove Ekornesv\u00e5g \/ NTB\" class=\"_image_qp4xg_65 layout-component layout-wide\" data-fullscreen- data-track-element-type=\"Article image fullscreen\" data-track-name=\"ImageFullscreen\" fetchpriority=\"high\" decoding=\"sync\" loading=\"eager\" height=\"3395\" itemprop=\"image\"  src=\"https:\/\/www.europesays.com\/no\/wp-content\/uploads\/2025\/09\/1756904351_825_6bf6a096-0b13-4607-b144-b3c73a855233\"  style=\"object-position:0% 0%\" width=\"5092\"\/>Branns trener Freyr Alexandersson er klar i talen.  Foto: Svein Ove Ekornesv\u00e5g \/ NTB<\/p>\n<ul aria-hidden=\"true\" class=\"_images_1y6fe_106\">\n<li><a class=\"_link_1y6fe_111\" href=\"https:\/\/www.vg.no\/forfatter\/ntb\" style=\"z-index:2\" title=\"NTB\" rel=\"nofollow noopener\" target=\"_blank\"><img alt=\"Bilde av NTB\" class=\"_image_1y6fe_88\" fetchpriority=\"low\" loading=\"lazy\" decoding=\"async\" itemprop=\"image\"  src=\"https:\/\/www.europesays.com\/no\/wp-content\/uploads\/2025\/09\/1756904351_294_c33980b0-5d07-4027-84a1-813f90a7c8d6\"  width=\"480\"\/><\/a><\/li>\n<li><a class=\"_link_1y6fe_111\" href=\"https:\/\/www.vg.no\/forfatter\/henrik-davidsen-hellevik\" style=\"z-index:1\" title=\"Henrik Davidsen Hellevik\" rel=\"nofollow noopener\" target=\"_blank\"><img alt=\"Bilde av Henrik Davidsen Hellevik\" class=\"_image_1y6fe_88\" fetchpriority=\"low\" loading=\"lazy\" decoding=\"async\" itemprop=\"image\"  src=\"https:\/\/www.europesays.com\/no\/wp-content\/uploads\/2025\/09\/1756904352_282_5443292c-a647-4269-871c-1f6248707e55\"  width=\"480\"\/><\/a><\/li>\n<\/ul>\n<p> Oppdatert onsdag 3. september kl. 13:56     <\/p>\n<p class=\"_paragraph_1bvmi_4 _paragraph_xtcu6_10 layout-component text-serif-m layout-normal text-serif-m layout-padded\"> I et <a href=\"https:\/\/www.bt.no\/sport\/ballspark\/i\/8qggpx\/kommer-med-klar-bodoe-glimt-melding\" class=\"_link_1bvmi_39\" rel=\"nofollow noopener\" target=\"_blank\">intervju med Bergens Tidende<\/a> er islendingen krystallklar p\u00e5 hva han synes om fremst\u00f8tet.<\/p>\n<p class=\"_paragraph_1bvmi_4 _paragraph_xtcu6_10 layout-component text-serif-m layout-normal text-serif-m layout-padded\">\u2013 Bod\u00f8\/Glimt tror at de kan komme p\u00e5 siste dag av overgangsvinduet og kj\u00f8pe Norges beste midtbanespiller. For en tredel eller firedel av det de fikk tilbud om for Patrick Berg. Det er sterkt arrogant, sier Alexandersson til BT.<\/p>\n<p class=\"_paragraph_1bvmi_4 _paragraph_xtcu6_10 layout-component text-serif-m layout-normal text-serif-m layout-padded\">Til <a href=\"https:\/\/www.tv2.no\/sport\/ut-mot-glimt-ikke-god-stil\/18061586\/\" class=\"_link_1bvmi_39\" rel=\"nofollow noopener\" target=\"_blank\">TV 2<\/a> reagerer Brann-treneren p\u00e5 timingen av budet, like i forkant av at Horn Myhre skulle p\u00e5 landslagssamling.<\/p>\n<p class=\"_paragraph_1bvmi_4 _paragraph_xtcu6_10 layout-component text-serif-m layout-normal text-serif-m layout-padded\">\u2013 Det er ikke god stil. De kjenner Felix Horn Myhre i Bod\u00f8 og har kjent ham i lang tid. At budet kommer dagen f\u00f8r han skal p\u00e5 landslagssamling, synes jeg er merkelig, sier Alexandersson.<\/p>\n<p class=\"_paragraph_1bvmi_4 _paragraph_xtcu6_10 layout-component text-serif-m layout-normal text-serif-m layout-padded\">Horn Myhre-budet fra den regjerende seriemesteren skapte store overskrifter tidligere denne uken. Det gjorde det ogs\u00e5 at hovedpersonen rykket ut og ytret \u00f8nske om <a href=\"https:\/\/www.vg.no\/sport\/i\/JbzeQ7\/felix-horn-myhre-oensker-overgang-til-bodoe-glimt\" data-track-element-type=\"Link\" data-track-id=\"link:JbzeQ7\" class=\"_link_1bvmi_39\" rel=\"nofollow noopener\" target=\"_blank\">en overgang til Champions League-klubben, gjennom et intervju med VG<\/a>.<\/p>\n<p class=\"_paragraph_1bvmi_4 _paragraph_xtcu6_10 layout-component text-serif-m layout-normal text-serif-m layout-padded\">\u2013  Jeg har gitt klar beskjed til Brann om at dette er noe jeg \u00f8nsker sterkt. Jeg har alltid gitt alt for Brann og v\u00e6rt lojal, men jeg m\u00e5 ogs\u00e5 tenke p\u00e5 meg selv og mine dr\u00f8mmer, sa Horn Myhre til VG, f\u00f8r det ble klart at overgangen ikke kom til \u00e5 bli et faktum.<\/p>\n<p class=\"_paragraph_1bvmi_4 _paragraph_xtcu6_10 layout-component text-serif-m layout-normal text-serif-m layout-padded\">Det var et intervju Brann-treneren ikke var s\u00e6rlig forn\u00f8yd med.<\/p>\n<p class=\"_paragraph_1bvmi_4 _paragraph_xtcu6_10 layout-component text-serif-m layout-normal text-serif-m layout-padded\">\u2013 Jeg forst\u00e5r at man blir fristet n\u00e5r noen kommer med en stor sekk med penger like f\u00f8r overgangsvinduet stenger. Men jeg var ikke tilfreds med intervjuet han gjorde. Det skal jeg v\u00e6re \u00e6rlig p\u00e5, sier Brann-treneren.<\/p>\n<p class=\"_paragraph_1bvmi_4 _paragraph_xtcu6_10 layout-component text-serif-m layout-normal text-serif-m layout-padded\">Han understreker samtidig at \u00abkj\u00e6rligheten til Horn Myhre\u00bb ikke har endret seg.<\/p>\n<p class=\"_paragraph_1bvmi_4 _paragraph_xtcu6_10 layout-component text-serif-m layout-normal text-serif-m layout-padded\">Alexanderson er ogs\u00e5 tydelig p\u00e5 at en avtale med Glimt aldri var n\u00e6r \u00e5 materialisere seg.<\/p>\n<p class=\"_paragraph_1bvmi_4 _paragraph_xtcu6_10 layout-component text-serif-m layout-normal text-serif-m layout-padded\">\u2013 Vi selger ikke spillere til Bod\u00f8\/Glimt, sier han.<\/p>\n<p class=\"_paragraph_1bvmi_4 _paragraph_xtcu6_10 layout-component text-serif-m layout-normal text-serif-m layout-padded\">VG har v\u00e6rt i kontakt med Glimt, men ingen \u00f8nsker \u00e5 kommentere Brann-trenerens utspill. <\/p>\n","protected":false},"excerpt":{"rendered":"Brann-trener Freyr Alexandersson er ikke imponert over at Bod\u00f8\/Glimt fors\u00f8kte \u00e5 hente midtbaneprofilen Felix Horn Myhre rett f\u00f8r&hellip;\n","protected":false},"author":2,"featured_media":25797,"comment_status":"","ping_status":"","sticky":false,"template":"","format":"standard","meta":{"footnotes":""},"categories":[59],"tags":[134,1556,1826,30,28,29,418,83,82],"class_list":{"0":"post-25891","1":"post","2":"type-post","3":"status-publish","4":"format-standard","5":"has-post-thumbnail","7":"category-sport","8":"tag-eliteserien","9":"tag-felix-horn-myhre","10":"tag-freyr-alexandersson","11":"tag-no","12":"tag-norge","13":"tag-norway","14":"tag-sk-brann","15":"tag-sport","16":"tag-sports"},"share_on_mastodon":{"url":"","error":""},"_links":{"self":[{"href":"https:\/\/www.europesays.com\/no\/wp-json\/wp\/v2\/posts\/25891","targetHints":{"allow":["GET"]}}],"collection":[{"href":"https:\/\/www.europesays.com\/no\/wp-json\/wp\/v2\/posts"}],"about":[{"href":"https:\/\/www.europesays.com\/no\/wp-json\/wp\/v2\/types\/post"}],"author":[{"embeddable":true,"href":"https:\/\/www.europesays.com\/no\/wp-json\/wp\/v2\/users\/2"}],"replies":[{"embeddable":true,"href":"https:\/\/www.europesays.com\/no\/wp-json\/wp\/v2\/comments?post=25891"}],"version-history":[{"count":0,"href":"https:\/\/www.europesays.com\/no\/wp-json\/wp\/v2\/posts\/25891\/revisions"}],"wp:featuredmedia":[{"embeddable":true,"href":"https:\/\/www.europesays.com\/no\/wp-json\/wp\/v2\/media\/25797"}],"wp:attachment":[{"href":"https:\/\/www.europesays.com\/no\/wp-json\/wp\/v2\/media?parent=25891"}],"wp:term":[{"taxonomy":"category","embeddable":true,"href":"https:\/\/www.europesays.com\/no\/wp-json\/wp\/v2\/categories?post=25891"},{"taxonomy":"post_tag","embeddable":true,"href":"https:\/\/www.europesays.com\/no\/wp-json\/wp\/v2\/tags?post=25891"}],"curies":[{"name":"wp","href":"https:\/\/api.w.org\/{rel}","templated":true}]}}