{"id":259044,"date":"2026-06-07T07:50:21","date_gmt":"2026-06-07T07:50:21","guid":{"rendered":"https:\/\/www.europesays.com\/no\/259044\/"},"modified":"2026-06-07T07:50:21","modified_gmt":"2026-06-07T07:50:21","slug":"han-var-helt-svart-i-oya","status":"publish","type":"post","link":"https:\/\/www.europesays.com\/no\/259044\/","title":{"rendered":"&#8211; Han var helt svart i \u00f8ya"},"content":{"rendered":"<p>ULSTEINVIK (Dagbladet): T\u00e5ka ligger som vanlig tett over Hareidlandet, den lille \u00f8ya p\u00e5 Sunnm\u00f8re der Fredrik Aursnes vokste opp. Med utsikt mot sj\u00f8en og Ulsteinvik sentrum, forteller far Gunnar Aursnes gledelig om s\u00f8nnens ekstreme og noe utradisjonelle fotballkarriere.<\/p>\n<p data-lab-font_weight=\"font-weight-bold\" class=\"font-weight-bold m-font-weight-bold\">&#8211; Jeg kunne ikke dr\u00f8mt om det engang, sier han.<\/p>\n<p>Selv om den n\u00e5v\u00e6rende Benfica-spilleren debuterte med ball i beina som to\u00e5ring og p\u00e5 Hareids A-lag som 14-\u00e5ring, var det vanskelig \u00e5 se for seg at den rolige og tilbakeholdne guttungen skulle bli stjerne i Europa, med blant andre Ole Gunnar Solskj\u00e6r, Arne Slot og Jos\u00e9 Mourinho som sjefer.<\/p>\n<p>        <img loading=\"lazy\" decoding=\"async\" src=\"https:\/\/www.europesays.com\/no\/wp-content\/uploads\/2026\/06\/84689013.webp\" width=\"980\" height=\"559\" alt=\"\" class=\"\" style=\"--aspect-ratio-image: 1.75; \"\/><\/p>\n<p>\n        STOLT: Gunnar Aursnes hadde ikke i sin villeste fantasi sett for seg den fotballkarrieren s\u00f8nnen har f\u00e5tt. Foto: Bendik Rise \/ Dagbladet\n    <\/p>\n<p>Etter A-lagsdebuten tok det ikke lang tid f\u00f8r Aursnes for alvor gjorde seg til et kjent navn i fotball-Norge. Samme \u00e5r som han byttet ut Hareid med H\u00f8dd, ble han som 16-\u00e5ring tidenes yngste til \u00e5 starte en cupfinale i 2012. 30-\u00e5ringen ble ogs\u00e5 noe tilfeldig spiller nummer tusen i rekka til \u00e5 vinne cupen i Norge.<\/p>\n<p>&#8211; Han bryr seg ikke om s\u00e5nne ting. Han har vel en plakett eller noe en eller annen plass,\u00a0forteller far fra godstolen i Ulsteinvik. <\/p>\n<p>Men det var ikke gitt at guttungen skulle spille cupfinalen, og heller ikke de 30 kampene han fikk for A-laget i 1. divisjon det \u00e5ret.<\/p>\n<p>&#8211; I utgangspunktet skulle han bare v\u00e6re med juniorlaget og litt med A-laget. Det kan hende han hadde innstilt seg p\u00e5 et A-lag etter hvert, men ikke da. Han ville ha et trygt milj\u00f8.<\/p>\n<p>        <img loading=\"lazy\" decoding=\"async\" src=\"https:\/\/www.europesays.com\/no\/wp-content\/uploads\/2026\/06\/84688999.webp\" width=\"667\" height=\"447\" alt=\"\" class=\"\" style=\"--aspect-ratio-image: 1.49; \"\/><\/p>\n<p>\n        ARKIVET: Det har blitt en og annen landslagsdrakt for Aursnes. Foto: Bendik Rise \/ Dagbladet\n    <\/p>\n<p>Svartnet\t<\/p>\n<p>&#8211; Jeg tror ikke han lager s\u00e5 mye br\u00e5k, s\u00e5 det skal bli bra det, var St\u00e5le Solbakkens ord om hvordan det er \u00e5 f\u00e5 sunnm\u00f8ringen tilbake i landslaget.<\/p>\n<p>Trygghet er et gjentakende ord i beskrivelsen av hareidsd\u00f8lingen. Voksen og ydmyk, selv da han var unggutt i toppfotballen.<\/p>\n<p class=\"font-weight-bold m-font-weight-bold\" data-lab-font_weight=\"font-weight-bold\">&#8211; \u00abDu merket ikke Fredrik i garderoben, men det gjorde du n\u00e5r du kom ut p\u00e5 treningsfeltet\u00bb er en gjenganger blant dem som omtaler ham, forteller Gunnar.<\/p>\n<p>        <img loading=\"lazy\" decoding=\"async\" src=\"https:\/\/www.europesays.com\/no\/wp-content\/uploads\/2026\/06\/84690492.webp\" width=\"667\" height=\"481\" alt=\"\" class=\"\" style=\"--aspect-ratio-image: 1.39; \"\/><\/p>\n<p>\n        STORT SETT SINDIG: Men ogs\u00e5 Aursnes kan bli irritert iblant. Foto: Oscar Del Pozo \/ AFP \/ NTB\n    <\/p>\n<p>Men til og med for den sindige 30-\u00e5ringen kan det en sjelden gang koke over. Andr\u00e9 Nevstad, som var sportssjef og hentet Aursnes til H\u00f8dd, mimrer tilbake til fire innholdsrike sesonger med landslagsspilleren p\u00e5 laget.<\/p>\n<p class=\"font-weight-bold m-font-weight-bold\" data-lab-font_weight=\"font-weight-bold\">&#8211; Han var helt svart i \u00f8ya!<\/p>\n<p>        <img loading=\"lazy\" decoding=\"async\" src=\"https:\/\/www.europesays.com\/no\/wp-content\/uploads\/2026\/06\/84692529.webp\" width=\"667\" height=\"461\" alt=\"\" class=\"\" style=\"--aspect-ratio-image: 1.45; \"\/><\/p>\n<p>\n        HJEMMEBANE: Nevstad er fortsatt aktiv p\u00e5 H\u00f8ddvoll, der proffkarrieren til Fredrik Aursnes startet. Foto: Bendik Rise \/ Dagbladet\n    <\/p>\n<p>Han forteller om episoden fra en cupkamp i 2015 da H\u00f8dd slo ut \u00abj\u00e6vla Aalesund\u00bb. Den gang 19 \u00e5r gamle Aursnes var i fyr og flamme etter kampen og terget p\u00e5 seg bortelaget i feiringen.<\/p>\n<p data-lab-font_weight=\"\">&#8211; Jeg kom opp i garderoben og plutselig ser jeg Trond Fredriksen (den gang Aalesund-trener, red. anm.) lyn forbanna inne i garderoben. Han var helt svart i \u00f8ya, og jeg skj\u00f8nte ikke helt hva det var for noe.\u00a0Men da hadde Fredrik tydeligvis stukket hodet inn i Aalesund-garderoben, skreket og fyrt opp bortelaget etter seieren, humrer Nevstad.<\/p>\n<p>&#8211; Men det forteller litt om den flammen som er der. Beskjedenheten er stort sett utenfor banen, fortsetter han.<\/p>\n<p>        <img loading=\"lazy\" decoding=\"async\" src=\"https:\/\/www.europesays.com\/no\/wp-content\/uploads\/2026\/06\/84690511.webp\" width=\"980\" height=\"559\" alt=\"\" class=\"\" style=\"--aspect-ratio-image: 1.75; \"\/><\/p>\n<p>\n        GJEMT: Aursnes er ikke den som stikker seg mest fram, heller ikke da cupgullet for H\u00f8dd var sikret. Foto: Bendik Rise \/ Dagbladet\n    <\/p>\n<p>Den tidligere sportssjefen minnes ogs\u00e5 en irritert 16-\u00e5ring som ble byttet ut etter 120 minutter i cupfinalen.<\/p>\n<p>&#8211; Jeg husker at han var litt irritert da han ble byttet ut fordi han ville skyte straffe i straffesparkkonkurransen. Det forteller litt om mentaliteten til en 16-\u00e5ring.<\/p>\n<p class=\"font-weight-bold m-font-weight-bold\" data-lab-font_weight=\"font-weight-bold\">&#8211; Det var sikkert like greit at jeg ble byttet ut, i alle fall slik utfallet ble. Men jeg husker at jeg hadde lyst til \u00e5 ta straffe, sier Fredrik selv til Dagbladet.<\/p>\n<p>H\u00f8dd-trener den gang, Lars Arne Nilsen, bedyrer at han ikke husker at stjerneskuddet var misforn\u00f8yd med \u00e5 bli tatt av banen. Kanskje ikke s\u00e5 rart, da han var p\u00e5 vei til \u00e5 ta H\u00f8dd til det sensasjonelle cupgullet.<\/p>\n<p>        <img loading=\"lazy\" decoding=\"async\" src=\"https:\/\/www.europesays.com\/no\/wp-content\/uploads\/2026\/06\/84690498.webp\" width=\"667\" height=\"454\" alt=\"\" class=\"\" style=\"--aspect-ratio-image: 1.47; \"\/><\/p>\n<p>\n        MISFORN\u00d8YD: Aursnes ble tatt av like f\u00f8r straffesparkkonkuransen i 2012. Foto: H\u00e5kon Mosvold Larsen \/ NTB\n    <\/p>\n<p>Solskj\u00e6r-praten\t<\/p>\n<p>Nilsen tok seinere over Brann, og Aursnes var en av spillerne som sto h\u00f8yt p\u00e5 lista over dr\u00f8mmeoverganger.<\/p>\n<p class=\"font-weight-bold m-font-weight-bold\" data-lab-font_weight=\"font-weight-bold\">&#8211; Det som er med Fredrik er at hovedm\u00e5lsettingen hans var \u00e5 ha det artig. Fotball var ikke s\u00e5 alvorlig i tidlig alder, og han har alltid hatt den lekne inngangen. Men jeg husker da han kom p\u00e5 trening med oss i H\u00f8dd. Jeg bestemte meg med en gang for at han skulle spille uansett.<\/p>\n<p>&#8211; Men s\u00e5 var det akkurat det mentale, den tryggheten han trengte.\u00a0Den m\u00e5tte han ha.\u00a0Det m\u00e5tte litt \u00ablirk og lur\u00bb for \u00e5 f\u00e5 ham fra Hareid til H\u00f8dd ogs\u00e5. Kom n\u00e5r du vil, sa jeg til ham.<\/p>\n<p>        <img loading=\"lazy\" decoding=\"async\" itemprop=\"image\" src=\"https:\/\/www.europesays.com\/no\/wp-content\/uploads\/2026\/06\/84692634.webp\" width=\"180\" height=\"180\" alt=\"Lars Arne Nilsen\"\/><\/p>\n<p>                    Lars Arne Nilsen<br \/>\n                        Lars Arne<br \/>\n                        Nilsen<\/p>\n<p>Fotballtrener<\/p>\n<p>Det ble derfor t\u00f8ft \u00e5 f\u00e5 hareidsd\u00f8lingen til Bergen. Molde var n\u00e6rmere hjemme, og der kjente han ogs\u00e5 noen spillere fra f\u00f8r. Aursnes trengte imidlertid mer overbevisning for \u00e5 ta de to ferjeturene fra Ulsteinvik til Molde.<\/p>\n<p>Det var litt fram og tilbake, forteller far, og han m\u00e5tte ha seg en prat med Ole Gunnar (Solskj\u00e6r, red. anm.) i forkant for \u00e5 bli overbevist om at Molde var den riktige plassen.\u00a0<\/p>\n<p class=\"font-weight-bold m-font-weight-bold\" data-lab-font_weight=\"font-weight-bold\">&#8211; Vi reiste opp i m\u00f8rket p\u00e5 kvelden og m\u00f8tte ham p\u00e5 stadion dagen etter. Og etter en god prat endte vi opp med \u00e5 skrive kontrakt. S\u00e5 ja, Solskj\u00e6r har betydd mye.<\/p>\n<p>    Fredrik Aursnes<\/p>\n<p>F\u00f8dt: 10. desember 1995<\/p>\n<p>Fra: Hareid p\u00e5 Sunnm\u00f8re<\/p>\n<p>Klubber: Hareid, H\u00f8dd, Molde, Feyenoord, Benfica<\/p>\n<p>Landslag: Norge (2021-2023, 2026-), 20 kamper \/ 1 m\u00e5l<\/p>\n<p>      Vis mer<br \/>\n      Vis mindre<\/p>\n<p>Solskj\u00e6r var villig til \u00e5 gi ham sjansem. Allerede f\u00f8r han var spilleklar fikk han v\u00e6re med p\u00e5 Europa-kamp for \u00e5 kjenne p\u00e5 stemninga. Ikke lenge etter ble han ogs\u00e5 kastet ut til ulvene, da Aursnes debuterte for Molde i Europa League borte mot Sevilla.<\/p>\n<p>&#8211; Han feide ned en kar som var 30 kilo tyngre. Da Solskj\u00e6r s\u00e5 det, s\u00e5 skj\u00f8nte han hva han hadde f\u00e5tt.\u00a0<\/p>\n<p>Aursnes selv har satt stor pris p\u00e5 \u00e5 ha Solskj\u00e6r som l\u00e6remester.<\/p>\n<p>&#8211; Jeg l\u00e6rte ekstremt mye fra ham i mine f\u00f8rste \u00e5r i Eliteserien. Jeg har hatt et godt forhold til ham b\u00e5de under og i ettertid, s\u00e5 han har betydd mye for meg, sier han.<\/p>\n<p>        <img loading=\"lazy\" decoding=\"async\" src=\"https:\/\/www.europesays.com\/no\/wp-content\/uploads\/2026\/06\/84690485.webp\" width=\"667\" height=\"447\" alt=\"\" class=\"\" style=\"--aspect-ratio-image: 1.49; \"\/><\/p>\n<p>\n        VERDSATT: Aursnes ble en viktig brikke i Solskj\u00e6rs Molde. Foto: Svein Ove Ekornesv\u00e5g \/ NTB\n    <\/p>\n<p>Sa nei flere ganger\t<\/p>\n<p>I 2024, 12 \u00e5r etter cuptriumfen, med flere trofeer, proffkarriere og landslagsspill, <a href=\"https:\/\/www.dagbladet.no\/sport\/sjokk-gir-seg-pa-landslaget\/81106126\" target=\"_blank\" rel=\"nofollow noopener\">takket 30-\u00e5ringen nei til videre spill for St\u00e5le Solbakken og Norge<\/a>.\u00a0<\/p>\n<p>&#8211;\u00a0Jeg f\u00f8ler at jeg \u00f8nsker mer tid og frihet til \u00e5 prioritere andre ting enn fotball i livet mitt, sa hovedpersonen da.<\/p>\n<p>Det var mange gode grunner til \u00e5 ta en pause fra \u00e5 spille med flagget p\u00e5 brystet, men viktigst var totalbelastningen over lang tid.<\/p>\n<p>        <img loading=\"lazy\" decoding=\"async\" src=\"https:\/\/www.europesays.com\/no\/wp-content\/uploads\/2026\/06\/84692578.webp\" width=\"667\" height=\"534\" alt=\"\" class=\"\" style=\"--aspect-ratio-image: 1.25; \"\/><\/p>\n<p>\n        SIST GANG: Aursnes spilte sin forel\u00f8pig siste landskamp i november 2023 mot Skottland. Foto: Fredrik Varfjell \/ NTB\n    <\/p>\n<p>Det er imidlertid ikke eneste gangen Aursnes har takket nei til landslagsspill. Allerede da han var 15-16 \u00e5r var han mer enn god nok til \u00e5 v\u00e6re med p\u00e5 U-landslag. Men tryggheten hjemme og en ny gjeng i H\u00f8dd gjorde at unggutten da prioriterte annerledes enn mange andre.<\/p>\n<p>&#8211; Det er litt den tilbakeholdenheten som han har hatt hele tida.\u00a0Han er lik faren og er ganske introvert. Vi hadde jo noen diskusjoner, men jeg sa at\u00a0\u00abhvis ikke du vil, s\u00e5 er det greit\u00bb.\u00a0Det m\u00e5tte han f\u00f8le p\u00e5 selv, forteller far og f\u00e5r st\u00f8tte fra H\u00f8dds tidligere sportssjef.<\/p>\n<p class=\"font-weight-bold m-font-weight-bold\" data-lab-font_weight=\"font-weight-bold\">&#8211; Han syntes det gikk litt for fort. \u00c5\u00a0reise p\u00e5 landslagssamling med en helt ny gjeng igjen ble litt mye. Det er litt s\u00e5nn Fredrik er, forteller Nevstad.<\/p>\n<p>&#8211; Det var mye som skjedde, mye oppmerksomhet rundt ham, s\u00e5 jeg\u00a0pr\u00f8vde \u00e5 forklare at det ikke handlet om at han ikke hadde ambisjoner. Det handlet ikke om det i det hele tatt. Han m\u00e5tte bare ta ting i sitt tempo, fortsetter han.<\/p>\n<p>Og det har han gjort. Aursnes er n\u00e5 tilbake for det norske landslaget og klar for VM-sluttspill med Norge. Det betyr mye for ei lita bygd, og spesielt en stolt far.<\/p>\n<p>&#8211;\u00a0Det \u00e5 ha ham p\u00e5 landslaget er enormt stort. Det er bare et f\u00e5tall som er der, s\u00e5 det er klart at det er stort. <\/p>\n<p>        <img loading=\"lazy\" decoding=\"async\" src=\"https:\/\/www.europesays.com\/no\/wp-content\/uploads\/2026\/06\/84692521.webp\" width=\"667\" height=\"447\" alt=\"\" class=\"\" style=\"--aspect-ratio-image: 1.49; \"\/><\/p>\n<p>\n        M\u00c5 HA NY DRAKT: Aursnes skal spille med nummer 14 i VM. Gunnar har ikke bestemt seg om han skal reise enn\u00e5. Foto: Bendik Rise \/ Dagbladet\n    <\/p>\n<p>Men selv etter all suksessen p\u00e5 fotballbanen, har ikke den n\u00e5 30 \u00e5r gamle s\u00f8nnen mistet bakkekontakten, if\u00f8lge far.<\/p>\n<p>&#8211; Han har forandret seg og\u00a0blitt voksen, selvsagt. Og tryggere p\u00e5 seg selv, men som person s\u00e5 tror ikke jeg at han har forandret seg s\u00e5 forferdelig mye, avslutter Gunnar. <\/p>\n<p class=\"italic m-italic\" data-lab-italic=\"italic\">*Undertegnede spilte (satt p\u00e5 benken&#8230;) for H\u00f8dd sammen med Aursnes tilbake i 2015.<\/p>\n<p class=\"font-weight-bold m-font-weight-bold italic m-italic\" data-lab-font_weight=\"font-weight-bold\" data-lab-italic=\"italic\">Mener du Aursnes b\u00f8r starte mot Sverige? Ta ut DITT lag her:<\/p>\n","protected":false},"excerpt":{"rendered":"ULSTEINVIK (Dagbladet): T\u00e5ka ligger som vanlig tett over Hareidlandet, den lille \u00f8ya p\u00e5 Sunnm\u00f8re der Fredrik Aursnes vokste&hellip;\n","protected":false},"author":2,"featured_media":259045,"comment_status":"","ping_status":"","sticky":false,"template":"","format":"standard","meta":{"footnotes":"","_share_on_mastodon":"0"},"categories":[59],"tags":[92,4762,4145,30,28,29,83,82,11859],"class_list":["post-259044","post","type-post","status-publish","format-standard","has-post-thumbnail","category-sport","tag-fotball","tag-fredrik-aursnes","tag-herrelandslaget","tag-no","tag-norge","tag-norway","tag-sport","tag-sports","tag-vm2026"],"share_on_mastodon":{"url":"https:\/\/pubeurope.com\/@no\/116707736498812172","error":""},"_links":{"self":[{"href":"https:\/\/www.europesays.com\/no\/wp-json\/wp\/v2\/posts\/259044","targetHints":{"allow":["GET"]}}],"collection":[{"href":"https:\/\/www.europesays.com\/no\/wp-json\/wp\/v2\/posts"}],"about":[{"href":"https:\/\/www.europesays.com\/no\/wp-json\/wp\/v2\/types\/post"}],"author":[{"embeddable":true,"href":"https:\/\/www.europesays.com\/no\/wp-json\/wp\/v2\/users\/2"}],"replies":[{"embeddable":true,"href":"https:\/\/www.europesays.com\/no\/wp-json\/wp\/v2\/comments?post=259044"}],"version-history":[{"count":0,"href":"https:\/\/www.europesays.com\/no\/wp-json\/wp\/v2\/posts\/259044\/revisions"}],"wp:featuredmedia":[{"embeddable":true,"href":"https:\/\/www.europesays.com\/no\/wp-json\/wp\/v2\/media\/259045"}],"wp:attachment":[{"href":"https:\/\/www.europesays.com\/no\/wp-json\/wp\/v2\/media?parent=259044"}],"wp:term":[{"taxonomy":"category","embeddable":true,"href":"https:\/\/www.europesays.com\/no\/wp-json\/wp\/v2\/categories?post=259044"},{"taxonomy":"post_tag","embeddable":true,"href":"https:\/\/www.europesays.com\/no\/wp-json\/wp\/v2\/tags?post=259044"}],"curies":[{"name":"wp","href":"https:\/\/api.w.org\/{rel}","templated":true}]}}