{"id":259147,"date":"2026-06-07T10:39:12","date_gmt":"2026-06-07T10:39:12","guid":{"rendered":"https:\/\/www.europesays.com\/no\/259147\/"},"modified":"2026-06-07T10:39:12","modified_gmt":"2026-06-07T10:39:12","slug":"bellona-ma-skaffe-4-millioner-kroner-pa-ett-dogn","status":"publish","type":"post","link":"https:\/\/www.europesays.com\/no\/259147\/","title":{"rendered":"Bellona m\u00e5 skaffe 4 millioner kroner p\u00e5 ett d\u00f8gn"},"content":{"rendered":"\n<p class=\"_lead_145nj_2 _lead_6fko5_53 layout-component text-serif-m layout-normal text-serif-l layout-component layout-wide layout-padded _wide_17hqh_1 layout-padded\">Styret i Milj\u00f8stiftelsen Bellona skal i morgen kveld avgj\u00f8re stiftelsens skjebne. Fortsatt mangler 4 millioner kroner.<\/p>\n<p><img alt=\"Bellona-sjef Frederic Hauge trenger ytterligere fire millioner kroner i innsamlingen for \u00e5 redde milj\u00f8stiftelsen fra \u00e5 g\u00e5 konkurs.  Foto: Elisabeth Grosvold Altenborg \/ NTB\" class=\"_image_jw3bv_65 layout-component layout-wide\" data-fullscreen- data-track-element-type=\"Article image fullscreen\" data-track-name=\"ImageFullscreen\" fetchpriority=\"high\" decoding=\"sync\" loading=\"eager\" height=\"1080\" itemprop=\"image\"  src=\"https:\/\/www.europesays.com\/no\/wp-content\/uploads\/2026\/06\/63d697fc-9bab-33cc-96ab-0755f39ab03e.jpeg\"  style=\"object-position:0% 0%\" width=\"1620\"\/>Bellona-sjef Frederic Hauge trenger ytterligere fire millioner kroner i innsamlingen for \u00e5 redde milj\u00f8stiftelsen fra \u00e5 g\u00e5 konkurs.  Foto: Elisabeth Grosvold Altenborg \/ NTB<\/p>\n<ul aria-hidden=\"true\" class=\"_images_ntbth_112\">\n<li><a class=\"_link_ntbth_117\" href=\"https:\/\/www.vg.no\/forfatter\/ntb\" style=\"z-index:1\" title=\"NTB\" rel=\"nofollow noopener\" target=\"_blank\"><img alt=\"Bilde av NTB\" class=\"_image_ntbth_93\" fetchpriority=\"low\" loading=\"lazy\" decoding=\"async\" itemprop=\"image\"  src=\"https:\/\/www.europesays.com\/no\/wp-content\/uploads\/2026\/06\/1780828752_181_c33980b0-5d07-4027-84a1-813f90a7c8d6.jpeg\"  width=\"480\"\/><\/a><\/li>\n<\/ul>\n<p> Oppdatert s\u00f8ndag 7. juni kl. 12:16     <\/p>\n<p class=\"_paragraph_145nj_4 _paragraph_6fko5_10 layout-component text-serif-m layout-normal text-serif-m layout-padded\">Mandag denne uken ble det kjent at <a href=\"https:\/\/www.vg.no\/tag\/bellona?utm_source=vg-article&amp;utm_medium=auto-tagger&amp;utm_campaign=wrKA31\" class=\"_link_145nj_39\" rel=\"nofollow noopener\" target=\"_blank\">Bellona<\/a> m\u00e5 skaffe til veie 8 millioner kroner innen en uke for \u00e5 unng\u00e5 konkurs. Milj\u00f8organisasjonen opprettet en spleis for \u00e5 samle inn penger.<\/p>\n<p class=\"_paragraph_145nj_4 _paragraph_6fko5_10 layout-component text-serif-m layout-normal text-serif-m layout-padded\">Siden har det if\u00f8lge organisasjonen blitt samlet inn knappe 4 millioner kroner fra over 4000 givere. Milj\u00f8stiftelsen er bare halvveis til m\u00e5let dagen f\u00f8r fristen g\u00e5r.<\/p>\n<p><img alt=\"Daglig leder Sveinung Rotevatn er forsiktig optimist etter at Bellona har samlet inn n\u00e6r 4 millioner kroner i l\u00f8pet av innsamlingsaksjonen.   Foto: Ole Berg-Rusten \/ NTB\" class=\"_image_jw3bv_65 layout-component layout-normal\" data-fullscreen- data-track-element-type=\"Article image fullscreen\" data-track-name=\"ImageFullscreen\" decoding=\"async\" loading=\"lazy\" height=\"6336\" itemprop=\"image\"  src=\"https:\/\/www.europesays.com\/no\/wp-content\/uploads\/2026\/06\/e2a7cce2-6746-30b3-b0ee-799f2da36b47.jpeg\"  style=\"object-position:0% 0%\" width=\"9504\"\/>Daglig leder Sveinung Rotevatn er forsiktig optimist etter at Bellona har samlet inn n\u00e6r 4 millioner kroner i l\u00f8pet av innsamlingsaksjonen.   Foto: Ole Berg-Rusten \/ NTB<\/p>\n<p class=\"_paragraph_145nj_4 _paragraph_6fko5_10 layout-component text-serif-m layout-normal text-serif-m layout-padded\">\u2013 Engasjementet er stort, og vi ser at givere fortsatt kommer til. Jeg tror vi kan komme i m\u00e5l. Vi jobber for fullt gjennom det siste d\u00f8gnet, og har ikke tenkt \u00e5 gi oss f\u00f8r klokka sl\u00e5r, sier daglig leder Sveinung Rotevatn i Bellona i en pressemelding.<\/p>\n<p class=\"_paragraph_145nj_4 _paragraph_6fko5_10 layout-component text-serif-m layout-normal text-serif-m layout-padded\">Innsamlingen p\u00e5 Spleis viser rundt 2,7 millioner innsamlet. I tillegg er det if\u00f8lge Bellona lovet 784.000 kroner fra andre bedrifter. Det utgj\u00f8r en total p\u00e5 rundt 3,5 millioner kroner.<\/p>\n","protected":false},"excerpt":{"rendered":"Styret i Milj\u00f8stiftelsen Bellona skal i morgen kveld avgj\u00f8re stiftelsens skjebne. Fortsatt mangler 4 millioner kroner. Bellona-sjef Frederic&hellip;\n","protected":false},"author":2,"featured_media":259148,"comment_status":"","ping_status":"","sticky":false,"template":"","format":"standard","meta":{"footnotes":"","_share_on_mastodon":"0"},"categories":[10],"tags":[10622,20,21,24,25,15,22,23,13,30,28,29,14,16,26,27],"class_list":["post-259147","post","type-post","status-publish","format-standard","has-post-thumbnail","category-norge","tag-bellona","tag-breaking-news","tag-breakingnews","tag-featured-news","tag-featurednews","tag-headlines","tag-latest-news","tag-latestnews","tag-news","tag-no","tag-norge","tag-norway","tag-nyheter","tag-overskrifter","tag-top-stories","tag-topstories"],"share_on_mastodon":{"url":"https:\/\/pubeurope.com\/@no\/116708400748281312","error":""},"_links":{"self":[{"href":"https:\/\/www.europesays.com\/no\/wp-json\/wp\/v2\/posts\/259147","targetHints":{"allow":["GET"]}}],"collection":[{"href":"https:\/\/www.europesays.com\/no\/wp-json\/wp\/v2\/posts"}],"about":[{"href":"https:\/\/www.europesays.com\/no\/wp-json\/wp\/v2\/types\/post"}],"author":[{"embeddable":true,"href":"https:\/\/www.europesays.com\/no\/wp-json\/wp\/v2\/users\/2"}],"replies":[{"embeddable":true,"href":"https:\/\/www.europesays.com\/no\/wp-json\/wp\/v2\/comments?post=259147"}],"version-history":[{"count":0,"href":"https:\/\/www.europesays.com\/no\/wp-json\/wp\/v2\/posts\/259147\/revisions"}],"wp:featuredmedia":[{"embeddable":true,"href":"https:\/\/www.europesays.com\/no\/wp-json\/wp\/v2\/media\/259148"}],"wp:attachment":[{"href":"https:\/\/www.europesays.com\/no\/wp-json\/wp\/v2\/media?parent=259147"}],"wp:term":[{"taxonomy":"category","embeddable":true,"href":"https:\/\/www.europesays.com\/no\/wp-json\/wp\/v2\/categories?post=259147"},{"taxonomy":"post_tag","embeddable":true,"href":"https:\/\/www.europesays.com\/no\/wp-json\/wp\/v2\/tags?post=259147"}],"curies":[{"name":"wp","href":"https:\/\/api.w.org\/{rel}","templated":true}]}}