{"id":25921,"date":"2025-09-03T13:35:42","date_gmt":"2025-09-03T13:35:42","guid":{"rendered":"https:\/\/www.europesays.com\/no\/25921\/"},"modified":"2025-09-03T13:35:42","modified_gmt":"2025-09-03T13:35:42","slug":"sv-topp-vil-skattelegge-dei-rikaste-enda-meir","status":"publish","type":"post","link":"https:\/\/www.europesays.com\/no\/25921\/","title":{"rendered":"SV-topp vil skattelegge dei rikaste end\u00e5 meir"},"content":{"rendered":"\n<ul class=\"_list_1bvmi_3 _list_1flq1_85 _unordered_1bvmi_99 text-sans-m\">\n<li class=\"_item_1bvmi_30\">SV-toppen Alexander Papas vil skjerpe formuesskatten og innf\u00f8re arveavgifta p\u00e5 nytt. Han seier at vi ikkje treng milliard\u00e6rar. <\/li>\n<li class=\"_item_1bvmi_30\">H\u00f8gre sin Peter Fr\u00f8lich kaller utspelet \u00abforkasteleg\u00bb, \u00e5tvarar om utflytting og \u00abvinn eller forsvinn\u00bb for verksemder.<\/li>\n<li class=\"_item_1bvmi_30\">Papas viser blant anna til at to av tre blant dei 300 rikaste har arva formuen.<\/li>\n<\/ul>\n<p>Vis mer <\/p>\n<p class=\"_paragraph_1bvmi_4 _paragraph_xtcu6_10 layout-component text-serif-m layout-normal text-serif-m layout-padded\">Finansminister Jens Stoltenberg (Ap) rykka m\u00e5ndag ut i den betente formuesskattdebatten. Han <a href=\"https:\/\/www.vg.no\/nyheter\/i\/LMwL5q\/stoltenberg-frykter-2400-nye-rike-nullskattytere\" data-track-element-type=\"Link\" data-track-id=\"link:LMwL5q\" class=\"_link_1bvmi_39\" rel=\"nofollow noopener\" target=\"_blank\">seier til VG<\/a> at han meiner det har vore sterke overdrivingar og fleire feil blant eksempla som er dratt fram.<\/p>\n<p class=\"_paragraph_1bvmi_4 _paragraph_xtcu6_10 layout-component text-serif-m layout-normal text-serif-m layout-padded\">Frp \u00f8nskjer \u00e5 fjerne heile formuesskatten. H\u00f8gre, Venstre og KrF har lova \u00e5 fjerne den p\u00e5 aksjar og driftsmiddel om dei vinn valet.<\/p>\n<p class=\"_paragraph_1bvmi_4 _paragraph_xtcu6_10 layout-component text-serif-m layout-normal text-serif-m layout-padded\">SV sin andrekandidat Alexander Papas (24) i Hordaland tek det eit steg lenger enn Stoltenberg:<\/p>\n<p class=\"_paragraph_1bvmi_4 _paragraph_xtcu6_10 layout-component text-serif-m layout-normal text-serif-m layout-padded\"><strong class=\"_strong_1bvmi_25\">\u2014 La oss kalle ein spade for ein spade. Enorme formuar hj\u00e5 nokre f\u00e5 og sytande rikingar treng vi ikkje, men vi treng pengane, seier Papas.<\/strong><\/p>\n<p class=\"_paragraph_1bvmi_4 _paragraph_xtcu6_10 layout-component text-serif-m layout-normal text-serif-m layout-padded\">\u2014 Vi foresl\u00e5r eit radikalt annleis skattesystem. Vi vil skattlegge dei rikaste meir, og eg meiner det b\u00f8r vere end\u00e5 meir enn det vi t\u00f8r \u00e5 seie h\u00f8gt. Vi treng ikkje milliard\u00e6rar i samfunnet, seier han.<\/p>\n<p><img decoding=\"async\" alt=\"Bilde av Peter Fr\u00f8lich\" class=\"_image_ygndg_42\" height=\"27\" itemprop=\"image\" loading=\"lazy\"  src=\"https:\/\/www.europesays.com\/no\/wp-content\/uploads\/2025\/09\/1f3ead03-9ce1-4a53-9caf-3e56462ebe3f\"  width=\"40\"\/><strong class=\"_name_ygndg_51 title-serif-xs\">Peter Fr\u00f8lich<\/strong><\/p>\n<p class=\"_paragraph_1bvmi_4 text-sans-m _description_ygndg_56\">H\u00f8gre sin tredjekandidat i Hordaland<\/p>\n<p class=\"_paragraph_1bvmi_4 _paragraph_xtcu6_10 layout-component text-serif-m layout-normal text-serif-m layout-padded\">SV har vore regjeringa sin budsjettpartnar dei siste fire \u00e5ra. H\u00f8gre sin stortingspolitikar fr\u00e5 Hordaland, Peter Fr\u00f8lich reagerer kraftig p\u00e5 SV-utspelet:<\/p>\n<p class=\"_paragraph_1bvmi_4 _paragraph_xtcu6_10 layout-component text-serif-m layout-normal text-serif-m layout-padded\">\u2014 Det er ei forkasteleg haldning til dei som skapar verdiar og arbeidsplassar i dette landet, og seier alt om kva som kan skje med n\u00e6ringslivet i Noreg dei neste fire \u00e5ra. Det kan faktisk vere eit vinn eller forsvinn for mange bedrifter i Noreg. Eg blir eigentleg berre matt, seier han til VG. <\/p>\n<p>SV-l\u00f8ysing: Meir skatt<\/p>\n<p class=\"_paragraph_1bvmi_4 _paragraph_xtcu6_10 layout-component text-serif-m layout-normal text-serif-m layout-padded\">Papas er andrekandidat for SV i Hordaland der tidlegare SV-leiar Audun Lysbakken i mange \u00e5r representerte partiet. <\/p>\n<p class=\"_paragraph_1bvmi_4 _paragraph_xtcu6_10 layout-component text-serif-m layout-normal text-serif-m layout-padded\">Papas vil auke skattane og bruke det p\u00e5 skule, helse og forsvar: <\/p>\n<p class=\"_paragraph_1bvmi_4 _paragraph_xtcu6_10 layout-component text-serif-m layout-normal text-serif-m layout-padded\">\u2014 Formuesskatten b\u00f8r skjerpast og ta inn meir pengar. Vi b\u00f8r ogs\u00e5 ha arveskatt i Noreg, seier Papas. <\/p>\n<p><img alt=\"BUDSJETTPARTNAR: Politisk r\u00e5dgjevar Sunniva Bjerkaas (Ap), statsminister Jonas Gahr St\u00f8re (Ap) og SV-leiar Kirsti Bergst\u00f8 etter partileiardebatten p\u00e5 TV 2.   Foto: Helge Mikalsen \/ VG\" class=\"_image_qp4xg_65 layout-component layout-normal\" data-fullscreen- data-track-element-type=\"Article image fullscreen\" data-track-name=\"ImageFullscreen\" decoding=\"async\" loading=\"lazy\" height=\"5351\" itemprop=\"image\"  src=\"https:\/\/www.europesays.com\/no\/wp-content\/uploads\/2025\/09\/2d8243a3-1d3a-4efd-b547-f8ee24e94184\"  style=\"object-position:0% 0%\" width=\"8102\"\/>BUDSJETTPARTNAR: Politisk r\u00e5dgjevar Sunniva Bjerkaas (Ap), statsminister Jonas Gahr St\u00f8re (Ap) og SV-leiar Kirsti Bergst\u00f8 etter partileiardebatten p\u00e5 TV 2.   Foto: Helge Mikalsen \/ VG<\/p>\n<p class=\"_paragraph_1bvmi_4 _paragraph_xtcu6_10 layout-component text-serif-m layout-normal text-serif-m layout-padded\">Han seier at det er for mange rike.<\/p>\n<ul class=\"_list_1bvmi_3 _list_xtcu6_9 _unordered_1bvmi_99 layout-component text-serif-m layout-normal text-serif-m layout-padded\">\n<li class=\"_item_1bvmi_30\">I 2023 var det til saman 96 personar i Noreg med ei skattbar formue p\u00e5 over \u00e9in milliard kroner, ein auke p\u00e5 14 fr\u00e5 \u00e5ret f\u00f8r. <\/li>\n<li class=\"_item_1bvmi_30\">To av tre av dei rikaste 300 nordmennene har arva formuen si, skriv Dagens N\u00e6ringsliv.<\/li>\n<\/ul>\n<p class=\"_paragraph_1bvmi_4 _paragraph_xtcu6_10 layout-component text-serif-m layout-normal text-serif-m layout-padded\">\u2014 Noreg sine tre rikaste sit p\u00e5 ei formue p\u00e5 over 421 milliardar kroner. S\u00e5 mykje pengar b\u00f8r ingen sitje p\u00e5. Det er ikkje berre urettvist at det har blitt slik, det er galskap, seier han.<\/p>\n<p class=\"_paragraph_1bvmi_4 _paragraph_xtcu6_10 layout-component text-serif-m layout-normal text-serif-m layout-padded\">Han peikar p\u00e5 shipping-milliard\u00e6r John Fredriksen, cruise-milliard\u00e6r Torstein Hagen og forvaltar Ole Andreas Halvorsen. Alle bur i utlandet.<\/p>\n<p>Topp tre nordmenn<\/p>\n<p class=\"_paragraph_1bvmi_4 _paragraph_xtcu6_10 _paragraph_16v91_10 layout-component text-serif-m layout-normal text-sans-m layout-padded\">Shipping-milliard\u00e6r John Fredriksen er den rikaste nordmannen og er god for 253 milliardar kroner, if\u00f8lgje Kapital. Han har i mange \u00e5r vore busett p\u00e5 Kypros, men har flytta i \u00e5r til Dubai i Dei foreinte arabiske emirat. <\/p>\n<p class=\"_paragraph_1bvmi_4 _paragraph_xtcu6_10 _paragraph_16v91_10 layout-component text-serif-m layout-normal text-sans-m layout-padded\">Cruise-milliard\u00e6r Torstein Hagen i Sveits er god for 93 milliardar kroner medan forvaltar Ole Andreas Halvorsen i USA skal vere god for 76 milliardar kroner, if\u00f8lgje magasinet.<\/p>\n<p>Vis mer<\/p>\n<p class=\"_paragraph_1bvmi_4 _paragraph_xtcu6_10 layout-component text-serif-m layout-normal text-serif-m layout-padded\">\u2014 Vi bur no i eit Noreg kor nokre familiar ikkje har r\u00e5d til nok mat til ungane sine, medan andre barn st\u00e5r klare til \u00e5 arve milliardar. Det er dette det handlar om. Det g\u00e5r ikkje og det finn eg meg ikkje i, seier han. <\/p>\n<p>\u00abWall of Shame\u00bb<\/p>\n<p class=\"_paragraph_1bvmi_4 _paragraph_xtcu6_10 layout-component text-serif-m layout-normal text-serif-m layout-padded\">SV-leiar Kirsti Bergst\u00f8 fekk internasjonal merksemd i fjor d\u00e5 ho laga det ho kalla ein \u00abWall of Shame\u00bb p\u00e5 stortingskontoret sitt. P\u00e5 veggen hang det avisutklipp med rike menneskje som kritiserte den norske modellen. <\/p>\n<p class=\"_paragraph_1bvmi_4 _paragraph_xtcu6_10 layout-component text-serif-m layout-normal text-serif-m layout-padded\">\u2014 Mange av desse eig bedrifter og skapar verdiar. Kva er gale med det?<\/p>\n<p class=\"_paragraph_1bvmi_4 _paragraph_xtcu6_10 layout-component text-serif-m layout-normal text-serif-m layout-padded\">\u2014 To tredjedelar av milliard\u00e6rane er arvingar. Dei har ikkje st\u00e5tt opp ein einaste dag og jobba for pengane. Dei var berre heldige nok til \u00e5 bli f\u00f8dde inn i ein rik familie. Dei arvar rikdom og makt.<\/p>\n<p class=\"_paragraph_1bvmi_4 _paragraph_xtcu6_10 layout-component text-serif-m layout-normal text-serif-m layout-padded\">\u2014 Vi m\u00e5 slutte \u00e5 snakke om milliard\u00e6rar som dei store skaparane i samfunnet. Dei som skaper verdiane er majoriteten. Folk som st\u00e5r opp og g\u00e5r p\u00e5 jobb.<\/p>\n<p class=\"_paragraph_1bvmi_4 _paragraph_xtcu6_10 layout-component text-serif-m layout-normal text-serif-m layout-padded\">Statsminister Jonas Gahr St\u00f8re (Ap) vil if\u00f8lgje VG sine meiningsm\u00e5lingar vere avhengig av Raudt, SV, MDG og Senterpartiet for \u00e5 styre etter valet.<\/p>\n<p class=\"_paragraph_1bvmi_4 _paragraph_xtcu6_10 layout-component text-serif-m layout-normal text-serif-m layout-padded\">\u2014 Er det du eller SV som meiner dette?<\/p>\n<p class=\"_paragraph_1bvmi_4 _paragraph_xtcu6_10 layout-component text-serif-m layout-normal text-serif-m layout-padded\">\u2014 Eg meiner at dette er naudsynt. Vi treng ikkje dette. S\u00e5 f\u00e5r folk elles snakke for seg sj\u00f8lv, seier han. <\/p>\n<p><img alt=\"ST\u00d8RE SINE VENER: MDG-leiar Arild Hermstad, Raudt-leiar Marie Sneve Martinussen og SV-leiar Kirsti Bergst\u00f8.  Foto: Helge Mikalsen \/ VG\" class=\"_image_qp4xg_65 layout-component layout-normal\" data-fullscreen- data-track-element-type=\"Article image fullscreen\" data-track-name=\"ImageFullscreen\" decoding=\"async\" loading=\"lazy\" height=\"5504\" itemprop=\"image\"  src=\"https:\/\/www.europesays.com\/no\/wp-content\/uploads\/2025\/09\/86654ce1-fe4c-4a2d-94fe-e61b2353d35a\"  style=\"object-position:0% 0%\" width=\"8256\"\/>ST\u00d8RE SINE VENER: MDG-leiar Arild Hermstad, Raudt-leiar Marie Sneve Martinussen og SV-leiar Kirsti Bergst\u00f8.  Foto: Helge Mikalsen \/ VG<\/p>\n<p class=\"_paragraph_1bvmi_4 _paragraph_xtcu6_10 layout-component text-serif-m layout-normal text-serif-m layout-padded\">\u2014 Skattesystemet er politisk styrt. Det \u00e5 skatte for mykje er ikkje \u00e5 forby ei formue. Dersom nokre formuar forsvinn som ein del p\u00e5 grunn av et meir rettferdig skattesystem vil det vere til det beste, seier han.<\/p>\n<p>H\u00f8gre: \u2014 Utflyttinga vil halde fram<\/p>\n<p class=\"_paragraph_1bvmi_4 _paragraph_xtcu6_10 layout-component text-serif-m layout-normal text-serif-m layout-padded\">H\u00f8gre sin stortingspolitikar fr\u00e5 Hordaland, Peter Fr\u00f8lich meiner at SV sin politikk vil sende fleire rikingar ut av landet. <\/p>\n<p class=\"_paragraph_1bvmi_4 _paragraph_xtcu6_10 layout-component text-serif-m layout-normal text-serif-m layout-padded\">\u2014 Det er jo ei veldig grei p\u00e5minning om kva slags politisk stode Noreg har i vente om venstresida vinn valet. Utflyttinga av kapital og arbeidsplassar vil halde fram for fullt. <\/p>\n<p class=\"_paragraph_1bvmi_4 _paragraph_xtcu6_10 layout-component text-serif-m layout-normal text-serif-m layout-padded\">\u2014 Her heime er ikkje venstresida n\u00f8gd f\u00f8r alle som vil byggje noko er jaga p\u00e5 d\u00f8r. Dei har vel klart \u00e5 jage over 500 rike investorar fr\u00e5 landet. Trur SV at dette gjer oss til eit rikare land p\u00e5 sikt?<\/p>\n<p><img alt=\"H\u00d8GRE OM: Peter Fr\u00f8lich, H\u00f8gre-nestleiar Tina Bru og H\u00f8gre-leiar Erna Solberg.  Foto: Helge Mikalsen \/ VG\" class=\"_image_qp4xg_65 layout-component layout-normal\" data-fullscreen- data-track-element-type=\"Article image fullscreen\" data-track-name=\"ImageFullscreen\" decoding=\"async\" loading=\"lazy\" height=\"4985\" itemprop=\"image\"  src=\"https:\/\/www.europesays.com\/no\/wp-content\/uploads\/2025\/09\/b3256395-fd09-4103-8f2b-11586e4598ff\"  style=\"object-position:0% 0%\" width=\"7709\"\/>H\u00d8GRE OM: Peter Fr\u00f8lich, H\u00f8gre-nestleiar Tina Bru og H\u00f8gre-leiar Erna Solberg.  Foto: Helge Mikalsen \/ VG<\/p>\n<p class=\"_paragraph_1bvmi_4 _paragraph_xtcu6_10 layout-component text-serif-m layout-normal text-serif-m layout-padded\">Papas meiner at Fr\u00f8lich har f\u00e5tt panikk f\u00f8r valet.<\/p>\n<p class=\"_paragraph_1bvmi_4 _paragraph_xtcu6_10 layout-component text-serif-m layout-normal text-serif-m layout-padded\">\u2014 Det som er forkasteleg er at Peter Christian Fr\u00f8lich meiner at dei aller rikaste i Noreg nesten ikkje skal betale skatt i det heile tatt. Det vil skje n\u00e5r dei avskaffar eller svekker formuesskatten. Det er ein panikk i H\u00f8gre n\u00e5r biletet deira av r\u00f8ynda raknar, seier han. <\/p>\n<p class=\"_paragraph_1bvmi_4 _paragraph_xtcu6_10 layout-component text-serif-m layout-normal text-serif-m layout-padded\">\u2014 Er du bekymra for at fleire investorar flytte ut av landet om SV kjem til makta? <\/p>\n<p class=\"_paragraph_1bvmi_4 _paragraph_xtcu6_10 layout-component text-serif-m layout-normal text-serif-m layout-padded\">\u2014 Det eg er bekymra for er at enkelte er s\u00e5 gr\u00e5dige at dei ser seg n\u00f8ydd til \u00e5 flytte ut. Eg er uroa n\u00e5r formuesskatten blir brukt som ein syndebukk for \u00e5 pressa ned l\u00f8nningar og arbeidsrettar. Vi har allereie innf\u00f8rt exit-skatt. Vi m\u00e5 gjere meir, seier han.<\/p>\n<p class=\"_paragraph_1bvmi_4 _paragraph_xtcu6_10 layout-component text-serif-m layout-normal text-serif-m layout-padded\">\u2014 Men kva skattepengar vil det bli att dersom fleire investorar flyttar ut? <\/p>\n<p class=\"_paragraph_1bvmi_4 _paragraph_xtcu6_10 layout-component text-serif-m layout-normal text-serif-m layout-padded\">\u2014 Det blir ikkje skattepengar av \u00e5 unnlate \u00e5 skatte av dei heller, seier han. <\/p>\n","protected":false},"excerpt":{"rendered":"SV-toppen Alexander Papas vil skjerpe formuesskatten og innf\u00f8re arveavgifta p\u00e5 nytt. Han seier at vi ikkje treng milliard\u00e6rar.&hellip;\n","protected":false},"author":2,"featured_media":25922,"comment_status":"","ping_status":"","sticky":false,"template":"","format":"standard","meta":{"footnotes":""},"categories":[5],"tags":[20,21,24,25,15,19,1213,22,23,17,18,13,30,28,281,29,14,16,2107,199,26,27,205],"class_list":{"0":"post-25921","1":"post","2":"type-post","3":"status-publish","4":"format-standard","5":"has-post-thumbnail","7":"category-overskrifter","8":"tag-breaking-news","9":"tag-breakingnews","10":"tag-featured-news","11":"tag-featurednews","12":"tag-headlines","13":"tag-hovedoppslag","14":"tag-hoyre-h","15":"tag-latest-news","16":"tag-latestnews","17":"tag-main-news","18":"tag-mainnews","19":"tag-news","20":"tag-no","21":"tag-norge","22":"tag-norsk-politikk","23":"tag-norway","24":"tag-nyheter","25":"tag-overskrifter","26":"tag-sosialistisk-venstreparti-sv","27":"tag-stortingsvalg","28":"tag-top-stories","29":"tag-topstories","30":"tag-vgsamfunn"},"share_on_mastodon":{"url":"","error":""},"_links":{"self":[{"href":"https:\/\/www.europesays.com\/no\/wp-json\/wp\/v2\/posts\/25921","targetHints":{"allow":["GET"]}}],"collection":[{"href":"https:\/\/www.europesays.com\/no\/wp-json\/wp\/v2\/posts"}],"about":[{"href":"https:\/\/www.europesays.com\/no\/wp-json\/wp\/v2\/types\/post"}],"author":[{"embeddable":true,"href":"https:\/\/www.europesays.com\/no\/wp-json\/wp\/v2\/users\/2"}],"replies":[{"embeddable":true,"href":"https:\/\/www.europesays.com\/no\/wp-json\/wp\/v2\/comments?post=25921"}],"version-history":[{"count":0,"href":"https:\/\/www.europesays.com\/no\/wp-json\/wp\/v2\/posts\/25921\/revisions"}],"wp:featuredmedia":[{"embeddable":true,"href":"https:\/\/www.europesays.com\/no\/wp-json\/wp\/v2\/media\/25922"}],"wp:attachment":[{"href":"https:\/\/www.europesays.com\/no\/wp-json\/wp\/v2\/media?parent=25921"}],"wp:term":[{"taxonomy":"category","embeddable":true,"href":"https:\/\/www.europesays.com\/no\/wp-json\/wp\/v2\/categories?post=25921"},{"taxonomy":"post_tag","embeddable":true,"href":"https:\/\/www.europesays.com\/no\/wp-json\/wp\/v2\/tags?post=25921"}],"curies":[{"name":"wp","href":"https:\/\/api.w.org\/{rel}","templated":true}]}}