{"id":259308,"date":"2026-06-07T14:34:20","date_gmt":"2026-06-07T14:34:20","guid":{"rendered":"https:\/\/www.europesays.com\/no\/259308\/"},"modified":"2026-06-07T14:34:20","modified_gmt":"2026-06-07T14:34:20","slug":"kronprinsesse-mette-marit-besoker-marius-borg-hoiby-i-oslo-fengsel-2","status":"publish","type":"post","link":"https:\/\/www.europesays.com\/no\/259308\/","title":{"rendered":"Kronprinsesse Mette-Marit bes\u00f8ker Marius Borg H\u00f8iby i Oslo fengsel"},"content":{"rendered":"<p class=\"kicker \" style=\"\">Kronprinsesse Mette-Marit og kronprins Haakon:\u00a0<\/p>\n<p>    Kronprinsesse Mette-Marit og kronprins Haakon er s\u00f8ndag ettermiddag i Oslo fengsel, der Marius Borg H\u00f8iby sitter i varetekt.\u00a0<\/p>\n<p>\n    DUKKET OPP: Kronprinsessen og kronprinsen s\u00f8ndag ettermiddag. Foto: Morten Risberg \/ Dagbladet\n  <\/p>\n<p>    Kort fortalt<\/p>\n<ul lang=\"nb-NO\">\n<li>Kronprinsesse Mette-Marit og kronprins Haakon bes\u00f8ker Oslo fengsel s\u00f8ndag ettermiddag.<\/li>\n<li>Bes\u00f8ket var relatert til Marius Borg H\u00f8iby, som sitter i varetekt.<\/li>\n<li>H\u00f8iby kan kanskje delta i m\u00f8ter om morens helse etter kriminalomsorgens godkjenning.<\/li>\n<li>Kronprinsesse Mette-Marit er p\u00e5 venteliste for lungetransplantasjon p\u00e5 grunn av alvorlig sykdom.<\/li>\n<\/ul>\n<p class=\"italic ai-disclaimer\" data-lab-italic=\"italic\">Sammendraget er laget av ChatGPT og godkjent av Dagbladet.<\/p>\n<p>      Vis mer<br \/>\n      Vis mindre<\/p>\n<p> S\u00f8ndag formiddag var det bevegelse p\u00e5 Skaugum. Omtrent 13.45 forlot kronprinsesse Mette-Marit (52) og kronprins Haakon (52) boligen i Asker.\u00a0<\/p>\n<p> Like f\u00f8r klokka 15.30 kom to m\u00f8rke biler kj\u00f8rende utenfor Oslo fengsel. Bak rattet p\u00e5 en svart BMW satt kronprinsen, ved siden av ham i forsetet satt kronprinsessen.\u00a0<\/p>\n<p>        <img loading=\"lazy\" decoding=\"async\" src=\"https:\/\/www.europesays.com\/no\/wp-content\/uploads\/2026\/06\/1780842854_761_84729833.webp\" width=\"980\" height=\"559\" alt=\"\" class=\"\" style=\"--aspect-ratio-image: 1.75; \"\/><\/p>\n<p>\n        BES\u00d8K: Kronprinsparet utenfor Oslo fengsel s\u00f8ndag formiddag. De har bes\u00f8kt Marius Borg H\u00f8iby ved flere anledninger. Foto: Morten Risberg \/ Dagbladet\n    <\/p>\n<p>Ansatte ved fengselet hadde allerede \u00e5pnet porten slik at kronprinsparet og bilen med livvaktene kunne kj\u00f8re rett inn p\u00e5 fengselets omr\u00e5de. <\/p>\n<p>Marius Borg H\u00f8iby (29) sitter i varetekt i Oslo fengsel, og bes\u00f8ket skjer \u00e9n dag etter at det ble kjent at han kan v\u00e6re med p\u00e5 et m\u00f8te om morens helse.\u00a0<\/p>\n<p>        <img loading=\"lazy\" decoding=\"async\" src=\"https:\/\/www.europesays.com\/no\/wp-content\/uploads\/2026\/06\/1780842855_925_84729614.webp\" width=\"980\" height=\"559\" alt=\"\" class=\"\" style=\"--aspect-ratio-image: 1.75; \"\/><\/p>\n<p>\n        REISTE: Kronprinsessen og kronprinsen forlot Skaugum rundt 13.45. Litt under to timer seinere var de utenfor oslo fengsel. Foto: \u00d8istein Monsen \/ Dagbladet\n    <\/p>\n<p>\u00c5pner for m\u00f8te med Marius Borg H\u00f8iby\t<\/p>\n<p>Fredag\u00a0<a href=\"https:\/\/www.dagbladet.no\/nyheter\/politiet-sier-nei-svaert-tungt\/84721550\" rel=\"nofollow noopener\" target=\"_blank\">ba Marius Borg H\u00f8iby om \u00e5 bli l\u00f8slatt<\/a>\u00a0i forbindelse med morens alvorlige helsetilstand.\u00a0<\/p>\n<p>Politiadvokat Oda Karterud i Oslo politidistrikt bekreftet til Dagbladet at begj\u00e6ringen ikke ble tatt til f\u00f8lge.<\/p>\n<p>    <a itemprop=\"url\" href=\"https:\/\/www.dagbladet.no\/nyheter\/politiet-sier-nei-svaert-tungt\/84721550\" rel=\"nofollow noopener\" target=\"_blank\"><\/p>\n<p>        <img loading=\"lazy\" decoding=\"async\" src=\"https:\/\/www.europesays.com\/no\/wp-content\/uploads\/2026\/06\/1780842856_921_84630192.webp\" width=\"147\" height=\"98\" alt=\"\" class=\"lazyload\" style=\"--aspect-ratio-image: 1.50; \"\/><\/p>\n<p>        Politiet sier nei: &#8211; Sv\u00e6rt tungt<\/p>\n<p>    <\/a><\/p>\n<p>&#8211; P\u00e5talemyndighetene bekrefter \u00e5 ha mottatt begj\u00e6ringen fra forsvarerne til Marius Borg H\u00f8iby. Vi har tatt stilling til denne og har besluttet \u00e5 ikke l\u00f8slate ham av eget tiltak. Denne blir derfor oversendt til Oslo tingrett for videre behandling, skrev hun i en e-post til Dagbladet.<\/p>\n<p>Like etterp\u00e5 ble det klart at kriminalomsorgen hadde\u00a0<a href=\"https:\/\/www.dagbladet.no\/nyheter\/tilbyr-hoiby-framstilling\/84727293\" rel=\"nofollow noopener\" target=\"_blank\">tilbudt seg \u00e5 gi H\u00f8iby framstilling<\/a>, alts\u00e5 at han f\u00e5r noen timer fri fra varetektsfengslingen.<\/p>\n<p>    <a itemprop=\"url\" href=\"https:\/\/www.dagbladet.no\/kjendis\/ekspert-det-oppstar-spekulasjoner\/84718831\" rel=\"nofollow noopener\" target=\"_blank\"><\/p>\n<p>        <img loading=\"lazy\" decoding=\"async\" src=\"https:\/\/www.europesays.com\/no\/wp-content\/uploads\/2026\/06\/1780842857_255_84718911.webp\" width=\"980\" height=\"441\" alt=\"\" class=\"lazyload\" style=\"--aspect-ratio-image: 2.22; \"\/><\/p>\n<p>        Ekspert: &#8211; Det oppst\u00e5r spekulasjoner<\/p>\n<p>    <\/a><\/p>\n<p>&#8211; Politiet har ikke l\u00f8ftet en finger, men Kriminalomsorgen har kommet p\u00e5 banen og tilbudt seg \u00e5 framstille ham, sier H\u00f8ibys forsvarer Petar Sekulic til\u00a0<a href=\"https:\/\/www.tv2.no\/nyheter\/kan-fa-delta-pa-mette-marit-mote-politiet-har-ikke-loftet-en-finger\/18917450\/\" target=\"_blank\" rel=\"nofollow noopener\">TV 2<\/a>.<\/p>\n<p>        <img loading=\"lazy\" decoding=\"async\" src=\"https:\/\/www.europesays.com\/no\/wp-content\/uploads\/2026\/06\/1780842858_764_84593675.webp\" width=\"667\" height=\"754\" alt=\"\" class=\"\" style=\"--aspect-ratio-image: 0.88; \"\/><\/p>\n<p>\n        OPPSIKTSVEKKENDE: Forsvarer Petar Sekulic reagerte p\u00e5 politiets oppf\u00f8rsel fredag. Foto: Ole Berg-Rusten \/ NTB\n    <\/p>\n<p>Til Dagbladet sa Sekulic at han reagerte p\u00e5 politiets h\u00e5ndtering av saken:\u00a0<\/p>\n<p>&#8211; Har ikke noe annet \u00e5 legge til enn at politiets manglende vilje til \u00e5 bist\u00e5 her er sv\u00e6rt oppsiktsvekkende.<\/p>\n<p>    <a itemprop=\"url\" href=\"https:\/\/www.dagbladet.no\/nyheter\/tilbyr-hoiby-framstilling\/84727293\" rel=\"nofollow noopener\" target=\"_blank\"><\/p>\n<p>        <img loading=\"lazy\" decoding=\"async\" src=\"https:\/\/www.europesays.com\/no\/wp-content\/uploads\/2026\/06\/1780842858_996_84727320.webp\" width=\"980\" height=\"441\" alt=\"\" class=\"lazyload\" style=\"--aspect-ratio-image: 2.22; \"\/><\/p>\n<p>        Tilbyr H\u00f8iby framstilling<\/p>\n<p>    <\/a><\/p>\n<p>&#8211; Utviklingen er alvorlig\t<\/p>\n<p>Fredag 5. juni ble det kjent at kronprinsesse Mette-Marit er satt p\u00e5\u00a0<a href=\"https:\/\/www.dagbladet.no\/kjendis\/pa-liste-for-lungetransplantasjon\/84721386\" target=\"_blank\" rel=\"nofollow noopener\">venteliste for lungetransplantasjon<\/a>\u00a0som f\u00f8lge av sin livstruende og kroniske lungesykdom lungefibrose.\u00a0<\/p>\n<p>Overlege og lungespesialist Are Holm har fulgt kronprinsessen gjennom den alvorlige sykdommen, sammen med hjerte- og lungekirurg og leder for hjerte- og lungetransplantasjonsvirksomheten ved Rikshospitalet, Arnt Fiane. <\/p>\n<p>        P\u00c5 LUNGELISTE: 5. juni ble det kjent at kronprinsesse Mette-Marit st\u00e5r p\u00e5 liste for lungetransplantasjon.<\/p>\n<p> &#8211; Utviklingen av kronprinsessens lungesykdom er alvorlig. Etter en samlet medisinsk vurdering har hun n\u00e5 kommet p\u00e5 lista over personer som vil gjennomg\u00e5 lungetransplantasjon s\u00e5 fort det lar seg gj\u00f8re, sa f\u00f8rstnevnte under pressekonfarensen.\u00a0<\/p>\n<p>        <img loading=\"lazy\" decoding=\"async\" src=\"https:\/\/www.europesays.com\/no\/wp-content\/uploads\/2026\/06\/1780842859_220_84726668.webp\" width=\"686\" height=\"453\" alt=\"\" class=\"\" style=\"--aspect-ratio-image: 1.51; \"\/><\/p>\n<p>\n        DUO: Arnt Fiane og Are Holm under pressekonferansen 5. juni. Der fortalte de om kronprinsessens lungesykdom og om lungetransplantasjon. Foto: John T. Pedersen \/ Dagbladet\n    <\/p>\n<p>Flytter seg n\u00e6rmere mamma\t<\/p>\n<p>Onsdag 3. juni landet Prinsesse Ingrid Alexandra (22) i Oslo, etter \u00e5 ha hastet hjem fra studiebyen Sydney. \u00c5rsaken er kronprinsesse Mette-Marits (52)\u00a0<a href=\"https:\/\/www.dagbladet.no\/kjendis\/pa-liste-for-lungetransplantasjon\/84721386\" rel=\"nofollow noopener\" target=\"_blank\">forverrede helsetilstand<\/a>.\u00a0<\/p>\n<p>Den alvorlige sykdommen medf\u00f8rer ogs\u00e5 at\u00a0<a href=\"https:\/\/www.dagbladet.no\/kjendis\/ingrid-alexandra-flytter-hjem\/84721412\" rel=\"nofollow noopener\" target=\"_blank\">prinsessens hverdag forandres<\/a>. Hun skal ikke studere i Sydney til h\u00f8sten, men fortsetter studiene ved Universitetet i Oslo, mye n\u00e6rmere mora.\u00a0<\/p>\n<p>        DRAR: Kronprinsesse Mette-Marit, kronprins Haakon og prinsesse Ingrid Alexandra forlater Rikshospitalet torsdag ettermiddag. Video: Maja Walberg Klev \/ Dagbladet TV<\/p>\n<p> Prinsesse Ingrid Alexandra flyttet til Sydney i august i fjor, der hun begynte p\u00e5 en tre\u00e5rig Bachelor of Arts ved University of Sydney med fordypning i internasjonale relasjoner og politisk \u00f8konomi. <\/p>\n<p>Slottet bekreftet overgangen til UiO i en pressemelding fredag:\u00a0<\/p>\n<p>    <a itemprop=\"url\" href=\"https:\/\/www.dagbladet.no\/kjendis\/familien-ma-fa-ro\/84721048\" rel=\"nofollow noopener\" target=\"_blank\"><\/p>\n<p>        <img loading=\"lazy\" decoding=\"async\" src=\"https:\/\/www.europesays.com\/no\/wp-content\/uploads\/2026\/06\/1780842860_743_84722128.webp\" width=\"980\" height=\"441\" alt=\"\" class=\"lazyload\" style=\"--aspect-ratio-image: 2.22; \"\/><\/p>\n<p>        &#8211; Familien m\u00e5 f\u00e5 ro<\/p>\n<p>    <\/a><\/p>\n<p> &#8211; For \u00e5 kunne v\u00e6re n\u00e6rmere familien sin, har Hennes Kongelige H\u00f8yhet Prinsesse Ingrid Alexandra reist tilbake til Norge, og vil v\u00e6re p\u00e5 utveksling fra Universitetet i Sydney til Universitetet i Oslo h\u00f8stsemesteret 2026, heter det i pressemeldingen. <\/p>\n<p> Prins Sverre Magnus skal etter planen studere videre i Europa fra h\u00f8sten, kom det fram i den samme pressemeldingen.\u00a0<\/p>\n","protected":false},"excerpt":{"rendered":"Kronprinsesse Mette-Marit og kronprins Haakon:\u00a0 Kronprinsesse Mette-Marit og kronprins Haakon er s\u00f8ndag ettermiddag i Oslo fengsel, der Marius&hellip;\n","protected":false},"author":2,"featured_media":259287,"comment_status":"","ping_status":"","sticky":false,"template":"","format":"standard","meta":{"footnotes":"","_share_on_mastodon":"0"},"categories":[10],"tags":[20,21,24,25,15,479,1764,2293,22,23,400,13,30,28,29,14,17471,16,402,291,26,27],"class_list":["post-259308","post","type-post","status-publish","format-standard","has-post-thumbnail","category-norge","tag-breaking-news","tag-breakingnews","tag-featured-news","tag-featurednews","tag-headlines","tag-kjendis","tag-kronprins-haakon","tag-kronprinsesse-mette-marit","tag-latest-news","tag-latestnews","tag-marius-borg-hoiby","tag-news","tag-no","tag-norge","tag-norway","tag-nyheter","tag-oslo-fengsel","tag-overskrifter","tag-prins-sverre-magnus","tag-prinsesse-ingrid-alexandra","tag-top-stories","tag-topstories"],"share_on_mastodon":{"url":"https:\/\/pubeurope.com\/@no\/116709325380979157","error":""},"_links":{"self":[{"href":"https:\/\/www.europesays.com\/no\/wp-json\/wp\/v2\/posts\/259308","targetHints":{"allow":["GET"]}}],"collection":[{"href":"https:\/\/www.europesays.com\/no\/wp-json\/wp\/v2\/posts"}],"about":[{"href":"https:\/\/www.europesays.com\/no\/wp-json\/wp\/v2\/types\/post"}],"author":[{"embeddable":true,"href":"https:\/\/www.europesays.com\/no\/wp-json\/wp\/v2\/users\/2"}],"replies":[{"embeddable":true,"href":"https:\/\/www.europesays.com\/no\/wp-json\/wp\/v2\/comments?post=259308"}],"version-history":[{"count":0,"href":"https:\/\/www.europesays.com\/no\/wp-json\/wp\/v2\/posts\/259308\/revisions"}],"wp:featuredmedia":[{"embeddable":true,"href":"https:\/\/www.europesays.com\/no\/wp-json\/wp\/v2\/media\/259287"}],"wp:attachment":[{"href":"https:\/\/www.europesays.com\/no\/wp-json\/wp\/v2\/media?parent=259308"}],"wp:term":[{"taxonomy":"category","embeddable":true,"href":"https:\/\/www.europesays.com\/no\/wp-json\/wp\/v2\/categories?post=259308"},{"taxonomy":"post_tag","embeddable":true,"href":"https:\/\/www.europesays.com\/no\/wp-json\/wp\/v2\/tags?post=259308"}],"curies":[{"name":"wp","href":"https:\/\/api.w.org\/{rel}","templated":true}]}}