{"id":259747,"date":"2026-06-08T00:08:10","date_gmt":"2026-06-08T00:08:10","guid":{"rendered":"https:\/\/www.europesays.com\/no\/259747\/"},"modified":"2026-06-08T00:08:10","modified_gmt":"2026-06-08T00:08:10","slug":"mann-ranet-hjemme-i-bergen","status":"publish","type":"post","link":"https:\/\/www.europesays.com\/no\/259747\/","title":{"rendered":"Mann ranet hjemme i Bergen"},"content":{"rendered":"\n<p class=\"_lead_145nj_2 _lead_6fko5_53 layout-component text-serif-m layout-normal text-serif-l layout-component layout-wide layout-padded _wide_17hqh_1 layout-padded\">En mann ble s\u00f8ndag kveld truet med en pistollignende gjenstand og ranet p\u00e5 en privat adresse i Bergen.<\/p>\n<ul aria-hidden=\"true\" class=\"_images_ntbth_112\">\n<li><a class=\"_link_ntbth_117\" href=\"https:\/\/www.vg.no\/forfatter\/ntb\" style=\"z-index:1\" title=\"NTB\" rel=\"nofollow noopener\" target=\"_blank\"><img alt=\"Bilde av NTB\" class=\"_image_ntbth_93\" fetchpriority=\"low\" loading=\"lazy\" decoding=\"async\" itemprop=\"image\"  src=\"https:\/\/akamai.vgc.no\/v2\/images\/c33980b0-5d07-4027-84a1-813f90a7c8d6?format=auto&amp;w=40&amp;s=12099f60f27294379e72bb2dd2b860e725300f59\"  width=\"480\"\/><\/a><\/li>\n<\/ul>\n<p> Oppdatert mandag 8. juni kl. 01:25     <\/p>\n<p class=\"_paragraph_145nj_4 _paragraph_6fko5_10 layout-component text-serif-m layout-normal text-serif-m layout-padded\">\u2013 Mannen ble opps\u00f8kt hjemme av tre gjerningspersoner i Bergenhus bydel, opplyser operasjonsleder Morten Rebnord i Vest politidistrikt.<\/p>\n<p class=\"_paragraph_145nj_4 _paragraph_6fko5_10 layout-component text-serif-m layout-normal text-serif-m layout-padded\">Politiet ble varslet om hendelsen klokken 20.06. Under hendelsen skal han ha blitt truet med en pistollignende gjenstand og fratatt verdisaker. Mannen kom ikke fysisk til skade og varslet selv politiet om ranet.<\/p>\n<p class=\"_paragraph_145nj_4 _paragraph_6fko5_10 layout-component text-serif-m layout-normal text-serif-m layout-padded\">Politiet har s\u00f8kt etter gjerningspersonene uten \u00e5 finne dem. De har ogs\u00e5 sjekket videooverv\u00e5king i omr\u00e5det og innhentet vitneopplysninger.<\/p>\n<p class=\"_paragraph_145nj_4 _paragraph_6fko5_10 layout-component text-serif-m layout-normal text-serif-m layout-padded\">Operasjonslederen forteller til NTB at de har avsluttet s\u00f8ket for kvelden og at saken n\u00e5 er over i etterforskningssporet. Mannen har forklart seg til politiet om det som har skjedd.<\/p>\n<p class=\"_paragraph_145nj_4 _paragraph_6fko5_10 layout-component text-serif-m layout-normal text-serif-m layout-padded\">\u2013 Vi har snakket med ham, men jeg kan ikke g\u00e5 inn p\u00e5 det han har forklart. Men vi har ingen grunn til \u00e5 tvile p\u00e5 det han forteller, sier Rebnord.<\/p>\n<p>    <img decoding=\"async\" alt=\"Tips oss illustrasjon\" src=\"https:\/\/www.europesays.com\/no\/wp-content\/uploads\/2026\/06\/1780863436_220_pssst-small.webp\"\/>    <\/p>\n<p class=\"title-serif-s\">Har du tips?<\/p>\n<p class=\"text-sans-m\">Send oss informasjon, bilder eller video.<\/p>\n<p>  <a href=\"https:\/\/www.vg.no\/tips-oss\" rel=\"nofollow noopener\" target=\"_blank\"> Tips oss <\/a>      <\/p>\n","protected":false},"excerpt":{"rendered":"En mann ble s\u00f8ndag kveld truet med en pistollignende gjenstand og ranet p\u00e5 en privat adresse i Bergen.&hellip;\n","protected":false},"author":2,"featured_media":259748,"comment_status":"","ping_status":"","sticky":false,"template":"","format":"standard","meta":{"footnotes":"","_share_on_mastodon":"0"},"categories":[10],"tags":[444,31,20,21,24,25,15,22,23,13,30,28,29,14,16,3878,26,27,213],"class_list":["post-259747","post","type-post","status-publish","format-standard","has-post-thumbnail","category-norge","tag-bergen","tag-breaking","tag-breaking-news","tag-breakingnews","tag-featured-news","tag-featurednews","tag-headlines","tag-latest-news","tag-latestnews","tag-news","tag-no","tag-norge","tag-norway","tag-nyheter","tag-overskrifter","tag-ran","tag-top-stories","tag-topstories","tag-vest-politidistrikt"],"share_on_mastodon":{"url":"https:\/\/pubeurope.com\/@no\/116711582055275083","error":""},"_links":{"self":[{"href":"https:\/\/www.europesays.com\/no\/wp-json\/wp\/v2\/posts\/259747","targetHints":{"allow":["GET"]}}],"collection":[{"href":"https:\/\/www.europesays.com\/no\/wp-json\/wp\/v2\/posts"}],"about":[{"href":"https:\/\/www.europesays.com\/no\/wp-json\/wp\/v2\/types\/post"}],"author":[{"embeddable":true,"href":"https:\/\/www.europesays.com\/no\/wp-json\/wp\/v2\/users\/2"}],"replies":[{"embeddable":true,"href":"https:\/\/www.europesays.com\/no\/wp-json\/wp\/v2\/comments?post=259747"}],"version-history":[{"count":0,"href":"https:\/\/www.europesays.com\/no\/wp-json\/wp\/v2\/posts\/259747\/revisions"}],"wp:featuredmedia":[{"embeddable":true,"href":"https:\/\/www.europesays.com\/no\/wp-json\/wp\/v2\/media\/259748"}],"wp:attachment":[{"href":"https:\/\/www.europesays.com\/no\/wp-json\/wp\/v2\/media?parent=259747"}],"wp:term":[{"taxonomy":"category","embeddable":true,"href":"https:\/\/www.europesays.com\/no\/wp-json\/wp\/v2\/categories?post=259747"},{"taxonomy":"post_tag","embeddable":true,"href":"https:\/\/www.europesays.com\/no\/wp-json\/wp\/v2\/tags?post=259747"}],"curies":[{"name":"wp","href":"https:\/\/api.w.org\/{rel}","templated":true}]}}