{"id":259827,"date":"2026-06-08T05:15:29","date_gmt":"2026-06-08T05:15:29","guid":{"rendered":"https:\/\/www.europesays.com\/no\/259827\/"},"modified":"2026-06-08T05:15:29","modified_gmt":"2026-06-08T05:15:29","slug":"stad-stad-skipstunnel-stad-skipstunnel-tilbake-pa-budsjettet","status":"publish","type":"post","link":"https:\/\/www.europesays.com\/no\/259827\/","title":{"rendered":"Stad, Stad skipstunnel | Stad skipstunnel tilbake p\u00e5 budsjettet"},"content":{"rendered":"\n<p>Stad skipstunnel er tilbake p\u00e5 statsbudsjettet etter gjennomslag i forhandlingane om revidert nasjonalbudsjett.<\/p>\n<p>Det vart klart d\u00e5 dei raudgr\u00f8ne partia presenterte einigheit p\u00e5 ein pressekonferanse s\u00f8ndag kveld.<\/p>\n<p>D\u00e5 regjeringa la fram revidert nasjonalbudsjett 12. mai, var det ikkje sett av midlar til skipstunnelen. Prosjektet vart dermed vraka nok ein gong, noko som utl\u00f8yste sterke reaksjonar fr\u00e5 b\u00e5de Senterpartiet og Framstegspartiet.<\/p>\n<p>No har Senterpartiet f\u00e5tt viljen sin.<\/p>\n<p>Burde vere punktum<\/p>\n<p>Stortingsrepresentant Erling Sande (Sp) omtalar avtalen som eit viktig gjennombrot.<\/p>\n<p>\u2013 Dette er eit viktig gjennomslag for oss. Bakteppet er at dette er eit viktig prosjekt, p\u00e5 same m\u00e5te som vi byggjer tunnelar under fjellovergangar, seier Sande.<\/p>\n<p>Han meiner skipstunnelen vil gi positive ringverknader langt utover sj\u00f8lve anleggsarbeidet.<\/p>\n<p>\u2013 Prosjektet vil skape aktivitet og arbeidsplassar i heile Nordvestlandet. I tillegg kan massane fr\u00e5 utbygginga nyttast til anna n\u00e6ringsutvikling, noko som er ein ekstra gevinst, seier han.<\/p>\n<p>   <img decoding=\"async\" width=\"576\" height=\"341\" fetchpriority=\"low\"  loading=\"lazy\"  src=\"https:\/\/www.europesays.com\/no\/wp-content\/uploads\/2026\/06\/5_15_1567531+NTB_oZj5Ru90ths.jpg\" alt=\"\" class=\"brick-c-cFOWSL\" style=\"--brick-image-ratio: 576 \/ 341;\"\/><\/p>\n<p>      HELD FRAM: Arbeidet med Stad skipstunnel held fram.<br \/>\n      Foto: Illustrasjon: Kystverket\/Sn\u00f8hetta\n    <\/p>\n<p>\u2013 Det har vore mykje fram og tilbake med skipstunnelen. Burde dette vere punktum p\u00e5 debatten om den skal byggast eller ikkje?<\/p>\n<p>\u2013 Ja, absolutt. Det som gjer at eg trur p\u00e5 det no, er det som er klargjort i vedtaket. Fleirtalet seier at prosjektet skal f\u00e5 ny kostnadsramme og oppstartsmidlar. Dei 150 millionane skal g\u00e5 til arbeidet som startar i haust, og regjeringa f\u00e5r fullmakt til \u00e5 halde fram investeringa, seier han.<\/p>\n<p>Viktig innsats<\/p>\n<p>Sande trekkjer fram arbeidet til innsatsgruppa som har arbeidd for prosjektet, og meiner dei har bidrege til \u00e5 styrkje kunnskapsgrunnlaget rundt skipstunnelen.<\/p>\n<p>\u2013 Det har vore hevda at dette er samferdsleprosjektet med d\u00e5rlegast \u00f8konomisk l\u00f8nsemd. Men det finst fleire prosjekt i Nasjonal transportplan som har svakare samfunns\u00f8konomisk l\u00f8nsemd enn dette, seier Sande.<\/p>\n<p>Med budsjettsemja ligg det dermed an til at arbeidet med verdas f\u00f8rste skipstunnel kan ta eit nytt steg framover etter fleire \u00e5r med politisk dragkamp.<\/p>\n<p><b>Tidlegare saker:<\/b><\/p>\n<p>  <a href=\"https:\/\/www.firda.no\/5-15-2052242\" class=\"related-teaser has-image article--c-MkAkR\" rel=\"nofollow noopener\" target=\"_blank\"><\/p>\n<p>    <img decoding=\"async\" width=\"155\"  loading=\"lazy\"  src=\"https:\/\/www.europesays.com\/no\/wp-content\/uploads\/2026\/06\/2026-03-13+IMG_9741+firdaweb.JPG\" alt=\"\" class=\"brick-c-cFOWSL\" style=\"\"\/><\/p>\n<p>\n            Les ogs\u00e5<\/p>\n<p>            \u2013 Viser kor totalt verkelegheitsfjerne Ap har vore\n        <\/p>\n<p>  <\/a><\/p>\n<p>  <a href=\"https:\/\/www.firda.no\/5-15-2052078\" class=\"related-teaser has-image article--c-MkAkR\" rel=\"nofollow noopener\" target=\"_blank\"><\/p>\n<p>    <img decoding=\"async\" width=\"155\"  loading=\"lazy\"  src=\"https:\/\/www.europesays.com\/no\/wp-content\/uploads\/2026\/06\/5_15_365806+29686980744_0904b8d604_o.jpg\" alt=\"\" class=\"brick-c-cFOWSL\" style=\"\"\/><\/p>\n<p>\n            Les ogs\u00e5<\/p>\n<p>            Frp og Sp gir ikkje opp skipstunnelen\n        <\/p>\n<p>  <\/a><\/p>\n<p>  <a href=\"https:\/\/www.firda.no\/5-15-2051865\" class=\"related-teaser has-image article--c-MkAkR\" rel=\"nofollow noopener\" target=\"_blank\"><\/p>\n<p>    <img decoding=\"async\" width=\"155\"  loading=\"lazy\"  src=\"https:\/\/www.europesays.com\/no\/wp-content\/uploads\/2026\/06\/Hafstadfjelltunnel+9.jpg\" alt=\"\" class=\"brick-c-cFOWSL\" style=\"\"\/><\/p>\n<p>\n            Les ogs\u00e5<\/p>\n<p>            Stad vraka \u2013 ingen andre prosjekt nemnt med eitt ord\n        <\/p>\n<p>  <\/a><\/p>\n<p>  <a href=\"https:\/\/www.firda.no\/5-15-2051652\" class=\"related-teaser has-image article--c-MkAkR\" rel=\"nofollow noopener\" target=\"_blank\"><\/p>\n<p>    <img decoding=\"async\" width=\"155\"  loading=\"lazy\"  src=\"https:\/\/www.europesays.com\/no\/wp-content\/uploads\/2026\/06\/3Q7A9443.jpg\" alt=\"\" class=\"brick-c-cFOWSL\" style=\"\"\/><\/p>\n<p>\n            Les ogs\u00e5<\/p>\n<p>            \u2013 Pinleg korleis dei herjar med Vestlandet\n        <\/p>\n<p>  <\/a><\/p>\n<p>Firda oppdaterer saka. <\/p>\n","protected":false},"excerpt":{"rendered":"Stad skipstunnel er tilbake p\u00e5 statsbudsjettet etter gjennomslag i forhandlingane om revidert nasjonalbudsjett. Det vart klart d\u00e5 dei&hellip;\n","protected":false},"author":2,"featured_media":259828,"comment_status":"","ping_status":"","sticky":false,"template":"","format":"standard","meta":{"footnotes":"","_share_on_mastodon":"0"},"categories":[10],"tags":[36,20,21,24,25,15,22,23,13,30,28,29,14,16,41,2027,1504,1510,26,27],"class_list":["post-259827","post","type-post","status-publish","format-standard","has-post-thumbnail","category-norge","tag-art","tag-breaking-news","tag-breakingnews","tag-featured-news","tag-featurednews","tag-headlines","tag-latest-news","tag-latestnews","tag-news","tag-no","tag-norge","tag-norway","tag-nyheter","tag-overskrifter","tag-politikk","tag-stad","tag-stad-skipstunnel","tag-story","tag-top-stories","tag-topstories"],"share_on_mastodon":{"url":"https:\/\/pubeurope.com\/@no\/116712789111773724","error":""},"_links":{"self":[{"href":"https:\/\/www.europesays.com\/no\/wp-json\/wp\/v2\/posts\/259827","targetHints":{"allow":["GET"]}}],"collection":[{"href":"https:\/\/www.europesays.com\/no\/wp-json\/wp\/v2\/posts"}],"about":[{"href":"https:\/\/www.europesays.com\/no\/wp-json\/wp\/v2\/types\/post"}],"author":[{"embeddable":true,"href":"https:\/\/www.europesays.com\/no\/wp-json\/wp\/v2\/users\/2"}],"replies":[{"embeddable":true,"href":"https:\/\/www.europesays.com\/no\/wp-json\/wp\/v2\/comments?post=259827"}],"version-history":[{"count":0,"href":"https:\/\/www.europesays.com\/no\/wp-json\/wp\/v2\/posts\/259827\/revisions"}],"wp:featuredmedia":[{"embeddable":true,"href":"https:\/\/www.europesays.com\/no\/wp-json\/wp\/v2\/media\/259828"}],"wp:attachment":[{"href":"https:\/\/www.europesays.com\/no\/wp-json\/wp\/v2\/media?parent=259827"}],"wp:term":[{"taxonomy":"category","embeddable":true,"href":"https:\/\/www.europesays.com\/no\/wp-json\/wp\/v2\/categories?post=259827"},{"taxonomy":"post_tag","embeddable":true,"href":"https:\/\/www.europesays.com\/no\/wp-json\/wp\/v2\/tags?post=259827"}],"curies":[{"name":"wp","href":"https:\/\/api.w.org\/{rel}","templated":true}]}}