{"id":25999,"date":"2025-09-03T15:03:12","date_gmt":"2025-09-03T15:03:12","guid":{"rendered":"https:\/\/www.europesays.com\/no\/25999\/"},"modified":"2025-09-03T15:03:12","modified_gmt":"2025-09-03T15:03:12","slug":"nyheter-tv-og-underholdning-sara-emilie-32-skulle-vaere-med-pa-sistemann-ut","status":"publish","type":"post","link":"https:\/\/www.europesays.com\/no\/25999\/","title":{"rendered":"Nyheter, Tv og underholdning | Sara Emilie (32) skulle v\u00e6re med p\u00e5 Sistemann ut"},"content":{"rendered":"\n<p>Avisen Hadeland skrev f\u00f8rst at hun skulle v\u00e6re med i den tredje sesongen av tidenes kanskje st\u00f8rste kjendiskonkurranse, Sistemann ut. Programmet har premiere p\u00e5 TVNorge onsdag.<\/p>\n<p>Sara Emilie Tandberg var blant de 48 nye kjendisene som skal gjennom en mengde sm\u00e5 og store, spr\u00f8 og absurde utfordringer, men i en e-post til avisen avkrefter hun dette.<\/p>\n<p>Grunnet svangerskap m\u00e5tte hun trekke seg fra programmet f\u00f8r innspillingen, skriver hun.<\/p>\n<p>P\u00e5 TV igjen<\/p>\n<p>Tandberg er opprinnelig fra Roa, men bor i Hakadal og bygger hus p\u00e5 Harestua sammen med forloveden Vegard Skau Tj\u00f8nn\u00e5s.<\/p>\n<p>  <a href=\"https:\/\/www.hadeland.no\/5-21-1285803\" class=\"related-teaser has-image default-story-teaser article--c-eRUmMG article--c-eRUmMG-jKCPdD-design-default\" rel=\"nofollow noopener\" target=\"_blank\"><\/p>\n<p>    <img decoding=\"async\" loading=\"lazy\"  src=\"https:\/\/www.europesays.com\/no\/wp-content\/uploads\/2025\/09\/Sara.jpg\" alt=\"\" class=\"brick-c-cFOWSL\" style=\"\"\/><\/p>\n<p>\n            Les ogs\u00e5<\/p>\n<p>              Sara Emilie (32) bygger hus for 25 millioner kroner: \u2013 Vi gleder oss til \u00e5 flytte hjem\n        <\/p>\n<p>  <\/a><\/p>\n<p>I tillegg til \u00e5 v\u00e6re influenser, driver 32-\u00e5ringen sitt eget klesmerke, som har vokst raskt siden det ble etablert i 2021. I 2024 omsatte selskapet for 136 millioner kroner. Selskapet driver hun sammen med forloveden, og har egen butikk p\u00e5 Granstunet i Gran.<\/p>\n<p>Influenseren fra Roa har tidligere v\u00e6rt \u00e5 se i flere sesonger av \u00abBloggerne\u00bb, og i fjor var hun med p\u00e5 \u00ab16-ukers helvete\u00bb.<\/p>\n<p>  <a href=\"https:\/\/www.hadeland.no\/5-21-1176662\" class=\"related-teaser has-image default-story-teaser article--c-eRUmMG article--c-eRUmMG-jKCPdD-design-default\" rel=\"nofollow noopener\" target=\"_blank\"><\/p>\n<p>    <img decoding=\"async\" loading=\"lazy\"  src=\"https:\/\/www.europesays.com\/no\/wp-content\/uploads\/2025\/09\/IMG_2386_1.JPG\" alt=\"\" class=\"brick-c-cFOWSL\" style=\"\"\/><\/p>\n<p>\n            Les ogs\u00e5<\/p>\n<p>              Butikk\u00e5pning i Gran sl\u00e5r egne rekorder: \u2013 Jeg har st\u00e5tt i k\u00f8 siden klokken ni\n        <\/p>\n<p>  <\/a><br \/>\n  Ny programleder<\/p>\n<p>I Sistemann ut skal 48 kjente nordmenn bryne seg p\u00e5 konkurranser i alt mellom himmel og jord. Hver episode inneholder fire ulike utfordringer, og taperen m\u00e5 alltid reise hjem. Den som stadig unng\u00e5r \u00e5 bli eliminert, og til slutt viser seg \u00e5 beherske flere \u00f8velser enn alle de andre, kan kalle seg Norges mest allsidige kjendis \u2013 og vinneren av Sistemann ut.<\/p>\n<p>Nytt av \u00e5ret er at det er at det er tidligere hekkel\u00f8per Christina Vukicevic som er programleder for programmet. Dette er hennes f\u00f8rste jobb som programleder.<\/p>\n<p><b>Her er er alle kjendisene som skal v\u00e6re med i sesong 3:<\/b><\/p>\n<p>Tobias Brandal Bus\u00e6t<\/p>\n<p>Carsten Skjelbreid<\/p>\n<p>Veronica Simon\u00e9 Fjeld<\/p>\n<p>Anders Rydning<\/p>\n<p>Cathrin Prana<\/p>\n<p>Marte Bratberg<\/p>\n<p>Martin Belgen Isaksen<\/p>\n<p>Jonas Lihaug Fredriksen<\/p>\n<p>Helle Staff Nordby<\/p>\n<p>Alexander Sandtorv<\/p>\n<p>Lillian M\u00fcller<\/p>\n<p>Adam Schj\u00f8lberg<\/p>\n<p>Frida Leonore N\u00e6ss<\/p>\n<p>Sigurd Sollien<\/p>\n<p>Jonas Nes Steinset \/ JONE<\/p>\n<p>Benjamin Baarli Silseth<\/p>\n<p>Sondre Rahm<\/p>\n<p>Christian Wehus<\/p>\n<p>Yousef Hadaoui<\/p>\n<p>Kevin Kildal<\/p>\n<p>Karsten Blomvik<\/p>\n<p>Mohammed Basefer<\/p>\n<p>Stig-Andr\u00e9 Berge<\/p>\n<p>Sverre Krogh Sundb\u00f8<\/p>\n<p>Bahare Viken<\/p>\n<p>Scott Maurstad<\/p>\n<p>Pernille Molv\u00e6r Maurstad<\/p>\n<p>Jannecke Weeden<\/p>\n<p>Lina Adampour<\/p>\n<p>Cecilie Bolander<\/p>\n<p>Jonna St\u00f8me<\/p>\n<p>Maria Abrahamsen<\/p>\n<p>Brit Elisabeth Haagensli<\/p>\n<p>Tom Str\u00f8mn\u00e6ss<\/p>\n<p>Lene Alexandra \u00d8ien<\/p>\n<p>Heidi R\u00f8neid<\/p>\n<p>Linnea L\u00f8tvedt<\/p>\n<p>Chioma Anugweje<\/p>\n<p>Glenn Jensen<\/p>\n<p>Ailo Gaup<\/p>\n<p>Johannes Magnussen<\/p>\n<p>Eli Kari Gjengedal<\/p>\n<p>Silje Torp<\/p>\n<p>Lise Karlsnes<\/p>\n<p>Agnete Husebye<\/p>\n<p>Lillian Aaseb\u00f8<\/p>\n<p>Anette B\u00f8e<\/p>\n<p>Tredje sesong av Sistemann ut har premiere p\u00e5 TVNorge og HBO Max onsdag 3. september kl. 20.30.<\/p>\n<p>  <a href=\"https:\/\/www.hadeland.no\/5-21-1374519\" class=\"related-teaser has-image default-story-teaser article--c-eRUmMG article--c-eRUmMG-jKCPdD-design-default\" rel=\"nofollow noopener\" target=\"_blank\"><\/p>\n<p>    <img decoding=\"async\" loading=\"lazy\"  src=\"https:\/\/www.europesays.com\/no\/wp-content\/uploads\/2025\/09\/Millionomsetning+og+forlovelse+for+Sara+Emilie+%2831%29%3A++Oss+to+for+alltid.bin\" alt=\"\" class=\"brick-c-cFOWSL\" style=\"\"\/><\/p>\n<p>\n            Les ogs\u00e5<\/p>\n<p>              Sara Emilie solgte huset etter f\u00f8rste visning\n        <\/p>\n<p>  <\/a><\/p>\n<p>  <a href=\"https:\/\/www.hadeland.no\/5-21-1323667\" class=\"related-teaser has-image default-story-teaser article--c-eRUmMG article--c-eRUmMG-jKCPdD-design-default\" rel=\"nofollow noopener\" target=\"_blank\"><\/p>\n<p>    <img decoding=\"async\" loading=\"lazy\"  src=\"https:\/\/www.europesays.com\/no\/wp-content\/uploads\/2025\/09\/Sara+Emilie+Vixen_1.JPG\" alt=\"\" class=\"brick-c-cFOWSL\" style=\"\"\/><\/p>\n<p>\n            Les ogs\u00e5<\/p>\n<p>              Vegard er Sara Emilies sjef: \u2013 Jeg holder henne i fletta\n        <\/p>\n<p>  <\/a><\/p>\n<p>  <a href=\"https:\/\/www.hadeland.no\/5-21-1322209\" class=\"related-teaser has-image default-story-teaser article--c-eRUmMG article--c-eRUmMG-jKCPdD-design-default\" rel=\"nofollow noopener\" target=\"_blank\"><\/p>\n<p>    <img decoding=\"async\" loading=\"lazy\"  src=\"https:\/\/www.europesays.com\/no\/wp-content\/uploads\/2025\/09\/NTB_IOjrYB5pvGc.jpg\" alt=\"\" class=\"brick-c-cFOWSL\" style=\"\"\/><\/p>\n<p>\n            Les ogs\u00e5<\/p>\n<p>              Sara Emilie vant prisen hun \u00f8nsket \u00e5 vinne: \u2013 Det er vanvittig\n        <\/p>\n<p>  <\/a><\/p>\n","protected":false},"excerpt":{"rendered":"Avisen Hadeland skrev f\u00f8rst at hun skulle v\u00e6re med i den tredje sesongen av tidenes kanskje st\u00f8rste kjendiskonkurranse,&hellip;\n","protected":false},"author":2,"featured_media":26000,"comment_status":"","ping_status":"","sticky":false,"template":"","format":"standard","meta":{"footnotes":""},"categories":[58],"tags":[36,4159,71,4160,2229,479,1974,30,28,29,14,2587,1949,4158,1510,207,4157,72],"class_list":{"0":"post-25999","1":"post","2":"type-post","3":"status-publish","4":"format-standard","5":"has-post-thumbnail","7":"category-underholdning","8":"tag-art","9":"tag-careless","10":"tag-entertainment","11":"tag-harestua","12":"tag-influenser","13":"tag-kjendis","14":"tag-lunner","15":"tag-no","16":"tag-norge","17":"tag-norway","18":"tag-nyheter","19":"tag-reality","20":"tag-roa","21":"tag-sara-emilie-tandberg","22":"tag-story","23":"tag-tv","24":"tag-tv-og-underholdning","25":"tag-underholdning"},"share_on_mastodon":{"url":"","error":""},"_links":{"self":[{"href":"https:\/\/www.europesays.com\/no\/wp-json\/wp\/v2\/posts\/25999","targetHints":{"allow":["GET"]}}],"collection":[{"href":"https:\/\/www.europesays.com\/no\/wp-json\/wp\/v2\/posts"}],"about":[{"href":"https:\/\/www.europesays.com\/no\/wp-json\/wp\/v2\/types\/post"}],"author":[{"embeddable":true,"href":"https:\/\/www.europesays.com\/no\/wp-json\/wp\/v2\/users\/2"}],"replies":[{"embeddable":true,"href":"https:\/\/www.europesays.com\/no\/wp-json\/wp\/v2\/comments?post=25999"}],"version-history":[{"count":0,"href":"https:\/\/www.europesays.com\/no\/wp-json\/wp\/v2\/posts\/25999\/revisions"}],"wp:featuredmedia":[{"embeddable":true,"href":"https:\/\/www.europesays.com\/no\/wp-json\/wp\/v2\/media\/26000"}],"wp:attachment":[{"href":"https:\/\/www.europesays.com\/no\/wp-json\/wp\/v2\/media?parent=25999"}],"wp:term":[{"taxonomy":"category","embeddable":true,"href":"https:\/\/www.europesays.com\/no\/wp-json\/wp\/v2\/categories?post=25999"},{"taxonomy":"post_tag","embeddable":true,"href":"https:\/\/www.europesays.com\/no\/wp-json\/wp\/v2\/tags?post=25999"}],"curies":[{"name":"wp","href":"https:\/\/api.w.org\/{rel}","templated":true}]}}