{"id":260064,"date":"2026-06-08T10:57:13","date_gmt":"2026-06-08T10:57:13","guid":{"rendered":"https:\/\/www.europesays.com\/no\/260064\/"},"modified":"2026-06-08T10:57:13","modified_gmt":"2026-06-08T10:57:13","slug":"helse-helse-more-og-romsdal","status":"publish","type":"post","link":"https:\/\/www.europesays.com\/no\/260064\/","title":{"rendered":"Helse, Helse M\u00f8re og Romsdal"},"content":{"rendered":"\n<p>Et samlet vedtak fra \u00e5rsm\u00f8tet i M\u00f8re og Romsdal Arbeiderparti sl\u00e5r fast at det skal v\u00e6re en sterk og offentlig helsetjeneste i hele M\u00f8re og Romsdal.<\/p>\n<p>Det kommer fram i en pressemelding.<\/p>\n<p>Arbeiderpartiene i Aver\u00f8y, Aure, Gjemnes, Sunndal, Surnadal, Sm\u00f8la og Tingvoll krever at helse- og omsorgsminister Jan Christian Vestre (Ap) griper inn. De ber han om \u00e5 stanse de foresl\u00e5tte kuttene til det pressemeldingen beskriver som sv\u00e6rt s\u00e5rbare grupper.<\/p>\n<p>Bakgrunnen er at administrerende direkt\u00f8r Olav L\u00f8demel forrige fredag meldte at han ville be styret i Helse M\u00f8re og Romsdal (HMR) om <a href=\"https:\/\/www.tk.no\/vil-sette-dms-et-barnetilbudet-i-fylket-og-akutt-og-fode-i-volda-i-spill\/s\/5-51-1866011\" rel=\"Follow nofollow noopener\" target=\"_blank\">\u00e5 utrede strukturelle grep i det samlede tjenestetilbudet i Kristiansund og Volda<\/a>. Tirsdag 2. juni kom ogs\u00e5 nyheten om at de vil samle <a href=\"https:\/\/www.tk.no\/allmote-tirsdag-ogsa-psykiatriske-senger-kan-bli-flyttet-til-molde\/s\/5-51-1864260\" rel=\"Follow nofollow noopener\" target=\"_blank\">de distriktspsykiatriske sentrene (DPS) i Kristiansund og Molde<\/a>.<\/p>\n<p><b>Les mer her:<\/b><\/p>\n<p>  <a href=\"https:\/\/www.tk.no\/5-51-1866011\" class=\"related-teaser has-image article--c-MkAkR\" rel=\"nofollow noopener\" target=\"_blank\"><\/p>\n<p>    <img decoding=\"async\" width=\"155\"  loading=\"lazy\"  src=\"https:\/\/www.europesays.com\/no\/wp-content\/uploads\/2026\/06\/L%C3%B8demel.jpg\" alt=\"\" class=\"brick-c-cFOWSL\" style=\"\"\/><\/p>\n<p>\n            Les ogs\u00e5<\/p>\n<p>            Vil sette DMS-et, barnetilbudet i fylket og akutt og f\u00f8de i Volda i spill\n        <\/p>\n<p>  <\/a><\/p>\n<p>  <a href=\"https:\/\/www.tk.no\/5-51-1864260\" class=\"related-teaser has-image article--c-MkAkR\" rel=\"nofollow noopener\" target=\"_blank\"><\/p>\n<p>    <img decoding=\"async\" width=\"155\"  loading=\"lazy\"  src=\"https:\/\/www.europesays.com\/no\/wp-content\/uploads\/2026\/06\/1780916231_343_unnamed.jpg\" alt=\"\" class=\"brick-c-cFOWSL\" style=\"\"\/><\/p>\n<p>\n            Les ogs\u00e5<\/p>\n<p>            Allm\u00f8te tirsdag: Ogs\u00e5 psykiatriske senger kan bli flyttet til Molde\n        <\/p>\n<p>  <\/a><br \/>\n  \u2013 For stort til \u00e5 h\u00e5ndtere p\u00e5 egen kj\u00f8l<\/p>\n<p>I pressemeldingen skriver partiene at kuttene vil f\u00e5 store konsekvenser for pasientene.<\/p>\n<p>\u2013 Ikke bare for de som benytter DPS, men ogs\u00e5 for pasienttilbudet og beredskapen i hele fylket. Ansatte blir usikre p\u00e5 veien videre.<\/p>\n<p>Beredskap har blitt h\u00f8yst aktualisert de siste \u00e5rene. I tillegg til at 2026 har blitt utpekt som Totalforsvars\u00e5ret, er det et stadig urolig verdensbilde.<\/p>\n<p>\u2013 Det kommuniseres at de m\u00e5 bo folk i hele landet; og kysten er et s\u00e6rs viktig omr\u00e5de \u00e5 beskytte. Derfor m\u00e5 vi ha tilgjengelige og likeverdige helsetjenester; som ambulanse, DPS, barneavdeling og akutt-tjenester, skriver de.<\/p>\n<p>Det samlede helsetilbudet p\u00e5 Nordm\u00f8re og ellers i M\u00f8re og Romsdal st\u00e5r p\u00e5 spill, mener de. De tror for eksempel at de foresl\u00e5tte kuttene i psykiatrien mest sannsynlig vil f\u00f8re til \u00f8kte ventelister.<\/p>\n<p>\u2013 Med de rammene HMR har, vil tilbudet raseres i hele fylket. Det samla innsparingskravet er for stort til at HMR kan h\u00e5ndtere dette p\u00e5 egen kj\u00f8l. Vi m\u00e5 f\u00e5 stille sp\u00f8rsm\u00e5l om finansieringsmodellen er rettferdig, og helseministeren m\u00e5 p\u00e5 banen.<\/p>\n<p>\u2013 Kutt i DPS vil v\u00e6re stikk i strid med f\u00f8ringer om \u00e5 utvikle distriktspsykiatriske tilbud, og man vil samtidig velte en uforholdsmessig stor kostnad og belastning p\u00e5 allerede pressa kommuner, heter det videre.<\/p>\n<p>Stortinget har tidligere i \u00e5r vedtatt <a href=\"https:\/\/www.psykologisk.no\/nyheter\/na-har-stortinget-vedtatt-en-kraftig-styrking-av-psykisk-helsevern\/144760\" rel=\"Follow nofollow noopener\" target=\"_blank\">styrking av psykisk helsevern (bak betalingsmur).<\/a><\/p>\n<p>Temperaturen i den lokale Ap-leiren er n\u00e5 s\u00e5 h\u00f8y at enkelte har begynt \u00e5 snakke h\u00f8yt som sin framtid i partiet.<\/p>\n<p>\u2013 Tar den politiske ledelsen ikke ansvar og s\u00f8rger for at Nordlandet DPS f\u00e5r fortsette med sitt fantastiske arbeid s\u00e5 har jeg ikke et politisk parti \u00e5 v\u00e6re medlem av lengre, skriver Arne Gr\u00f8dahl, medlem av Kristiansund Ap.<\/p>\n<p>  <a href=\"https:\/\/www.tk.no\/5-51-1866183\" class=\"related-teaser has-image article--c-MkAkR\" rel=\"nofollow noopener\" target=\"_blank\"><\/p>\n<p>    <img decoding=\"async\" width=\"155\"  loading=\"lazy\"  src=\"https:\/\/www.europesays.com\/no\/wp-content\/uploads\/2025\/12\/5_51_1458191+20231115_094217.jpg\" alt=\"\" class=\"brick-c-cFOWSL\" style=\"\"\/><\/p>\n<p>\n            Les ogs\u00e5<\/p>\n<p>            Avviser \u00e5 ha satt krisen p\u00e5 spissen: \u2013 Dette er rett og slett en realitet\n        <\/p>\n<p>  <\/a><\/p>\n<p>  <a href=\"https:\/\/www.tk.no\/5-51-1864508\" class=\"related-teaser has-image article--c-MkAkR\" rel=\"nofollow noopener\" target=\"_blank\"><\/p>\n<p>    <img decoding=\"async\" width=\"155\"  loading=\"lazy\"  src=\"https:\/\/www.europesays.com\/no\/wp-content\/uploads\/2026\/06\/5_51_1357740+cueres_scp+mangler_navn_jIiZSh6VPEQ.jpg\" alt=\"\" class=\"brick-c-cFOWSL\" style=\"\"\/><\/p>\n<p>\n            Les ogs\u00e5<\/p>\n<p>            Vil stoppe DPS-kutt i Stortinget: \u2013 En varslet katastrofe\n        <\/p>\n<p>  <\/a><\/p>\n<p>  <a href=\"https:\/\/www.tk.no\/5-51-1864367\" class=\"related-teaser has-image article--c-MkAkR\" rel=\"nofollow noopener\" target=\"_blank\"><\/p>\n<p>    <img decoding=\"async\" width=\"155\"  loading=\"lazy\"  src=\"https:\/\/www.europesays.com\/no\/wp-content\/uploads\/2026\/06\/1780916233_564_DSC_6567.JPG\" alt=\"\" class=\"brick-c-cFOWSL\" style=\"\"\/><\/p>\n<p>\n            Les ogs\u00e5<\/p>\n<p>            Mener HMR fyrer opp fogderistrid igjen\n        <\/p>\n<p>  <\/a><\/p>\n","protected":false},"excerpt":{"rendered":"Et samlet vedtak fra \u00e5rsm\u00f8tet i M\u00f8re og Romsdal Arbeiderparti sl\u00e5r fast at det skal v\u00e6re en sterk&hellip;\n","protected":false},"author":2,"featured_media":246009,"comment_status":"","ping_status":"","sticky":false,"template":"","format":"standard","meta":{"footnotes":"","_share_on_mastodon":"0"},"categories":[10],"tags":[499,36,2054,297,20,21,22849,24,25,6094,15,736,2106,298,10020,22,23,13,30,28,29,14,16,572,41,1510,5032,1716,7810,26,27,2079],"class_list":["post-260064","post","type-post","status-publish","format-standard","has-post-thumbnail","category-norge","tag-arbeiderpartiet","tag-art","tag-aure","tag-averoy","tag-breaking-news","tag-breakingnews","tag-dps-kristiansund","tag-featured-news","tag-featurednews","tag-gjemnes","tag-headlines","tag-helse","tag-helse-more-og-romsdal","tag-kristiansund","tag-kutt","tag-latest-news","tag-latestnews","tag-news","tag-no","tag-norge","tag-norway","tag-nyheter","tag-overskrifter","tag-okonomi","tag-politikk","tag-story","tag-sunndal","tag-surnadal","tag-tingvoll","tag-top-stories","tag-topstories","tag-volda"],"share_on_mastodon":{"url":"https:\/\/pubeurope.com\/@no\/116714134156037181","error":""},"_links":{"self":[{"href":"https:\/\/www.europesays.com\/no\/wp-json\/wp\/v2\/posts\/260064","targetHints":{"allow":["GET"]}}],"collection":[{"href":"https:\/\/www.europesays.com\/no\/wp-json\/wp\/v2\/posts"}],"about":[{"href":"https:\/\/www.europesays.com\/no\/wp-json\/wp\/v2\/types\/post"}],"author":[{"embeddable":true,"href":"https:\/\/www.europesays.com\/no\/wp-json\/wp\/v2\/users\/2"}],"replies":[{"embeddable":true,"href":"https:\/\/www.europesays.com\/no\/wp-json\/wp\/v2\/comments?post=260064"}],"version-history":[{"count":0,"href":"https:\/\/www.europesays.com\/no\/wp-json\/wp\/v2\/posts\/260064\/revisions"}],"wp:featuredmedia":[{"embeddable":true,"href":"https:\/\/www.europesays.com\/no\/wp-json\/wp\/v2\/media\/246009"}],"wp:attachment":[{"href":"https:\/\/www.europesays.com\/no\/wp-json\/wp\/v2\/media?parent=260064"}],"wp:term":[{"taxonomy":"category","embeddable":true,"href":"https:\/\/www.europesays.com\/no\/wp-json\/wp\/v2\/categories?post=260064"},{"taxonomy":"post_tag","embeddable":true,"href":"https:\/\/www.europesays.com\/no\/wp-json\/wp\/v2\/tags?post=260064"}],"curies":[{"name":"wp","href":"https:\/\/api.w.org\/{rel}","templated":true}]}}