{"id":260168,"date":"2026-06-08T13:01:18","date_gmt":"2026-06-08T13:01:18","guid":{"rendered":"https:\/\/www.europesays.com\/no\/260168\/"},"modified":"2026-06-08T13:01:18","modified_gmt":"2026-06-08T13:01:18","slug":"debatt-ffk-sommerferie-for-barn-i-fredrikstad-gratis-vs-dyre-tilbud","status":"publish","type":"post","link":"https:\/\/www.europesays.com\/no\/260168\/","title":{"rendered":"Debatt, FFK | Sommerferie for barn i Fredrikstad: Gratis vs. dyre tilbud"},"content":{"rendered":"<p class=\"vignette\">Debattinnlegg<\/p>\n<p class=\"disclaimer\">Dette er et debattinnlegg, skrevet av en ekstern bidragsyter. Innlegget gir uttrykk for skribentens holdninger.<\/p>\n<p>N\u00e5r et sommeropplegg koster 1.875 kroner per barn, er det rimelig \u00e5 sp\u00f8rre hvor inkluderende det faktisk er er.<\/p>\n<p>Dette reiser et st\u00f8rre sp\u00f8rsm\u00e5l: Hvor er norsk idrett p\u00e5 vei?<\/p>\n<p>Likevel ser vi stadig flere aktiviteter der barn blir kunder og foreldre blir betalere. Ambisjoner og utvikling blir produkter som selges, ogs\u00e5 til de yngste.<\/p>\n<p>   <img decoding=\"async\" width=\"2462\" height=\"2435\" fetchpriority=\"low\"  loading=\"lazy\"  src=\"https:\/\/www.europesays.com\/no\/wp-content\/uploads\/2026\/06\/5d16a479-cddb-4a8e-8894-8029f6c3bfe1.jpg\" alt=\"\" class=\"brick-c-cFOWSL\" style=\"--brick-image-ratio: 2462 \/ 2435;\"\/><\/p>\n<p>      Svein S\u00e6tre, Nestleder Fredrikstad idretts- og aktivitetsr\u00e5d<br \/>\n      Foto: Privat\n    <\/p>\n<p>Sp\u00f8rsm\u00e5let er derfor ikke hvilken aktivitetsuke som er best. Sp\u00f8rsm\u00e5let er hvilken idrettsmodell vi \u00f8nsker at barn f\u00f8dt i 2013 og yngre skal m\u00f8te: en modell som f\u00f8rst og fremst dyrker ambisjoner, eller en modell som f\u00f8rst og fremst bygger tilh\u00f8righet.<\/p>\n<p>For de aller yngste burde svaret kanskje v\u00e6re ganske enkelt.<\/p>\n<p><b>S\u00f8ndag snakket Tarik om barn og kynisme i fotballen:<\/b><\/p>\n<p>  <a href=\"https:\/\/www.f-b.no\/5-59-3924785\" class=\"related-teaser has-image article--c-MkAkR\" rel=\"nofollow noopener\" target=\"_blank\"><\/p>\n<p>    <img decoding=\"async\" width=\"155\"  loading=\"lazy\"  src=\"https:\/\/www.europesays.com\/no\/wp-content\/uploads\/2026\/06\/tarik+_3720+2+copy.jpg\" alt=\"\" class=\"brick-c-cFOWSL\" style=\"\"\/><\/p>\n<p>\n            Les ogs\u00e5<\/p>\n<p>            Gir seg som agent: \u2013 Det handler om verdier og hva jeg m\u00e5 st\u00e5 for\n        <\/p>\n<p>  <\/a><br \/>\n  Tradisjon for at alle skal med<\/p>\n<p>Hver sommer arrangerer en rekke idrettslag i Fredrikstad aktivitetsuker og ferietilbud for barn. Lokale idrettslag \u00e5pner anleggene sine n\u00e5r skolen stenger d\u00f8rene, og gir hundrevis av barn muligheten til \u00e5 v\u00e6re aktive, m\u00f8te venner og oppleve fellesskap gjennom ferien.<\/p>\n<p>Dette er tiltak som i utgangspunktet bygger p\u00e5 de samme verdiene som norsk idrett er tuftet p\u00e5: at alle barn skal f\u00e5 delta, oppleve mestring og kjenne tilh\u00f8righet, uavhengig av ferdigheter, ambisjoner eller familiens \u00f8konomi.<\/p>\n<p>  <a href=\"https:\/\/www.f-b.no\/5-59-3330113\" class=\"related-teaser has-image article--c-MkAkR\" rel=\"nofollow noopener\" target=\"_blank\"><\/p>\n<p>    <img decoding=\"async\" width=\"155\"  loading=\"lazy\"  src=\"https:\/\/www.europesays.com\/no\/wp-content\/uploads\/2026\/06\/DSC_1168.jpg\" alt=\"\" class=\"brick-c-cFOWSL\" style=\"\"\/><\/p>\n<p>\n            Les ogs\u00e5<\/p>\n<p>            Oppskriften for suksess: \u2013 De har udelt v\u00e6rt positive\n        <\/p>\n<p>  <\/a><\/p>\n<p>Barneidretten skal f\u00f8rst og fremst v\u00e6re til for barna. Det er et grunnleggende prinsipp i b\u00e5de barneidrettsbestemmelsene og idrettens verdigrunnlag, der lek, trygghet, inkludering og utvikling p\u00e5 barnas premisser st\u00e5r sentralt.<\/p>\n<p><a class=\"brick-c-hOTghF\" href=\"#skip-\">Hopp over karusellen.<\/a><\/p>\n<p data-static=\"\" class=\"brick-c-fgNmNC\" id=\"carousel-title-\">Innholdskarusell med 20 artikler.<\/p>\n<ul data-static=\"\" aria-label=\"Navigasjon for innholdskarusell\" class=\"carousel-nav\">\n<li>\n<\/li>\n<li>\n<\/li>\n<\/ul>\n<p>Idrettsforbundet snakker ofte om at flest mulig skal v\u00e6re med lengst mulig. Barneidrettsbestemmelsene bygger p\u00e5 prinsipper om lek, trygghet, allsidighet og inkludering.<\/p>\n<blockquote class=\"article--c-WooUv theme-white\">\n<p class=\"blockquote-text\">M\u00e5let er ikke \u00e5 identifisere morgendagens elitespillere, men \u00e5 gi barn positive opplevelser.<\/p>\n<\/blockquote>\n<p>M\u00e5let er ikke \u00e5 identifisere morgendagens elitespillere, men \u00e5 gi barn positive opplevelser som gj\u00f8r at de \u00f8nsker \u00e5 v\u00e6re en del av idrettsfellesskapet s\u00e5 lenge som mulig.<\/p>\n<p>To ganske ulike syn p\u00e5 hva idretten skal v\u00e6re<\/p>\n<p>To ulike tiln\u00e6rminger. Likevel ser vi at aktivitetsukenes behov for \u00f8konomi organiseres p\u00e5 sv\u00e6rt ulike m\u00e5ter. Noen velger modeller der deltakerne betaler betydelige summer for \u00e5 v\u00e6re med, mens andre bruker sponsormidler, s\u00f8kbare ordninger og midler som er ment \u00e5 bygge ned \u00f8konomi som barriere.<\/p>\n<p>  <a href=\"https:\/\/www.f-b.no\/5-59-3589452\" class=\"related-teaser has-image article--c-MkAkR\" rel=\"nofollow noopener\" target=\"_blank\"><\/p>\n<p>    <img decoding=\"async\" width=\"155\"  loading=\"lazy\"  src=\"https:\/\/www.europesays.com\/no\/wp-content\/uploads\/2026\/06\/Aktivitetsuka4.jpg\" alt=\"\" class=\"brick-c-cFOWSL\" style=\"\"\/><\/p>\n<p>\n            Les ogs\u00e5<\/p>\n<p>            \u2013 Bli med p\u00e5 trening i lunsjen!\n        <\/p>\n<p>  <\/a><\/p>\n<p>Sammen med frivillige krefter makter disse klubbene \u00e5 gj\u00f8re tilbudene gratis og tilgjengelige for alle. Begge variantene kan v\u00e6re godt ment. Og, i begge type tiltak kan barna f\u00e5 gode opplevelser. Men forskjellene reiser et viktig sp\u00f8rsm\u00e5l om hvilke prioriteringer som best ivaretar idrettens samfunnsoppdrag.<\/p>\n<p>Begge tiltakene har sponsorer i ryggen. Begge snakker om inkludering, fellesskap og mestring. Men m\u00e5ten ressursene brukes p\u00e5 illustrerer to ganske ulike syn p\u00e5 hva idretten skal v\u00e6re.<\/p>\n<p>Lervik IF har en annen tiln\u00e6rming enn FFK<\/p>\n<p>P\u00e5 den ene siden finner vi OBOS-Camp i regi av FFK. Fire timer i et femdagers fotballtilbud for barn mellom 6 og 13 \u00e5r, med trener-ressurser fra klubbens utviklingsavdeling, lunsj, drakt og ball inkludert. Pris: 1.875 kroner per barn.<\/p>\n<blockquote class=\"article--c-WooUv theme-white\">\n<p class=\"blockquote-text\">N\u00e5r et kommersielt sommeropplegg koster 1.875 kroner per barn, er det rimelig \u00e5 sp\u00f8rre hvor inkluderende det faktisk er.<\/p>\n<\/blockquote>\n<p>FFK representerer naturligvis ambisjoner, utvikling og prestasjon. Det er viktige verdier i idretten. Samtidig er m\u00e5lgruppen her barn ned til seks \u00e5r.<\/p>\n<p>N\u00e5r et kommersielt sommeropplegg koster 1.875 kroner per barn, er det rimelig \u00e5 sp\u00f8rre hvor inkluderende det faktisk er, uansett hvor mange ganger ordet brukes i markedsf\u00f8ringen.<\/p>\n<p>Ingen kan kritisere FFK for \u00e5 tilby et godt sportslig opplegg. Men det m\u00e5 v\u00e6re lov \u00e5 diskutere om sponsorst\u00f8tte f\u00f8rst og fremst skal bidra til \u00e5 redusere kostnadene for familiene eller finansiere aktiviteter som allerede har en betydelig deltakeravgift.<\/p>\n<p>P\u00e5 den andre siden finner vi Lervik IFs Aktivitetsuke. Ogs\u00e5 her f\u00e5r barna fem dager med aktivitet, fra 08.00 til 15.00, m\u00e5ltider og trygge voksne rundt seg. Forskjellen er at tilbudet er gratis.<\/p>\n<p>Lervik IF har valgt en annen tiln\u00e6rming.<\/p>\n<p>Der brukes sponsormidlene til \u00e5 senke terskelen helt ned til null. Alle barn kan delta, uavhengig av familiens \u00f8konomi. Ikke bare det, klubben bruker ogs\u00e5 sponsorst\u00f8tten til \u00e5 gi rundt 15 ungdommer sommerjobb og verdifull arbeidserfaring.<\/p>\n<p>  <a href=\"https:\/\/www.f-b.no\/5-59-3306746\" class=\"related-teaser has-image article--c-MkAkR\" rel=\"nofollow noopener\" target=\"_blank\"><\/p>\n<p>    <img decoding=\"async\" width=\"155\"  loading=\"lazy\"  src=\"https:\/\/www.europesays.com\/no\/wp-content\/uploads\/2026\/06\/441991933_474013344990955_5569480962536314995_n.jpg\" alt=\"\" class=\"brick-c-cFOWSL\" style=\"\"\/><\/p>\n<p>\n            Les ogs\u00e5<\/p>\n<p>            Fotballfeber i R\u00e5de: \u2013 Vi vil tilbake hit neste \u00e5r ogs\u00e5!\n        <\/p>\n<p>  <\/a><\/p>\n<p>I tillegg investeres det i ungdommene som f\u00e5r sitt f\u00f8rste m\u00f8te med arbeidslivet. Det handler ikke bare om idrett, men ogs\u00e5 om samfunnsbygging. N\u00e5r en lokal breddeklubb klarer \u00e5 gi over 120 barn en gratis aktivitetsuke med mat hver dag, samtidig som ungdom f\u00e5r sommerjobb, viser det at sponsorpenger kan brukes p\u00e5 en annen m\u00e5te.<\/p>\n<p>Ikke n\u00f8dvendigvis for \u00e5 utvikle neste elitespiller, men kanskje for \u00e5 utvikle neste generasjon samfunnsborgere.<\/p>\n","protected":false},"excerpt":{"rendered":"Debattinnlegg Dette er et debattinnlegg, skrevet av en ekstern bidragsyter. Innlegget gir uttrykk for skribentens holdninger. N\u00e5r et&hellip;\n","protected":false},"author":2,"featured_media":260169,"comment_status":"","ping_status":"","sticky":false,"template":"","format":"standard","meta":{"footnotes":"","_share_on_mastodon":"0"},"categories":[59],"tags":[36,37,513,92,30,28,29,1533,83,82],"class_list":["post-260168","post","type-post","status-publish","format-standard","has-post-thumbnail","category-sport","tag-art","tag-debatt","tag-ffk","tag-fotball","tag-no","tag-norge","tag-norway","tag-opinion","tag-sport","tag-sports"],"share_on_mastodon":{"url":"https:\/\/pubeurope.com\/@no\/116714621897989910","error":""},"_links":{"self":[{"href":"https:\/\/www.europesays.com\/no\/wp-json\/wp\/v2\/posts\/260168","targetHints":{"allow":["GET"]}}],"collection":[{"href":"https:\/\/www.europesays.com\/no\/wp-json\/wp\/v2\/posts"}],"about":[{"href":"https:\/\/www.europesays.com\/no\/wp-json\/wp\/v2\/types\/post"}],"author":[{"embeddable":true,"href":"https:\/\/www.europesays.com\/no\/wp-json\/wp\/v2\/users\/2"}],"replies":[{"embeddable":true,"href":"https:\/\/www.europesays.com\/no\/wp-json\/wp\/v2\/comments?post=260168"}],"version-history":[{"count":0,"href":"https:\/\/www.europesays.com\/no\/wp-json\/wp\/v2\/posts\/260168\/revisions"}],"wp:featuredmedia":[{"embeddable":true,"href":"https:\/\/www.europesays.com\/no\/wp-json\/wp\/v2\/media\/260169"}],"wp:attachment":[{"href":"https:\/\/www.europesays.com\/no\/wp-json\/wp\/v2\/media?parent=260168"}],"wp:term":[{"taxonomy":"category","embeddable":true,"href":"https:\/\/www.europesays.com\/no\/wp-json\/wp\/v2\/categories?post=260168"},{"taxonomy":"post_tag","embeddable":true,"href":"https:\/\/www.europesays.com\/no\/wp-json\/wp\/v2\/tags?post=260168"}],"curies":[{"name":"wp","href":"https:\/\/api.w.org\/{rel}","templated":true}]}}