{"id":260481,"date":"2026-06-08T19:42:10","date_gmt":"2026-06-08T19:42:10","guid":{"rendered":"https:\/\/www.europesays.com\/no\/260481\/"},"modified":"2026-06-08T19:42:10","modified_gmt":"2026-06-08T19:42:10","slug":"taus-om-mulig-bellona-konkurs-e24","status":"publish","type":"post","link":"https:\/\/www.europesays.com\/no\/260481\/","title":{"rendered":"Taus om mulig Bellona-konkurs &#8211; E24"},"content":{"rendered":"<ol>\n<li><a href=\"https:\/\/news.google.com\/rss\/articles\/CBMieEFVX3lxTE5WSmlMYS0xRlNPS2R2aGNWcTRLbS03VFNnd2o5cTNTRzg3MzdfcHFpLXVkUG13a19QaVpQelRibkpuUktxd1FsbkxlVnIxRk80V1UxaUEwS094bXdVR2ZLbV9ISncxZG9jRDVuUk9BTVgzYzdCTWh3cw?oc=5\" target=\"_blank\" rel=\"nofollow noopener\">Taus om mulig Bellona-konkurs<\/a>&nbsp;&nbsp;E24<\/li>\n<li><a href=\"https:\/\/news.google.com\/rss\/articles\/CBMikgFBVV95cUxNRlRMRHRJT1VzejRHTFc2MEZyOHBZZU9tU1lpODlRYXJra0gtTUJELWlESlVBVGNkQjYtNWRXeERHZ2MzQ1ViX2ZyOUl3N1JNc3N1MDNnbFhhQUR5UmVJSlFjWVVMelpHYVZabFp4RU8tNWpLQ1ZqdmhlTlhiX3oxbHZfaG5zZElKejBIWHZwdjQ0QQ?oc=5\" target=\"_blank\" rel=\"nofollow noopener\">Vinn eller forsvinn for Bellona: \u2013\u2060 Det er v\u00e5r egen feil<\/a>&nbsp;&nbsp;VG<\/li>\n<li><a href=\"https:\/\/news.google.com\/rss\/articles\/CBMioAFBVV95cUxNLTBVVEJ2RlFrYVctQjhHcGlhYVNjU2FnNUNFU29TQjY4QVR0SVhfZFdiU3FrT3JVOXZGTjdYb2hnOVBvN2FOYms2cjNYRVNOTEx3QTRnaTlsd0Y2SERVUVRFaGx0alU5TUtvZ0VLS3VTMGFxaXNIdzk1cU44c0dmT204ZUxWamVtX0FHOHhNWTJuVWo3dlNWM3VkUlFFeVhK?oc=5\" target=\"_blank\" rel=\"nofollow noopener\">Skjebnedag for Bellona: \u2013 N\u00e5 st\u00e5r det om overlevelse<\/a>&nbsp;&nbsp;Aftenposten<\/li>\n<li><a href=\"https:\/\/news.google.com\/rss\/articles\/CBMiqwFBVV95cUxNR0dyNXJoUnk1SWxfT0hSYmpnLUYzbEtTNk8tTFhqQkZZQzJPczVtZU5LeVExQkVkMXYtWlFuTXdZY0JMazMxeWxoVEVkaThUQ3JpNVRwN3dSYUxSdldJa3lxd0dPV1Baa3g3OGtIZkNzN0NaMUo3OEM2MXlLY1luZnJtTS1yQWZsOFpBb2t1eEFITkNZYnNEcGRnZktURzlhcFZhYXUxUllIc00?oc=5\" target=\"_blank\" rel=\"nofollow noopener\">Skjebnen kan v\u00e6re beseglet for Bellona \u2013 m\u00f8ter pressen tirsdag morgen<\/a>&nbsp;&nbsp;TV 2<\/li>\n<li><a href=\"https:\/\/news.google.com\/rss\/articles\/CBMiowFBVV95cUxQeVoxdWpiLWFaVUxTMjRUM1lQTGp3allidFRnYTlsRnFtOGxsTGpTMzluSG96TDk4VDdxemdBRXp4WW9YU3hQSUdCZ0dnZC1DN2p2V0dyNV9rbkdNcGlLeC11c1FKSzlVc1g4bjNIS0pRLWNsQkdHclhTYkhMSjVSTXh2cko4OVVqb0p6Ujg5QnlvekQ1SmZtWFljYWwybVFhR3k4?oc=5\" target=\"_blank\" rel=\"nofollow noopener\">Bellona m\u00e5 skaffe 4 millioner kroner p\u00e5 ett d\u00f8gn<\/a>&nbsp;&nbsp;adressa.no<\/li>\n<\/ol>\n","protected":false},"excerpt":{"rendered":"Taus om mulig Bellona-konkurs&nbsp;&nbsp;E24 Vinn eller forsvinn for Bellona: \u2013\u2060 Det er v\u00e5r egen feil&nbsp;&nbsp;VG Skjebnedag for Bellona:&hellip;\n","protected":false},"author":2,"featured_media":260482,"comment_status":"","ping_status":"","sticky":false,"template":"","format":"standard","meta":{"footnotes":"","_share_on_mastodon":"0"},"categories":[5],"tags":[10622,20,21,24,25,1792,15,19,22,23,17,18,13,30,28,29,14,16,14039,26,27],"class_list":["post-260481","post","type-post","status-publish","format-standard","has-post-thumbnail","category-overskrifter","tag-bellona","tag-breaking-news","tag-breakingnews","tag-featured-news","tag-featurednews","tag-frederic-hauge","tag-headlines","tag-hovedoppslag","tag-latest-news","tag-latestnews","tag-main-news","tag-mainnews","tag-news","tag-no","tag-norge","tag-norway","tag-nyheter","tag-overskrifter","tag-sveinung-rotevatn","tag-top-stories","tag-topstories"],"share_on_mastodon":{"url":"https:\/\/pubeurope.com\/@no\/116716198059033685","error":""},"_links":{"self":[{"href":"https:\/\/www.europesays.com\/no\/wp-json\/wp\/v2\/posts\/260481","targetHints":{"allow":["GET"]}}],"collection":[{"href":"https:\/\/www.europesays.com\/no\/wp-json\/wp\/v2\/posts"}],"about":[{"href":"https:\/\/www.europesays.com\/no\/wp-json\/wp\/v2\/types\/post"}],"author":[{"embeddable":true,"href":"https:\/\/www.europesays.com\/no\/wp-json\/wp\/v2\/users\/2"}],"replies":[{"embeddable":true,"href":"https:\/\/www.europesays.com\/no\/wp-json\/wp\/v2\/comments?post=260481"}],"version-history":[{"count":0,"href":"https:\/\/www.europesays.com\/no\/wp-json\/wp\/v2\/posts\/260481\/revisions"}],"wp:featuredmedia":[{"embeddable":true,"href":"https:\/\/www.europesays.com\/no\/wp-json\/wp\/v2\/media\/260482"}],"wp:attachment":[{"href":"https:\/\/www.europesays.com\/no\/wp-json\/wp\/v2\/media?parent=260481"}],"wp:term":[{"taxonomy":"category","embeddable":true,"href":"https:\/\/www.europesays.com\/no\/wp-json\/wp\/v2\/categories?post=260481"},{"taxonomy":"post_tag","embeddable":true,"href":"https:\/\/www.europesays.com\/no\/wp-json\/wp\/v2\/tags?post=260481"}],"curies":[{"name":"wp","href":"https:\/\/api.w.org\/{rel}","templated":true}]}}