{"id":26060,"date":"2025-09-03T16:04:05","date_gmt":"2025-09-03T16:04:05","guid":{"rendered":"https:\/\/www.europesays.com\/no\/26060\/"},"modified":"2025-09-03T16:04:05","modified_gmt":"2025-09-03T16:04:05","slug":"nerid-30-ble-funnet-drept-na-skal-kjaeresten-stilles-for-retten","status":"publish","type":"post","link":"https:\/\/www.europesays.com\/no\/26060\/","title":{"rendered":"Nerid (30) ble funnet drept \u2013 n\u00e5 skal kj\u00e6resten stilles for retten"},"content":{"rendered":"\n<p class=\"_lead_ew2ao_2 _lead_xtcu6_50 layout-component text-serif-m layout-normal text-serif-l layout-component layout-wide layout-padded _wide_17hqh_1 layout-padded\">Over fem \u00e5r etter at Nerid H\u00f8iness ble funnet drept i jungelen i Laos skal den drapssiktede kj\u00e6resten hennes, Hiroyuki Ogu (42), stilles for retten. <\/p>\n<p><img alt=\"Nerid H\u00f8iness (30) ble funnet drept i den laotiske jungelen.  Foto: Privat \" class=\"_image_qp4xg_65 layout-component layout-wide\" data-fullscreen- data-track-element-type=\"Article image fullscreen\" data-track-name=\"ImageFullscreen\" fetchpriority=\"high\" decoding=\"sync\" loading=\"eager\" height=\"2468\" itemprop=\"image\"  src=\"https:\/\/www.europesays.com\/no\/wp-content\/uploads\/2025\/09\/c0179b2d-4f87-42fe-80ac-f25de30bc06f\"  style=\"object-position:0% 0%\" width=\"2720\"\/>Nerid H\u00f8iness (30) ble funnet drept i den laotiske jungelen.  Foto: Privat <\/p>\n<ul aria-hidden=\"true\" class=\"_images_1y6fe_106\">\n<li><a class=\"_link_1y6fe_111\" href=\"https:\/\/www.vg.no\/forfatter\/harpreet-kaur-nijjer\" style=\"z-index:2\" title=\"Harpreet Kaur Nijjer\" rel=\"nofollow noopener\" target=\"_blank\"><img alt=\"Bilde av Harpreet Kaur Nijjer\" class=\"_image_1y6fe_88\" fetchpriority=\"low\" loading=\"lazy\" decoding=\"async\" itemprop=\"image\"  src=\"https:\/\/www.europesays.com\/no\/wp-content\/uploads\/2025\/09\/1756915445_763_9915841b-33cb-470f-8ab4-1d1650cff10e\"  width=\"480\"\/><\/a><\/li>\n<li><a class=\"_link_1y6fe_111\" href=\"https:\/\/www.vg.no\/forfatter\/natalie-remoee-hansen\" style=\"z-index:1\" title=\"Natalie Rem\u00f8e Hansen\" rel=\"nofollow noopener\" target=\"_blank\"><img alt=\"Bilde av Natalie Rem\u00f8e Hansen\" class=\"_image_1y6fe_88\" fetchpriority=\"low\" loading=\"lazy\" decoding=\"async\" itemprop=\"image\"  src=\"https:\/\/www.europesays.com\/no\/wp-content\/uploads\/2025\/09\/7e7929f1-4c24-4f74-97da-e10d351b987e\"  width=\"480\"\/><\/a><\/li>\n<\/ul>\n<p> Oppdatert onsdag 3. september kl. 17:35     <\/p>\n<p class=\"_paragraph_ew2ao_4 _paragraph_xtcu6_10 layout-component text-serif-m layout-normal text-serif-m layout-padded\">Nesten et halvt \u00e5r f\u00f8r Nerid ble funnet drept, reiste hun til Thailand for \u00e5 f\u00f8lge dr\u00f8mmen om \u00e5 bli yogal\u00e6rer. <\/p>\n<p class=\"_paragraph_ew2ao_4 _paragraph_xtcu6_10 layout-component text-serif-m layout-normal text-serif-m layout-padded\">Der skal hun ha m\u00f8tt Ogu, som hun falt pladask for. <\/p>\n<p class=\"_paragraph_ew2ao_4 _paragraph_xtcu6_10 layout-component text-serif-m layout-normal text-serif-m layout-padded\">Sammen reiste de over grensen til Laos den 8. januar 2020. Det var ogs\u00e5 siste gang Nerids mor, Ellen H\u00f8iness, h\u00f8rte fra datteren sin. <\/p>\n<p class=\"_paragraph_ew2ao_4 _paragraph_xtcu6_10 layout-component text-serif-m layout-normal text-serif-m layout-padded\">H\u00f8r podkasten om hva som skjedde med Nerid her: <\/p>\n<p class=\"_paragraph_ew2ao_4 _paragraph_xtcu6_10 layout-component text-serif-m layout-normal text-serif-m layout-padded\">If\u00f8lge moren til Nerid skal n\u00e5 Ogu stilles for retten i september. Men en konkret dato for rettsaken, forteller hun at enn\u00e5 ikke er satt. <\/p>\n<p class=\"_paragraph_ew2ao_4 _paragraph_xtcu6_10 layout-component text-serif-m layout-normal text-serif-m layout-padded\"><a href=\"https:\/\/www.tv2.no\/nyheter\/innenriks\/nerid-30-ble-funnet-drept-i-jungelen-na-skal-kjaeresten-stilles-for-retten\/18062354\/\" class=\"_link_ew2ao_39\" rel=\"nofollow noopener\" target=\"_blank\">TV2 <\/a>omtalte saken f\u00f8rst. <\/p>\n<p><img alt=\"Hiroyuki Ogu (42) er tiltalt for drapet p\u00e5 Nerid H\u00f8iness.   Foto: Interpol\" class=\"_image_qp4xg_65 layout-component layout-normal\" data-fullscreen- data-track-element-type=\"Article image fullscreen\" data-track-name=\"ImageFullscreen\" decoding=\"async\" loading=\"lazy\" height=\"2287\" itemprop=\"image\"  src=\"https:\/\/www.europesays.com\/no\/wp-content\/uploads\/2025\/09\/49ef2aec-893c-4cce-a60a-75f0b8c23c93\"  style=\"object-position:0% 0%\" width=\"1500\"\/>Hiroyuki Ogu (42) er tiltalt for drapet p\u00e5 Nerid H\u00f8iness.   Foto: Interpol<\/p>\n<p class=\"_paragraph_ew2ao_4 _paragraph_xtcu6_10 layout-component text-serif-m layout-normal text-serif-m layout-padded\">Akkurat hvor lenge Ogu har sittet fengslet uten dom hittil er uklart.<\/p>\n<p class=\"_paragraph_ew2ao_4 _paragraph_xtcu6_10 layout-component text-serif-m layout-normal text-serif-m layout-padded\">Ellen H\u00f8iness har blitt fortalt at laotisk lov ikke setter en grense for hvor lenge en person kan sitte fengslet uten en dom. I praksis er det opp til domstolen \u00e5 vurdere. <\/p>\n<p class=\"_paragraph_ew2ao_4 _paragraph_xtcu6_10 layout-component text-serif-m layout-normal text-serif-m layout-padded\">Her kan du lese del 1 i historien om Nerid H\u00f8iness: <\/p>\n<p class=\"_paragraph_ew2ao_4 _paragraph_xtcu6_10 layout-component text-serif-m layout-normal layout-padded\"><a href=\"https:\/\/www.vg.no\/spesial\/2022\/nerid\/\" class=\"_link_ew2ao_39\" rel=\"nofollow noopener\" target=\"_blank\">Hva skjedde med Nerid? <\/a><\/p>\n<p class=\"_paragraph_ew2ao_4 _paragraph_xtcu6_10 layout-component text-serif-m layout-normal text-serif-m layout-padded\">Ogu risikerer \u00e5 bli d\u00f8mt til d\u00f8den, ettersom d\u00f8dsstraff ikke er formelt avskaffet i Laos. <\/p>\n<p class=\"_paragraph_ew2ao_4 _paragraph_xtcu6_10 layout-component text-serif-m layout-normal text-serif-m layout-padded\">I et intervju med VG har Ellen H\u00f8iness fortalt at det laotiske rettsvesenet vektlegger p\u00e5r\u00f8rendes \u00f8nsker i kriminalsaker. Da var hun klinkende klar p\u00e5 at <a href=\"https:\/\/www.vg.no\/nyheter\/i\/xg9j8G\/nerid-30-ble-drept-moren-fikk-doedsstraff-dilemma\" data-track-element-type=\"Link\" data-track-id=\"link:xg9j8G\" class=\"_link_ew2ao_39\" rel=\"nofollow noopener\" target=\"_blank\">ingen skulle be om d\u00f8dsstraff p\u00e5 hennes vegne<\/a>. <\/p>\n<p class=\"_paragraph_ew2ao_4 _paragraph_xtcu6_10 layout-component text-serif-m layout-normal text-serif-m layout-padded\">\u2013 Hvis jeg forlanger Hiro drept, da er jeg ikke hakket bedre selv, sa hun.<\/p>\n<p>                <img decoding=\"async\" alt=\"Tips oss illustrasjon\" width=\"62px\" height=\"auto\" src=\"https:\/\/www.europesays.com\/no\/wp-content\/uploads\/2025\/08\/1754784428_95_W9avJzE.png\"\/>    <\/p>\n<p class=\"title-serif-s\">Har du tips til oss?<\/p>\n<p class=\"text-sans-m\">Send oss informasjon, bilder eller video<\/p>\n<p>  <a href=\"https:\/\/www.vg.no\/tips-oss\" rel=\"nofollow noopener\" target=\"_blank\"> Tips oss <\/a>      <\/p>\n","protected":false},"excerpt":{"rendered":"Over fem \u00e5r etter at Nerid H\u00f8iness ble funnet drept i jungelen i Laos skal den drapssiktede kj\u00e6resten&hellip;\n","protected":false},"author":2,"featured_media":26061,"comment_status":"","ping_status":"","sticky":false,"template":"","format":"standard","meta":{"footnotes":""},"categories":[12],"tags":[31,20,21,24,25,15,22,23,13,30,28,29,14,16,26,27,42,43,44,45],"class_list":{"0":"post-26060","1":"post","2":"type-post","3":"status-publish","4":"format-standard","5":"has-post-thumbnail","7":"category-verden","8":"tag-breaking","9":"tag-breaking-news","10":"tag-breakingnews","11":"tag-featured-news","12":"tag-featurednews","13":"tag-headlines","14":"tag-latest-news","15":"tag-latestnews","16":"tag-news","17":"tag-no","18":"tag-norge","19":"tag-norway","20":"tag-nyheter","21":"tag-overskrifter","22":"tag-top-stories","23":"tag-topstories","24":"tag-verden","25":"tag-world","26":"tag-world-news","27":"tag-worldnews"},"share_on_mastodon":{"url":"","error":""},"_links":{"self":[{"href":"https:\/\/www.europesays.com\/no\/wp-json\/wp\/v2\/posts\/26060","targetHints":{"allow":["GET"]}}],"collection":[{"href":"https:\/\/www.europesays.com\/no\/wp-json\/wp\/v2\/posts"}],"about":[{"href":"https:\/\/www.europesays.com\/no\/wp-json\/wp\/v2\/types\/post"}],"author":[{"embeddable":true,"href":"https:\/\/www.europesays.com\/no\/wp-json\/wp\/v2\/users\/2"}],"replies":[{"embeddable":true,"href":"https:\/\/www.europesays.com\/no\/wp-json\/wp\/v2\/comments?post=26060"}],"version-history":[{"count":0,"href":"https:\/\/www.europesays.com\/no\/wp-json\/wp\/v2\/posts\/26060\/revisions"}],"wp:featuredmedia":[{"embeddable":true,"href":"https:\/\/www.europesays.com\/no\/wp-json\/wp\/v2\/media\/26061"}],"wp:attachment":[{"href":"https:\/\/www.europesays.com\/no\/wp-json\/wp\/v2\/media?parent=26060"}],"wp:term":[{"taxonomy":"category","embeddable":true,"href":"https:\/\/www.europesays.com\/no\/wp-json\/wp\/v2\/categories?post=26060"},{"taxonomy":"post_tag","embeddable":true,"href":"https:\/\/www.europesays.com\/no\/wp-json\/wp\/v2\/tags?post=26060"}],"curies":[{"name":"wp","href":"https:\/\/api.w.org\/{rel}","templated":true}]}}