{"id":26062,"date":"2025-09-03T16:05:13","date_gmt":"2025-09-03T16:05:13","guid":{"rendered":"https:\/\/www.europesays.com\/no\/26062\/"},"modified":"2025-09-03T16:05:13","modified_gmt":"2025-09-03T16:05:13","slug":"amerikansk-drone-utenfor-norge","status":"publish","type":"post","link":"https:\/\/www.europesays.com\/no\/26062\/","title":{"rendered":"Amerikansk drone utenfor Norge"},"content":{"rendered":"<p>  Kjent med det, bekrefter Forsvaret overfor Dagbladet.<\/p>\n<p>\n    NATO: Dronen har flydd fra Sicilia til og med Norge. Foto: Skjermdump Flightradar 24\n  <\/p>\n<p>I skrivende stund er en amerikansk drone av typen Northrop Grumman RQ-4B Global Hawk det mest sette luftfart\u00f8yet p\u00e5 tjenesten Flightradar 24.<\/p>\n<p>Dronen har tatt av fra en base p\u00e5 Sicilia, for s\u00e5 \u00e5 grovt sett f\u00f8lge Natos \u00f8stlige grenser nordover helt til Norge.\u00a0<\/p>\n<p>I Norge fl\u00f8y Global Hawk-dronen vestover p\u00e5 utsiden av Finnmark og Troms, f\u00f8r den snudde utenfor Vester\u00e5len.<\/p>\n<p>Onsdag ettermiddag er dronen utenfor finnmarkskysten igjen.<\/p>\n<p>Forsvarets Operative Hovedkvarter (FOH), bekrefter kjennskap til dronen overfor Dagbladet.<\/p>\n<p>&#8211; Vi har ikke mulighet til \u00e5 g\u00e5 inn p\u00e5 detaljene, for den er ikke v\u00e5r. Vi henviser til amerikanerne, som drifter dronen, sier pressevakt Vegard Nordstrand Finberg.<\/p>\n<p>&#8211; Dette er \u00e5 anse som en del av treningen som foreg\u00e5r med allierte kombinert med norske styrker langs norskekysten, sier han videre.<\/p>\n<p>          <img loading=\"lazy\" decoding=\"async\" src=\"https:\/\/www.europesays.com\/no\/wp-content\/uploads\/2025\/09\/83543820.webp\" width=\"980\" height=\"559\" title=\"HVAL: Global Hawk-dronen kan ligne en hval., Da er det kan hende passende at den snudde utenfor Vester\u00e5len i Nordland. Foto: Jonathan hordle \/ REX\" alt=\"\" class=\"\" style=\"--aspect-ratio-image: 1.75; \"\/><\/p>\n<p>\n          HVAL: Global Hawk-dronen kan ligne en hval., Da er det kan hende passende at den snudde utenfor Vester\u00e5len i Nordland. Foto: Jonathan hordle \/ REX\n      <\/p>\n<p>Den ubemannede dronen brukes til overv\u00e5kning og informasjonsinnhenting.\u00a0\u00a0N\u00e5 flyr den i en h\u00f8yde p\u00e5 rundt 54 tusen fot over bakken, noe som tilsvarer i overkant av 16 kilometer opp i lufta.<\/p>\n<p>    <a itemprop=\"url\" href=\"https:\/\/www.dagbladet.no\/nyheter\/vekker-oppsikt\/83517169\" rel=\"nofollow noopener\" target=\"_blank\"><\/p>\n<p>      <img loading=\"lazy\" decoding=\"async\" src=\"https:\/\/www.europesays.com\/no\/wp-content\/uploads\/2025\/09\/83517175.webp\" width=\"980\" height=\"441\" title=\"Vekker oppsikt\" alt=\"\" class=\"lazyload\" style=\"--aspect-ratio-image: 2.22; \"\/><\/p>\n<p>        Vekker oppsikt<\/p>\n<p>    <\/a><\/p>\n<p>Dronen er imidlertid n\u00e5 mulig \u00e5 se for alle, ettersom transponderen er sl\u00e5tt p\u00e5.<\/p>\n<p>Milit\u00e6re fart\u00f8y, b\u00e5de til havs og i lufta, kan skru av transpondere for \u00e5 skjule seg for fiendtlige \u00f8yne. FOH bekrefter at dronen er synlig.<\/p>\n<p>&#8211; Den flyr med transponderen p\u00e5, sier Nordstrand Finberg.<\/p>\n<p class=\"italic m-italic\" data-lab-italic=\"italic\">&#8211; Er det en grunn til det?<\/p>\n<p>&#8211; Vi kan ikke p\u00e5 vegne av amerikanerne og deres vurderinger, men de har helt sikkert gjort noen vurderinger om \u00e5 la den v\u00e6re synlig, sier pressevakten.<\/p>\n<p>Torsdag forrige uke sirklet et amerikansk <a href=\"https:\/\/www.dagbladet.no\/nyheter\/vekker-oppsikt\/83517169\" rel=\"nofollow noopener\" target=\"_blank\">rekognoseringsfly av typen Boeing 135V Rivet Joint over Trondheim<\/a>.\u00a0<\/p>\n<p>Tidligere i august trente amerikanske bombefly av <a href=\"https:\/\/www.dagbladet.no\/nyheter\/dette-har-aldri-skjedd-for\/83452428\" rel=\"nofollow noopener\" target=\"_blank\">typen B-1 Lancer i Norge<\/a>.<\/p>\n","protected":false},"excerpt":{"rendered":"Kjent med det, bekrefter Forsvaret overfor Dagbladet. NATO: Dronen har flydd fra Sicilia til og med Norge. Foto:&hellip;\n","protected":false},"author":2,"featured_media":26063,"comment_status":"","ping_status":"","sticky":false,"template":"","format":"standard","meta":{"footnotes":""},"categories":[10],"tags":[20,21,24,25,1903,15,2539,22,23,233,13,30,28,29,14,16,188,26,27,50],"class_list":{"0":"post-26062","1":"post","2":"type-post","3":"status-publish","4":"format-standard","5":"has-post-thumbnail","7":"category-norge","8":"tag-breaking-news","9":"tag-breakingnews","10":"tag-featured-news","11":"tag-featurednews","12":"tag-forsvaret","13":"tag-headlines","14":"tag-innenriks","15":"tag-latest-news","16":"tag-latestnews","17":"tag-nato","18":"tag-news","19":"tag-no","20":"tag-norge","21":"tag-norway","22":"tag-nyheter","23":"tag-overskrifter","24":"tag-russland","25":"tag-top-stories","26":"tag-topstories","27":"tag-usa"},"share_on_mastodon":{"url":"","error":""},"_links":{"self":[{"href":"https:\/\/www.europesays.com\/no\/wp-json\/wp\/v2\/posts\/26062","targetHints":{"allow":["GET"]}}],"collection":[{"href":"https:\/\/www.europesays.com\/no\/wp-json\/wp\/v2\/posts"}],"about":[{"href":"https:\/\/www.europesays.com\/no\/wp-json\/wp\/v2\/types\/post"}],"author":[{"embeddable":true,"href":"https:\/\/www.europesays.com\/no\/wp-json\/wp\/v2\/users\/2"}],"replies":[{"embeddable":true,"href":"https:\/\/www.europesays.com\/no\/wp-json\/wp\/v2\/comments?post=26062"}],"version-history":[{"count":0,"href":"https:\/\/www.europesays.com\/no\/wp-json\/wp\/v2\/posts\/26062\/revisions"}],"wp:featuredmedia":[{"embeddable":true,"href":"https:\/\/www.europesays.com\/no\/wp-json\/wp\/v2\/media\/26063"}],"wp:attachment":[{"href":"https:\/\/www.europesays.com\/no\/wp-json\/wp\/v2\/media?parent=26062"}],"wp:term":[{"taxonomy":"category","embeddable":true,"href":"https:\/\/www.europesays.com\/no\/wp-json\/wp\/v2\/categories?post=26062"},{"taxonomy":"post_tag","embeddable":true,"href":"https:\/\/www.europesays.com\/no\/wp-json\/wp\/v2\/tags?post=26062"}],"curies":[{"name":"wp","href":"https:\/\/api.w.org\/{rel}","templated":true}]}}