{"id":26066,"date":"2025-09-03T16:07:11","date_gmt":"2025-09-03T16:07:11","guid":{"rendered":"https:\/\/www.europesays.com\/no\/26066\/"},"modified":"2025-09-03T16:07:11","modified_gmt":"2025-09-03T16:07:11","slug":"totalt-kaos","status":"publish","type":"post","link":"https:\/\/www.europesays.com\/no\/26066\/","title":{"rendered":"&#8211; Totalt kaos"},"content":{"rendered":"<p class=\"kicker \" style=\"\">Sykkel:<\/p>\n<p>  Palestina-demonstrasjoner i sykkelrittet Vuelta a Espana skaper stor usikkerhet for ryttere: &#8211; Vi er i fare.<\/p>\n<p>\n    POLIZIA: Palestina-demonstranter har skapt tr\u00f8bbel p\u00e5 flere etapper i det store spanske sykkelrittet. Foto: AFP\n  <\/p>\n<p>&#8211; Det er totalt kaos selv om store politistyrker skal ha bli satt inn. 600 ekstra mann fra det baskiske politiet er kalt ut for \u00e5 pr\u00f8ve og ha kontroll p\u00e5 dette, sa TV 2-kommentator Christian Paasche underveis i etappen.<\/p>\n<p>Med litt over ti kilometer igjen av den ellevte etappen uttalte arrang\u00f8ren at det ikke blir noen etappevinner:<\/p>\n<p>\u00abP\u00e5 grunn av noen hendelser i m\u00e5lomr\u00e5det har vi besluttet \u00e5 stoppe tida n\u00e5r det gjenst\u00e5r tre kilometer. Vi vil ikke ha en etappevinner\u00bb, skrev arrang\u00f8ren.<\/p>\n<p>Det var p\u00e5 grunn av faren for rytternes sikkerhet. Etappen er n\u00e5 ferdig, og det er ikke rapportert om noen ulykker med ut\u00f8vere.<\/p>\n<p>          <img loading=\"lazy\" decoding=\"async\" src=\"https:\/\/www.europesays.com\/no\/wp-content\/uploads\/2025\/09\/83543840.webp\" width=\"980\" height=\"559\" title=\"Foto: AFP\" alt=\"\" class=\"\" style=\"--aspect-ratio-image: 1.75; \"\/><\/p>\n<p>\n          Foto: AFP\n      <\/p>\n<p>Vuelta a Espana er et av verdens st\u00f8rste sykkelritt og har v\u00e6rt preget av store demonstrasjoner de siste dagene.<\/p>\n<p>Onsdag har flere personer med palestinske symboler tatt seg inn i veibanen underveis p\u00e5 etappen og skapt farlige situasjoner. Sikkerhetsgjerder har blitt veltet i veibanen, og det har blitt kastet gjenstander ut i l\u00f8ypa.<\/p>\n<p>Protestene er i hovedsak rettet mot sykkellaget Israel-Premier Tech. Sikkerheten rundt laget skal v\u00e6re trappet opp i forbindelse med rittet og som f\u00f8lge av protestaksjonene.<\/p>\n<p>          <img loading=\"lazy\" decoding=\"async\" src=\"https:\/\/www.europesays.com\/no\/wp-content\/uploads\/2025\/09\/83543814.webp\" width=\"980\" height=\"559\" title=\"Foto: AFP\" alt=\"\" class=\"\" style=\"--aspect-ratio-image: 1.75; \"\/><\/p>\n<p>\n          Foto: AFP\n      <\/p>\n<p>Situasjonen og de mange aksjonene skal ha skapt usikkerhet knyttet til Vuelta-deltakernes sikkerhet.<\/p>\n<p>If\u00f8lge <a href=\"https:\/\/www.tv2.no\/sport\/skandalescener-galskap\/18063052\/\" rel=\"nofollow noopener\" target=\"_blank\">TV 2<\/a> var det et stort flagg i veien for en rytter da det gjenstod 27 kilometer.<\/p>\n<p>&#8211; Oi, oi, oi. Det er nok helt p\u00e5 nippet til at de stopper opp, utbr\u00f8t Paasche. <\/p>\n<p>          <img loading=\"lazy\" decoding=\"async\" src=\"https:\/\/www.europesays.com\/no\/wp-content\/uploads\/2025\/09\/83543834.webp\" width=\"980\" height=\"559\" title=\"Foto: AFP\" alt=\"\" class=\"\" style=\"--aspect-ratio-image: 1.75; \"\/><\/p>\n<p>\n          Foto: AFP\n      <\/p>\n<p>Tirsdag var det ogs\u00e5 kaos.<\/p>\n<p> P\u00e5 den tiende etappen av Vuelta a Espa\u00f1a tok seg flere propalestinske aktivister inn og stilte seg i veien. Det tvang syklistene til \u00e5 svinge unna, senke farten &#8211; og gjorde at Simone Petilli fra Intermarch\u00e9-Wanty-laget krasjet.<\/p>\n<p>F\u00f8r den ellevte etappen tok den 32 \u00e5r gamle italieneren til ordet:<\/p>\n<p>&#8211; Jeg forst\u00e5r at det ikke er en god situasjon, men i g\u00e5r krasjet jeg p\u00e5 grunn av protestene p\u00e5 veien. V\u00e6r s\u00e5 snill, vi er bare syklister og vi gj\u00f8r jobben v\u00e5r, men hvis det fortsetter slik, er sikkerheten v\u00e5r ikke lenger garantert, og vi er i fare. Vi vil bare konkurrere. V\u00e6r s\u00e5 snill, sa Petilli. <\/p>\n","protected":false},"excerpt":{"rendered":"Sykkel: Palestina-demonstrasjoner i sykkelrittet Vuelta a Espana skaper stor usikkerhet for ryttere: &#8211; Vi er i fare. POLIZIA:&hellip;\n","protected":false},"author":2,"featured_media":26067,"comment_status":"","ping_status":"","sticky":false,"template":"","format":"standard","meta":{"footnotes":""},"categories":[59],"tags":[30,28,29,83,82,346,4173],"class_list":{"0":"post-26066","1":"post","2":"type-post","3":"status-publish","4":"format-standard","5":"has-post-thumbnail","7":"category-sport","8":"tag-no","9":"tag-norge","10":"tag-norway","11":"tag-sport","12":"tag-sports","13":"tag-sykkel","14":"tag-vuelta_a_espana"},"share_on_mastodon":{"url":"","error":""},"_links":{"self":[{"href":"https:\/\/www.europesays.com\/no\/wp-json\/wp\/v2\/posts\/26066","targetHints":{"allow":["GET"]}}],"collection":[{"href":"https:\/\/www.europesays.com\/no\/wp-json\/wp\/v2\/posts"}],"about":[{"href":"https:\/\/www.europesays.com\/no\/wp-json\/wp\/v2\/types\/post"}],"author":[{"embeddable":true,"href":"https:\/\/www.europesays.com\/no\/wp-json\/wp\/v2\/users\/2"}],"replies":[{"embeddable":true,"href":"https:\/\/www.europesays.com\/no\/wp-json\/wp\/v2\/comments?post=26066"}],"version-history":[{"count":0,"href":"https:\/\/www.europesays.com\/no\/wp-json\/wp\/v2\/posts\/26066\/revisions"}],"wp:featuredmedia":[{"embeddable":true,"href":"https:\/\/www.europesays.com\/no\/wp-json\/wp\/v2\/media\/26067"}],"wp:attachment":[{"href":"https:\/\/www.europesays.com\/no\/wp-json\/wp\/v2\/media?parent=26066"}],"wp:term":[{"taxonomy":"category","embeddable":true,"href":"https:\/\/www.europesays.com\/no\/wp-json\/wp\/v2\/categories?post=26066"},{"taxonomy":"post_tag","embeddable":true,"href":"https:\/\/www.europesays.com\/no\/wp-json\/wp\/v2\/tags?post=26066"}],"curies":[{"name":"wp","href":"https:\/\/api.w.org\/{rel}","templated":true}]}}