{"id":260866,"date":"2026-06-09T08:19:22","date_gmt":"2026-06-09T08:19:22","guid":{"rendered":"https:\/\/www.europesays.com\/no\/260866\/"},"modified":"2026-06-09T08:19:22","modified_gmt":"2026-06-09T08:19:22","slug":"bellona-reddet-fra-konkurs-e24","status":"publish","type":"post","link":"https:\/\/www.europesays.com\/no\/260866\/","title":{"rendered":"Bellona reddet fra konkurs \u2013 E24"},"content":{"rendered":"\n<p class=\"_textTheme_1yhmn_1 _lead_172ys_2 _lead_qg7rf_18 layout-component layout-wide layout-padded _lead_o6m9k_5 body-large _wide_o6m9k_9\" data-breaking=\"false\" data-color-scheme=\"false\">Den 40 \u00e5r gamle milj\u00f8organisasjonen overlever etter millionst\u00f8tte fra reder-stiftelse i tolvte time. <\/p>\n<p> <img class=\"_image_i9ryo_64 layout-component layout-wide\" data-fullscreen- data-track-element-type=\"Article image fullscreen\" data-track-name=\"ImageFullscreen\" fetchpriority=\"high\" decoding=\"sync\" loading=\"eager\" height=\"102\" itemprop=\"image\"  src=\"https:\/\/www.europesays.com\/no\/wp-content\/uploads\/2026\/06\/4711d076ed91feb96e6d5262cac9fa69.jpg\"  style=\"object-position:50% 50%;aspect-ratio:1.75;height:auto;object-fit:cover;width:100%\" width=\"102\"\/>  <\/p>\n<ul aria-hidden=\"true\" class=\"_images_140bm_106\">\n<li><a class=\"_link_140bm_111\" href=\"https:\/\/e24.no\/forfatter\/erik-tangen\" title=\"Erik Tangen\" tabindex=\"-1\" rel=\"nofollow noopener\" target=\"_blank\"><img alt=\"Bilde av Erik Tangen\" class=\"_image_140bm_88\" fetchpriority=\"low\" decoding=\"async\" itemprop=\"image\" loading=\"lazy\"  src=\"https:\/\/www.europesays.com\/no\/wp-content\/uploads\/2026\/06\/1780993162_382_31f02a1a-fb4b-4283-ac40-e7fc6994e8b8.jpeg\"  width=\"480\"\/><\/a><\/li>\n<\/ul>\n<p class=\"_textTheme_1yhmn_1 _paragraph_172ys_4 _paragraph_qg7rf_27 layout-component layout-normal layout-padded body-medium\">Saken oppdateres<\/p>\n<p class=\"_textTheme_1yhmn_1 _paragraph_172ys_4 _paragraph_qg7rf_27 layout-component layout-normal layout-padded body-medium\">Det kom frem under en pressekonferanse i Bellonas lokaler i Oslo sentrum tirsdag morgen.<\/p>\n<p class=\"_textTheme_1yhmn_1 _paragraph_172ys_4 _paragraph_qg7rf_27 layout-component layout-normal layout-padded body-medium\">Den akutte, \u00f8konomiske krisen i Bellona ble kjent mandag for en uke siden, da Hauge og Rotevatn gikk ut i VG og fortalte at de m\u00e5tte skaffe \u00e5tte millioner kroner i l\u00f8pet av en uke for \u00e5 unng\u00e5 konkurs.<\/p>\n<p class=\"_textTheme_1yhmn_1 _paragraph_172ys_4 _paragraph_qg7rf_27 layout-component layout-normal layout-padded body-medium\">Den siste uken har de jobbet intenst med \u00e5 samle inn penger, blant annet gjennom en innsamlingsaksjon. S\u00f8ndag kveld hadde milj\u00f8stiftelsen f\u00e5tt inn fem millioner kroner fra private givere og n\u00e6ringslivet.<\/p>\n<p class=\"_textTheme_1yhmn_1 _paragraph_172ys_4 _paragraph_qg7rf_27 layout-component layout-normal layout-padded body-medium\">\u2013 Siden da har vi jobbet for \u00e5 skaffe mer, i form av st\u00f8rre summer, fra enkeltpersoner og n\u00e6ringsliv. I l\u00f8pet av g\u00e5rsdagen fikk vi inn tre millioner kroner fra Tom Wilhelmsen stifetelen (Skipsreder Tom Wilhelmsen stiftelse, journ.anm.) i et sv\u00e6rt raust bidrag, sa daglig leder Sveinung Rotevatn under pressekonfersansen. <\/p>\n<p class=\"_textTheme_1yhmn_1 _paragraph_172ys_4 _paragraph_qg7rf_27 layout-component layout-normal layout-padded body-medium\">\u2013 I tillegg fikk vi inn ytterligere fem millioner kroner. Det betyr at til sammen ga den aksjonen 13 millioner kroner til Bellonas arbeid. Det var grunnlaget som ble presentert for styret i g\u00e5r kveld. <\/p>\n<p class=\"_textTheme_1yhmn_1 _paragraph_172ys_4 _paragraph_qg7rf_27 layout-component layout-normal layout-padded body-medium\">Styreleder og Bellona-grunnlegger Frederic Hauge opplyste at styret i et m\u00f8te i g\u00e5r kveld besluttet at pengegavene gir grunnlag for videre drift. <\/p>\n<p class=\"_textTheme_1yhmn_1 _paragraph_172ys_4 _paragraph_qg7rf_27 layout-component layout-normal layout-padded body-medium\">\u2013 Det er med en stor ydmykhet og takknemlighet at styret har bestemt seg for \u00e5 g\u00e5 videre. Det er med en stor glede. Og med noen forbehold. For vi skal fortsatt foreta bemanningsreduksjoner, og jobbe d\u00f8gnet rundt for \u00e5 f\u00e5 dette til, sa Hauge.<\/p>\n<p class=\"_textTheme_1yhmn_1 _paragraph_172ys_4 _paragraph_qg7rf_27 layout-component layout-normal layout-padded body-medium\">\u2013 Men med dette mandatet f\u00f8ler vi oss trygge p\u00e5 at vi skal gj\u00f8re det beste ut av det. Vi opplever det som et stort \u00f8nske om at Bellona skal drives videre.<\/p>\n<p class=\"_textTheme_1yhmn_1 _paragraph_172ys_4 _paragraph_qg7rf_27 layout-component layout-normal layout-padded body-medium\">Rotevatn sier at Bellona har en stor jobb foran seg for \u00e5 forvalte tilliten veldig mange n\u00e5 har gitt milj\u00f8stiftelsen. <\/p>\n<p class=\"_textTheme_1yhmn_1 _paragraph_172ys_4 _paragraph_qg7rf_27 layout-component layout-normal layout-padded body-medium\">\u2013 Dette skal aldri skje igjen, sa han. <\/p>\n<p> Skyldte ti mill.  <\/p>\n<p class=\"_textTheme_1yhmn_1 _paragraph_172ys_4 _paragraph_qg7rf_27 layout-component layout-normal layout-padded body-medium\">Hauge og Rotevatn har tidligere fortalt til E24 at <a href=\"https:\/\/e24.no\/energi-og-klima\/i\/bOL3Ed\/skyldte-ti-millioner-til-soesterorganisasjon\" class=\"_link_172ys_43\" rel=\"nofollow noopener\" target=\"_blank\">de \u00f8konomiske problemene for alvor tok til i fjor h\u00f8st<\/a>: <\/p>\n<ul class=\"_list_172ys_3 _list_qg7rf_26 _unordered_172ys_109 _textTheme_1yhmn_1 layout-component layout-normal layout-padded body-medium\">\n<li class=\"_item_172ys_34\">Bellona i Norge hadde brukt stadig mer penger som skulle g\u00e5 til Bellona i Europa, uten \u00e5 gj\u00f8re opp for seg. Ved \u00e5rskiftet skyldte Bellona ti millioner kroner til s\u00f8sterorganisasjonen i Br\u00fcssel.<\/li>\n<li class=\"_item_172ys_34\">En av Bellonas st\u00f8rste givere, en britisk klimastiftelse opprettet av et hedgefond, pauset da overf\u00f8ringer til Bellona, fordi de var bekymret for den \u00f8konomiske styringen. <\/li>\n<li class=\"_item_172ys_34\">Samtidig venter Bellona p\u00e5 st\u00f8tte fra norske myndigheter, som de normalt har mottatt p\u00e5 v\u00e5rparten.<\/li>\n<\/ul>\n<p class=\"_textTheme_1yhmn_1 _paragraph_172ys_4 _paragraph_qg7rf_27 layout-component layout-normal layout-padded body-medium\"><strong class=\"_strong_172ys_25\">Resultatet ble if\u00f8lge Rotevatn og Hauge at Bellona ikke klarer \u00e5 dekke l\u00f8pende utgifter, selv om de n\u00e5 har blitt enige om en nedbetalingsplan med Bellonas Europa-kontor.<\/strong><\/p>\n<p class=\"_textTheme_1yhmn_1 _paragraph_172ys_4 _paragraph_qg7rf_27 layout-component layout-normal layout-padded body-medium\">Blant annet henger de etter med l\u00f8nnsutbetalinger til ansatte. Bellona har ogs\u00e5 varslet at ansatte kan bli permittert og at de skal kutte seks til ni \u00e5rsverk. <\/p>\n","protected":false},"excerpt":{"rendered":"Den 40 \u00e5r gamle milj\u00f8organisasjonen overlever etter millionst\u00f8tte fra reder-stiftelse i tolvte time. Saken oppdateres Det kom frem&hellip;\n","protected":false},"author":2,"featured_media":260867,"comment_status":"","ping_status":"","sticky":false,"template":"","format":"standard","meta":{"footnotes":"","_share_on_mastodon":"0"},"categories":[10],"tags":[10622,20,21,24,25,1792,15,22,23,13,30,28,29,14,16,14039,26,27],"class_list":["post-260866","post","type-post","status-publish","format-standard","has-post-thumbnail","category-norge","tag-bellona","tag-breaking-news","tag-breakingnews","tag-featured-news","tag-featurednews","tag-frederic-hauge","tag-headlines","tag-latest-news","tag-latestnews","tag-news","tag-no","tag-norge","tag-norway","tag-nyheter","tag-overskrifter","tag-sveinung-rotevatn","tag-top-stories","tag-topstories"],"share_on_mastodon":{"url":"https:\/\/pubeurope.com\/@no\/116719174656925554","error":""},"_links":{"self":[{"href":"https:\/\/www.europesays.com\/no\/wp-json\/wp\/v2\/posts\/260866","targetHints":{"allow":["GET"]}}],"collection":[{"href":"https:\/\/www.europesays.com\/no\/wp-json\/wp\/v2\/posts"}],"about":[{"href":"https:\/\/www.europesays.com\/no\/wp-json\/wp\/v2\/types\/post"}],"author":[{"embeddable":true,"href":"https:\/\/www.europesays.com\/no\/wp-json\/wp\/v2\/users\/2"}],"replies":[{"embeddable":true,"href":"https:\/\/www.europesays.com\/no\/wp-json\/wp\/v2\/comments?post=260866"}],"version-history":[{"count":0,"href":"https:\/\/www.europesays.com\/no\/wp-json\/wp\/v2\/posts\/260866\/revisions"}],"wp:featuredmedia":[{"embeddable":true,"href":"https:\/\/www.europesays.com\/no\/wp-json\/wp\/v2\/media\/260867"}],"wp:attachment":[{"href":"https:\/\/www.europesays.com\/no\/wp-json\/wp\/v2\/media?parent=260866"}],"wp:term":[{"taxonomy":"category","embeddable":true,"href":"https:\/\/www.europesays.com\/no\/wp-json\/wp\/v2\/categories?post=260866"},{"taxonomy":"post_tag","embeddable":true,"href":"https:\/\/www.europesays.com\/no\/wp-json\/wp\/v2\/tags?post=260866"}],"curies":[{"name":"wp","href":"https:\/\/api.w.org\/{rel}","templated":true}]}}