{"id":260973,"date":"2026-06-09T10:41:14","date_gmt":"2026-06-09T10:41:14","guid":{"rendered":"https:\/\/www.europesays.com\/no\/260973\/"},"modified":"2026-06-09T10:41:14","modified_gmt":"2026-06-09T10:41:14","slug":"sk-brann-brann-supportere-viljar-soreide-grotle-er-med-i-nrk-serien-bli-med-heim","status":"publish","type":"post","link":"https:\/\/www.europesays.com\/no\/260973\/","title":{"rendered":"SK Brann, Brann-supportere | Viljar S\u00f8reide Grotle er med i NRK-serien \u00abBli med heim\u00bb"},"content":{"rendered":"\n<p>\u2013 Det g\u00f8yeste var da de skulle filme en video av at jeg spiste en vaffel, men vi m\u00e5tte gj\u00f8re det s\u00e5 mange ganger at jeg endte opp med \u00e5 spise 30 vafler! Etterp\u00e5 skulle jeg p\u00e5 fotballtrening, og gjett om jeg hadde sting!<\/p>\n<p>Det sier ni \u00e5r gamle Viljar S\u00f8reide Grotle.<\/p>\n<p>Du har kanskje sett ham f\u00f8r. I en eller annen sak eller video som handler om Brann, kanskje? Eller i BAs billedserier av buekorps i Bergen?<\/p>\n<p>   <img decoding=\"async\" width=\"6192\" height=\"4128\" fetchpriority=\"low\"  loading=\"lazy\"  src=\"https:\/\/www.europesays.com\/no\/wp-content\/uploads\/2026\/06\/ABK_1482.JPG\" alt=\"\" class=\"brick-c-cFOWSL\" style=\"--brick-image-ratio: 6192 \/ 4128;\"\/><\/p>\n<p>      Grotle avbildet under Buekorpsenes dag tidligere i \u00e5r.<br \/>\n      Foto: ANDERS KJ\u00d8LEN\n    <\/p>\n<p>Viljar er en 9-\u00e5ring med mange jern i ilden. BA m\u00f8tte ham p\u00e5 Laksev\u00e5g, hvor buekorpset hans var i god gang med \u00e5 snekre t\u00f8nneb\u00e5let til Sankthansb\u00e5let 20. juni.<\/p>\n<p>\u2013 F\u00f8ler meg heldig<\/p>\n<p>\u2013 Jeg ble overrasket av at de spurte meg. Jeg hadde veldig lyst til \u00e5 v\u00e6re med p\u00e5 et program p\u00e5 TV og endelig fikk jeg lov, sier 9-\u00e5ringen.<\/p>\n<p><b>I fjor sommer tok NRK kontakt og ville ha Viljar og familien med i serien \u00abBli med heim\u00bb. Der f\u00e5r familier over hele landet, gjerne med et barn i spissen, vise frem hvordan livet ser ut for dem.<\/b><\/p>\n<p>Tidligere har bergensfamilier vist frem <a href=\"https:\/\/tv.nrk.no\/serie\/bli-med-heim\/sesong\/8\/episode\/DVFJ35200325\" rel=\"Follow nofollow noopener\" target=\"_blank\">hvordan det er \u00e5 v\u00e6re i buekorpset<\/a>, og hvordan det er \u00e5 <a href=\"https:\/\/tv.nrk.no\/serie\/bli-med-heim\/sesong\/7\/episode\/DVSF65200423\" rel=\"Follow nofollow noopener\" target=\"_blank\">ha en trommis-pappa<\/a>.<\/p>\n<p>Viljar sin episode har f\u00e5tt tittelen \u00abBrann-supporter\u00bb.<\/p>\n<p>   <img decoding=\"async\" width=\"4284\" height=\"2856\" fetchpriority=\"low\"  loading=\"lazy\"  src=\"https:\/\/www.europesays.com\/no\/wp-content\/uploads\/2026\/06\/IMG_0423 %281%29.jpeg\" alt=\"Viljar sammen med mamma p\u00e5 vei til fotballtrening mens han blir filmet av NRK-fotograf Arne Stubhaug.\" class=\"brick-c-cFOWSL\" style=\"--brick-image-ratio: 4284 \/ 2856;\"\/><\/p>\n<p>      Viljar sammen med mamma p\u00e5 vei til fotballtrening mens han blir filmet av NRK-fotograf Arne Stubhaug.<br \/>\n      Foto: Wilhelm St\u00f8ylen\/NRK\n    <\/p>\n<p>Blant annet var NRK med p\u00e5 \u00e5 filme hjemme hos Viljar, p\u00e5 fotballtrening, og p\u00e5 Brann-kamp.<\/p>\n<p>\u2013 Hva tenker du om at du har f\u00e5tt s\u00e5 mye oppmerksomhet for \u00e5 v\u00e6re s\u00e5 glad i Brann, da?<\/p>\n<p>\u2013 G\u00f8y, men jeg f\u00f8ler meg egentlig bare som en Brann-supporter som har hatt s\u00e5 mye flaks. Jeg har m\u00f8tt \u00abKniklas\u00bb &#8230; og hele laget flere ganger, sier han.<\/p>\n<p>Det er hatten hans bevis p\u00e5. Der har han samlet signaturer i flere sesonger allerede.<\/p>\n<p>Sprer bare glede<\/p>\n<p>Viljar vokste opp like ved Stadion, i et r\u00f8dt og hvit hus. Han gikk i Kniksen barnehage, som ligger under Store St\u00e5 p\u00e5 Stadion. Faren, Espen Grotle, er i tillegg en ivrig Brann-supporter, og alt dette er grunnen til Viljars store entusiasme.<\/p>\n<p>   <img decoding=\"async\" width=\"3924\" height=\"2616\" fetchpriority=\"low\"  loading=\"lazy\"  src=\"https:\/\/www.europesays.com\/no\/wp-content\/uploads\/2026\/06\/Z62_6460.JPG\" alt=\"\" class=\"brick-c-cFOWSL\" style=\"--brick-image-ratio: 3924 \/ 2616;\"\/><\/p>\n<p>      Viljar og pappa Espen foran t\u00f8nneb\u00e5let p\u00e5 Laksev\u00e5g.<br \/>\n      Foto: JULIE S\u00c6TRE\n    <\/p>\n<p>Det er han som er grunn i s\u00f8nnens store entusiasme for Sportsklubben Brann.<\/p>\n<p>\u2013 Vi har hatt kamera b\u00e5de hjemme og p\u00e5 Stadion. Men selvsagt var de med p\u00e5 f\u00f8rste trommekampen, hvor det ikke var kjempegod stemning. Det sa jeg til dem i forveien, det er jo europakampene som er de aller beste, sier faren.<\/p>\n<p>Espen forteller at b\u00e5de NRK og Viljar var forn\u00f8yd med opptakene p\u00e5 trommekampen. For Viljar er like blid og entusiastisk uansett!<\/p>\n<p>\u2013 Han er jo en typisk kjuagutt. Og s\u00e5 er han veldig \u00e5pen, kan snakke med alle og er i stort sett godt hum\u00f8r.<\/p>\n<p>   <img decoding=\"async\" width=\"3697\" height=\"2465\" fetchpriority=\"low\"  loading=\"lazy\"  src=\"https:\/\/www.europesays.com\/no\/wp-content\/uploads\/2026\/06\/Z62_6485.JPG\" alt=\"\" class=\"brick-c-cFOWSL\" style=\"--brick-image-ratio: 3697 \/ 2465;\"\/><\/p>\n<p>      Viljar og bestevennen Trygve i full sving med arbeidet for \u00e5 gj\u00f8re t\u00f8nneb\u00e5let enda h\u00f8yere.<br \/>\n      Foto: JULIE S\u00c6TRE\n    <\/p>\n<p>\u2013 Hva tenker du som forelder om all oppmerksomheten han f\u00e5r, da?<\/p>\n<p>\u2013 Jeg tenker, hva er det som er viktig i livet? Et svar p\u00e5 det m\u00e5 v\u00e6re \u00e5 spre glede. Og allerede i s\u00e5 ung alder er det noe Viljar har f\u00e5tt til, sier Espen.<\/p>\n<p>En beskjed til Freyr<\/p>\n<p>\u00abBrann-supporteren\u00bb er tilgjengelig p\u00e5 NRK TV fra tidlig tirsdag morgen. Det ryktes om at episoden skal vises frem p\u00e5 Viljars skole \u2013 og kanskje inviterer han noen hjem for \u00e5 ha et \u00abwatch party\u00bb.<\/p>\n<p>\u2013 Etter det, skal du ha litt pause fra rampelyset, eller kj\u00f8rer du p\u00e5?<\/p>\n<p>\u2013 Jeg skal fortsette! Jeg gir meg ikke med det f\u00f8rste, svarer Viljar.<\/p>\n<p>Men ut av det bl\u00e5 skifter han tema. Til noe han synlig har brent inne med mens vi har begynt \u00e5 prate litt om Brann.<\/p>\n<p>\u2013 Det er en ting jeg vil si, utbryter han.<\/p>\n<p>   <img decoding=\"async\" width=\"918\" height=\"612\" fetchpriority=\"low\"  loading=\"lazy\"  src=\"https:\/\/www.europesays.com\/no\/wp-content\/uploads\/2026\/06\/9ac995c54e3a45a2beb2cdd5c8f0ee76.jpg\" alt=\"\" class=\"brick-c-cFOWSL\" style=\"--brick-image-ratio: 918 \/ 612;\"\/><\/p>\n<p>      Aller helst vil Brann-supporteren ha Freyr Alexandersson tilbake som hovedtrener.<br \/>\n      Foto: JULIE S\u00c6TRE\n    <\/p>\n<p>\u2013 Jeg forst\u00e5r ikke hvorfor de m\u00e5tte kvitte seg med Freyr. Han tok oss til cupfinalen, s\u00e5 styret har ingenting de skulle gjort med ham! Ville du vraket en som fikk deg til cupfinalen? sier han om den nylige trenersparkingen.<\/p>\n<p>Han sier at negative Brann-nyheter og -resultater g\u00e5r litt inn p\u00e5 ham.<\/p>\n<p>\u2013 Hvis du kunne gitt \u00e9n beskjed til ham, hva ville det v\u00e6rt?<\/p>\n<p>\u2013 Kom tilbake. Bare kom tilbake.<\/p>\n<p>Viljar har forresten en beskjed til alle bergensere ogs\u00e5. Han og bestekompisen Trygve har startet band. Og planen er at de i l\u00f8pet av \u00e5ret skal slippe Brann-l\u00e5t.<\/p>\n<p><b>\u2013 S\u00e5 f\u00f8lg med, sier musikeren, buekorpsgutten og Brann-supporteren.<\/b><\/p>\n","protected":false},"excerpt":{"rendered":"\u2013 Det g\u00f8yeste var da de skulle filme en video av at jeg spiste en vaffel, men vi&hellip;\n","protected":false},"author":2,"featured_media":260974,"comment_status":"","ping_status":"","sticky":false,"template":"","format":"standard","meta":{"footnotes":"","_share_on_mastodon":"0"},"categories":[58],"tags":[36,1301,21772,71,30,28,29,787,22908,418,1510,72],"class_list":["post-260973","post","type-post","status-publish","format-standard","has-post-thumbnail","category-underholdning","tag-art","tag-barn","tag-brann-supportere","tag-entertainment","tag-no","tag-norge","tag-norway","tag-nrk","tag-nrk-serien-bli-med-heim","tag-sk-brann","tag-story","tag-underholdning"],"share_on_mastodon":{"url":"https:\/\/pubeurope.com\/@no\/116719733461903969","error":""},"_links":{"self":[{"href":"https:\/\/www.europesays.com\/no\/wp-json\/wp\/v2\/posts\/260973","targetHints":{"allow":["GET"]}}],"collection":[{"href":"https:\/\/www.europesays.com\/no\/wp-json\/wp\/v2\/posts"}],"about":[{"href":"https:\/\/www.europesays.com\/no\/wp-json\/wp\/v2\/types\/post"}],"author":[{"embeddable":true,"href":"https:\/\/www.europesays.com\/no\/wp-json\/wp\/v2\/users\/2"}],"replies":[{"embeddable":true,"href":"https:\/\/www.europesays.com\/no\/wp-json\/wp\/v2\/comments?post=260973"}],"version-history":[{"count":0,"href":"https:\/\/www.europesays.com\/no\/wp-json\/wp\/v2\/posts\/260973\/revisions"}],"wp:featuredmedia":[{"embeddable":true,"href":"https:\/\/www.europesays.com\/no\/wp-json\/wp\/v2\/media\/260974"}],"wp:attachment":[{"href":"https:\/\/www.europesays.com\/no\/wp-json\/wp\/v2\/media?parent=260973"}],"wp:term":[{"taxonomy":"category","embeddable":true,"href":"https:\/\/www.europesays.com\/no\/wp-json\/wp\/v2\/categories?post=260973"},{"taxonomy":"post_tag","embeddable":true,"href":"https:\/\/www.europesays.com\/no\/wp-json\/wp\/v2\/tags?post=260973"}],"curies":[{"name":"wp","href":"https:\/\/api.w.org\/{rel}","templated":true}]}}