{"id":26101,"date":"2025-09-03T16:43:12","date_gmt":"2025-09-03T16:43:12","guid":{"rendered":"https:\/\/www.europesays.com\/no\/26101\/"},"modified":"2025-09-03T16:43:12","modified_gmt":"2025-09-03T16:43:12","slug":"synes-synd-pa-kongeparet","status":"publish","type":"post","link":"https:\/\/www.europesays.com\/no\/26101\/","title":{"rendered":"&#8211; Synes synd p\u00e5 kongeparet"},"content":{"rendered":"<p class=\"kicker \" style=\"\">Kongehusekspert reagerer<\/p>\n<p>  Kongehusekspert Caroline Vagle mener at kongehuset ikke kan unng\u00e5 \u00e5 kommentere Netflix-dokumentaren.<\/p>\n<p>\n    I HARDT V\u00c6R: Den berammede Borg H\u00f8iby-saken og n\u00e5 den lanseringsklare Netflix-dokumentaren kan sette alt kongehuset jobber med i skyggen,. Foto:\n  <\/p>\n<p>Netflix lanserer n\u00e5 dokumentaren om prinsesse M\u00e4rtha Louise og sjaman Durek Verrett.\u00a0<\/p>\n<p>Klokken 21.00 norsk tid tirsdag 16. september skal \u00abRebel Royals \u2013 An Unlikely Love Story\u00bb slippes i hele verden.<\/p>\n<p>I dag ble traileren sluppet. Her h\u00f8rer man sjamanen som messer, en kvinne som lager sex-lyder &#8211; og prinsesse M\u00e4rtha som kommer med stikk til b\u00e5de norsk presse, Norge og kongelige.\u00a0<\/p>\n<p>        DOKUMENTARSERIE: Netflix har sluppet den f\u00f8rste traileren til dokumentaren om prinsesse M\u00e4rtha Louise og ektemannen Durek Verrett.<br \/>\nDokumentaren har f\u00e5tt tittelen \u00abRebel Royals \u2013 An Unlikely Love Story\u00bb.<\/p>\n<p>Se og H\u00f8rs kongehusekspert Caroline Vagle synes synd p\u00e5 M\u00e4rthas foreldre midt i mediestormen.<\/p>\n<p>&#8211; \u00a0Som om det ikke er nok st\u00f8y rundt kongefamilien fra f\u00f8r! Jeg synes helt \u00e6rlig synd p\u00e5 kongeparet. Alt de har bygget opp og alt de driver med kommer i skyggen av den alvorlige Marius-saken &#8211; og n\u00e5 sannsynligvis kontroverser rundt denne dokumentaren, sier Vagle.<\/p>\n<p>          <img loading=\"lazy\" decoding=\"async\" src=\"https:\/\/www.europesays.com\/no\/wp-content\/uploads\/2025\/09\/83543946.webp\" width=\"686\" height=\"426\" title=\"DYR ADGANG: Bare Netflix slapp inn i teltet der M\u00e4rtha og Durek giftet seg foran resten av den norske kongefamilien. Det har de betalt dyrt for. Foto: NTB\" alt=\"\" class=\"\" style=\"--aspect-ratio-image: 1.61; \"\/><\/p>\n<p>\n          DYR ADGANG: Bare Netflix slapp inn i teltet der M\u00e4rtha og Durek giftet seg foran resten av den norske kongefamilien. Det har de betalt dyrt for. Foto: NTB\n      <\/p>\n<p>Hun mener &#8211; ut fra traileren &#8211; at kongeparet \u00e5penbart blir et element i dokumentaren.<\/p>\n<p>&#8211; N\u00e5 skal en hel verden f\u00e5 ta del i bryllupet i Geiranger og parets kj\u00e6rlighetshistorie &#8211; og det er klart dokumentaren blir identifisert med kongefamilien &#8211; enten de vil det eller ikke.<\/p>\n<p class=\"font-weight-bold m-font-weight-bold italic m-italic\" data-lab-font_weight=\"font-weight-bold\" data-lab-italic=\"italic\">&#8211; Hva tror du kong Harald og dronning Sonja tenker om dette?<\/p>\n<p>&#8211; Jeg er ikke helt sikker p\u00e5 om dette er en dokumentar som kongen og dronningen vil juble over. Ut fra det vi har sett n\u00e5, er M\u00e4rtha Louises prinsessetittel og tilknytning til kongehuset en viktig del av innholdet i dokumentaren \u2013 som utvilsomt er en medieproduksjon som prinsessen og ektemannen har tjent penger p\u00e5, mener Vagle<\/p>\n<p>          <img loading=\"lazy\" decoding=\"async\" src=\"https:\/\/www.europesays.com\/no\/wp-content\/uploads\/2025\/09\/83543950.webp\" width=\"686\" height=\"474\" title=\"M\u00d8TE I ROM SJ\u00d8: Kongeparet sto p\u00e5 KS Norge og vinket da M\u00e4rthas partyb\u00e5t gled opp p\u00e5 siden i Geirangerfjorden. Foto: Andreas Fadum\" alt=\"\" class=\"\" style=\"--aspect-ratio-image: 1.45; \"\/><\/p>\n<p>\n          M\u00d8TE I ROM SJ\u00d8: Kongeparet sto p\u00e5 KS Norge og vinket da M\u00e4rthas partyb\u00e5t gled opp p\u00e5 siden i Geirangerfjorden. Foto: Andreas Fadum\n      <\/p>\n<p>I avtalen som kongehuset inngikk med prinsessen i 2022, som fremdeles ligger ute p\u00e5 Kongehusets nettsider, kan vi lese dette:<\/p>\n<p>\u00abDette inneb\u00e6rer blant annet at de ikke skal bruke prinsessetittelen eller omtale Kongehusets medlemmer i egne sosiale mediekanaler, i medieproduksjoner eller i tilknytning til annen kommersiell aktivitet.\u00bb<\/p>\n<p>    <a itemprop=\"url\" href=\"https:\/\/www.seher.no\/kongelig\/avslort-pa-hemmelig-ferie\/83541229\" rel=\"nofollow noopener\" target=\"_blank\"><\/p>\n<p>      <img loading=\"lazy\" decoding=\"async\" src=\"https:\/\/www.europesays.com\/no\/wp-content\/uploads\/2025\/09\/83541808.webp\" width=\"980\" height=\"441\" title=\"Avsl\u00f8rt p\u00e5 hemmelig ferie\" alt=\"\" class=\"lazyload\" style=\"--aspect-ratio-image: 2.22; \"\/><\/p>\n<p>        Avsl\u00f8rt p\u00e5 hemmelig ferie<\/p>\n<p>    <\/a><\/p>\n<p>&#8211; Det er vanskelig \u00e5 se for seg at Kongehuset kan la v\u00e6re \u00e5 komme med en kommentar til denne dokumentaren, i alle fall slik den fremst\u00e5r i denne teaseren. Men la oss vente til vi har sett helheten, sier Vagle til Se og H\u00f8r.<\/p>\n","protected":false},"excerpt":{"rendered":"Kongehusekspert reagerer Kongehusekspert Caroline Vagle mener at kongehuset ikke kan unng\u00e5 \u00e5 kommentere Netflix-dokumentaren. I HARDT V\u00c6R: Den&hellip;\n","protected":false},"author":2,"featured_media":26102,"comment_status":"","ping_status":"","sticky":false,"template":"","format":"standard","meta":{"footnotes":""},"categories":[58],"tags":[2592,1560,2858,4104,71,2590,76,4186,30,28,29,72],"class_list":{"0":"post-26101","1":"post","2":"type-post","3":"status-publish","4":"format-standard","5":"has-post-thumbnail","7":"category-underholdning","8":"tag-den-norske-kongefamilien","9":"tag-dronning-sonja","10":"tag-durek-verrett","11":"tag-eksklusivt","12":"tag-entertainment","13":"tag-kong-harald","14":"tag-kongelig","15":"tag-martha-louise","16":"tag-no","17":"tag-norge","18":"tag-norway","19":"tag-underholdning"},"share_on_mastodon":{"url":"","error":""},"_links":{"self":[{"href":"https:\/\/www.europesays.com\/no\/wp-json\/wp\/v2\/posts\/26101","targetHints":{"allow":["GET"]}}],"collection":[{"href":"https:\/\/www.europesays.com\/no\/wp-json\/wp\/v2\/posts"}],"about":[{"href":"https:\/\/www.europesays.com\/no\/wp-json\/wp\/v2\/types\/post"}],"author":[{"embeddable":true,"href":"https:\/\/www.europesays.com\/no\/wp-json\/wp\/v2\/users\/2"}],"replies":[{"embeddable":true,"href":"https:\/\/www.europesays.com\/no\/wp-json\/wp\/v2\/comments?post=26101"}],"version-history":[{"count":0,"href":"https:\/\/www.europesays.com\/no\/wp-json\/wp\/v2\/posts\/26101\/revisions"}],"wp:featuredmedia":[{"embeddable":true,"href":"https:\/\/www.europesays.com\/no\/wp-json\/wp\/v2\/media\/26102"}],"wp:attachment":[{"href":"https:\/\/www.europesays.com\/no\/wp-json\/wp\/v2\/media?parent=26101"}],"wp:term":[{"taxonomy":"category","embeddable":true,"href":"https:\/\/www.europesays.com\/no\/wp-json\/wp\/v2\/categories?post=26101"},{"taxonomy":"post_tag","embeddable":true,"href":"https:\/\/www.europesays.com\/no\/wp-json\/wp\/v2\/tags?post=26101"}],"curies":[{"name":"wp","href":"https:\/\/api.w.org\/{rel}","templated":true}]}}