{"id":26105,"date":"2025-09-03T16:49:22","date_gmt":"2025-09-03T16:49:22","guid":{"rendered":"https:\/\/www.europesays.com\/no\/26105\/"},"modified":"2025-09-03T16:49:22","modified_gmt":"2025-09-03T16:49:22","slug":"nettavisen-fotball-nrk-profil-freser-helt-forjaevlig","status":"publish","type":"post","link":"https:\/\/www.europesays.com\/no\/26105\/","title":{"rendered":"Nettavisen, Fotball | NRK-profil freser: \u2013 Helt forj\u00e6vlig"},"content":{"rendered":"\n<p>(Nettavisen): \u2013 Det er jo helt forj\u00e6vlig. At det l\u00f8nner seg \u00e5 v\u00e6re en idiot.<\/p>\n<p>NRK-ekspert og tidligere Viking-spiller Kristoffer L\u00f8kberg snakker seg varm da Nettavisen ber on synspunkter rundt sommerens store snakkis i Premier League.<\/p>\n<p>Alexander Isak, Yoane Wissa, Marc Guehi og J\u00f8rgen Strand Larsen hadde alle hovedrollene i det som ble et realt deadline day-drama i Premier League denne uken.<\/p>\n<p><a href=\"https:\/\/www.nettavisen.no\/sport\/pl-profil-gjor-som-isak-gar-ut-mot-egen-klubb-for-a-tvinge-fram-et-salg\/s\/5-95-2593319\" rel=\"Follow nofollow noopener\" target=\"_blank\">De to f\u00f8rstnevnte gikk s\u00e5 langt at de truet med \u00e5 nekte \u00e5 spille for sine respektive klubber<\/a>, for \u00e5 tvinge fram en overgang til henholdsvis Liverpool og Newcastle.<\/p>\n<p><b>Les ogs\u00e5: <a href=\"https:\/\/www.nettavisen.no\/sport\/pl-profil-gjor-som-isak-gar-ut-mot-egen-klubb-for-a-tvinge-fram-et-salg\/s\/5-95-2593319\" rel=\"Follow nofollow noopener\" target=\"_blank\">PL-profil gj\u00f8r som Isak \u2013 g\u00e5r ut mot egen klubb for \u00e5 tvinge fram et salg<\/a><\/b><\/p>\n<p>De to sistnevnte signaliserte begge at de ville bort etter flere gigantbud, men forholdt seg til kontrakten og b\u00e5de spilte og trente med sine klubber mens overgangssagaen p\u00e5gikk.<\/p>\n<p>Ogs\u00e5 Arsenals svenske spisskj\u00f8p Victor Gy\u00f6keres valgte \u00e5 g\u00e5 til streik for \u00e5 forlate Sporting Lisboa tidligere i sommer.<\/p>\n<p>\u2013 Det er fryktelig at det l\u00f8nner seg \u00e5 streike, forteller L\u00f8kberg.<\/p>\n<p>   <img decoding=\"async\" width=\"1920\" height=\"1080\" fetchpriority=\"low\"  loading=\"lazy\"  src=\"https:\/\/www.europesays.com\/no\/wp-content\/uploads\/2025\/09\/streikemontasje.jpg\" alt=\"\" class=\"brick-c-cFOWSL\" style=\"--brick-image-ratio: 1920 \/ 1080;\"\/><\/p>\n<p>    STREIK: Alexander Isak nektet \u00e5 trene med Newcastle f\u00f8r han ble solgt. Marc Guehi og J\u00f8rgen Strand Larsen, ogs\u00e5 de \u00f8nsket av st\u00f8rre klubber, gikk ikke like drastisk til verks.<br \/>\n    Foto: MONTASJE (NTB\/Bildbyr\u00e5n).\n  <\/p>\n<p>Peker p\u00e5 klubbene<\/p>\n<p>Han trekker fram Strand Larsen og hvordan haldenseren h\u00e5ndterte at Newcastle l\u00e5 langflate etter ham store deler av overgangsvinduet.<\/p>\n<p>Etter det Nettavisen erfarer, tikket det inn et gigantisk Newcastle-bud omtrent samtidig som 25-\u00e5ringen kom inn fra benken i ligacupen og n\u00e6rmest egenhendig reddet Wolves med to m\u00e5l i sluttminuttene mot West Ham.<\/p>\n<p>\u2013 Han gj\u00f8r alt du kan forvente av en profesjonell, og f\u00e5r heller ikke overgangen han \u00f8nsker. Det skaper en fryktelig presedens, sl\u00e5r L\u00f8kberg fast.<\/p>\n<p><b>Les ogs\u00e5:<a href=\"https:\/\/www.nettavisen.no\/sport\/kristoffer-ajer-kommer-med-avsloring-hadde-konkrete-tilbud\/s\/5-95-2596853\" rel=\"Follow nofollow noopener\" target=\"_blank\"> Avsl\u00f8ring fra Norge-stjernen: \u2013 Hadde konkrete tilbud<\/a><\/b><\/p>\n<p>Enda lenger gikk det for Crystal Palace-kaptein Marc Guehi.<\/p>\n<p>Midtstopperen hadde allerede gjennomf\u00f8rt medisinsk sjekk i Liverpool etter at Palace hadde godtatt et bud, f\u00f8r alt kollapset helt p\u00e5 tampen fordi London-klubben ikke fikk inn erstatteren de \u00f8nsket.<\/p>\n<p>L\u00f8kberg mener sommerens eksempler viser at spillerne har f\u00e5tt veldig mye makt n\u00e5r det kommer til overganger.<\/p>\n<p>Samtidig peker han p\u00e5 at flere klubber n\u00e5 m\u00f8ter seg selv i d\u00f8ra.<\/p>\n<p>\u2013 I det ene \u00f8yeblikket er de forbanna over sin egen spiller som streiker og bruker alle midler som ogs\u00e5 ikke st\u00e5r i boka for \u00e5 komme seg bort. S\u00e5 er man villig til \u00e5 hente en spiller som gj\u00f8r det samme i en annen klubb, sier han.<\/p>\n<p>NRK-ekspertene viser ogs\u00e5 til eksempler der klubber har fryst spillere fullstendig ut av klubben fordi de \u00f8nsker \u00e5 kvitte seg med dem, b\u00e5de ved \u00e5 henvise dem til reservelaget og nekte dem adgang til f\u00f8rstelaget selv om de er sportslig kvalitet.<\/p>\n<p>Han mener likevel at eksemplene ved Wissa og Isak viser at det er g\u00e5tt for langt.<\/p>\n<p>\u2013 Du f\u00e5r lov til \u00e5 v\u00e6re sint og forbanna til alle p\u00e5 kontorene. Men for guds skyld, ha deg utp\u00e5 det treningsfeltet. Da mister du en del respekt fra meg, n\u00e5r du ikke gidder \u00e5 m\u00f8te opp p\u00e5 trening og ikke er villig til \u00e5 spille kamper mens det p\u00e5g\u00e5r.<\/p>\n<p><b>Les ogs\u00e5: <a href=\"https:\/\/www.nettavisen.no\/sport\/alarmen-gikk-skal-ha-merket-seg-urovekkende-alexander-isak-endring\/s\/5-95-2595957\" rel=\"Follow nofollow noopener\" target=\"_blank\">Alarmen gikk: Skal ha merket seg urovekkende Isak-endring<\/a><\/b><\/p>\n<p>   <img decoding=\"async\" width=\"8081\" height=\"5387\" fetchpriority=\"low\"  loading=\"lazy\"  src=\"https:\/\/www.europesays.com\/no\/wp-content\/uploads\/2025\/09\/NTB_58Qk_UrYR2I+%281%29.jpg\" alt=\"Stavanger 20240713. &#10;Vikings Kristoffer L\u00f8kberg f\u00f8r eliteseriekampen i fotball mellom Viking og Kristiansund p\u00e5 SR-bank arena i Stavanger.&#10;Foto: Carina Johansen \/ NTB\" class=\"brick-c-cFOWSL\" style=\"--brick-image-ratio: 8081 \/ 5387;\"\/><\/p>\n<p>    NRK-EKSPERT: Kristoffer L\u00f8kberg.<br \/>\n    Foto: Carina Johansen\n  <\/p>\n<p>  Wolfe: \u2013 Det er skummelt<\/p>\n<p>David M\u00f8ller Wolfe er fersk Premier League-proff, og har f\u00e5tt oppleve overgangsdramaet i England p\u00e5 n\u00e6rt hold.<\/p>\n<p>Han er skremt av hva han har sett denne sommeren.<\/p>\n<p>\u2013 Det er jo litt skummelt, sier han til Nettavisen under landslagets samling.<\/p>\n<p>Venstrebacken tror ingen spillere egentlig \u00f8nsker \u00e5 g\u00e5 til streik, og p\u00e5peker i likhet med L\u00f8kberg at det ofte g\u00e5r andre veien n\u00e5r klubber fors\u00f8ker \u00e5 skvise ut spillere de \u00f8nsker \u00e5 kvitte seg med.<\/p>\n<p>Samtidig forsvarer han p\u00e5 generell basis ingen spillere som velger \u00e5 g\u00e5 til streik mot egen klubb for \u00e5 tvinge fram en overgang.<\/p>\n<p>\u2013 For meg s\u00e5 skal en spiller alltid hedre kontrakten sin.<\/p>\n<p>   <img decoding=\"async\" width=\"8339\" height=\"5559\" fetchpriority=\"low\"  loading=\"lazy\"  src=\"https:\/\/www.europesays.com\/no\/wp-content\/uploads\/2025\/09\/cueres_scp-mangler_navn_9bVGO3iqMoo.jpg\" alt=\"Oslo 20250902. &#10;Norges David M\u00f8ller Wolfe under et pressetreff med Norges herrelandslag i fotball.&#10;Foto: Fredrik Varfjell \/ NTB\" class=\"brick-c-cFOWSL\" style=\"--brick-image-ratio: 8339 \/ 5559;\"\/><\/p>\n<p>    KLAR MELDING: Fra David M\u00f8ller Wolfe.<br \/>\n    Foto: Fredrik Varfjell\n  <\/p>\n<p>  Ajer: \u2013 Kan ikke kritisere<\/p>\n<p>Kristoffer Ajer var selv lagkamerat med Wissa, som s\u00e5 sent som i helgen gikk ut offentlig og ba Brentford godta et bud fra Newcastle.<\/p>\n<p>Det gjorde klubben til slutt, og ironisk nok var det Wissa som fikk spissplassen i Newcastle til tross for at Strand Larsen p\u00e5 et tidspunkt var f\u00f8rstevalget til PL-giganten.<\/p>\n<p>Ajer har kjent Wissa i fire \u00e5r, og skryter stort av hvordan spissen har skutt klubben til nye h\u00f8yder.<\/p>\n<p>\u2013 Han er en helt fantastisk person som har levert str\u00e5lende for Brentford i fire \u00e5r. Han har v\u00e6rt en leder, en energibunt, og som n\u00e5 ville ha en overgang. Da klarer jeg ikke \u00e5 kritisere ham for mye for det.<\/p>\n<p>   <img decoding=\"async\" width=\"6000\" height=\"4000\" fetchpriority=\"low\"  loading=\"lazy\"  src=\"https:\/\/www.europesays.com\/no\/wp-content\/uploads\/2025\/09\/BB250902VG095.jpg\" alt=\"250902 Kristoffer Ajer of the Norwegian national football team during a press event on September 2, 2025 in Oslo. &#10;Photo: Vegard Gr\u00f8tt \/ BILDBYR\u00c5N \/ kod VG \/ VG0797\" class=\"brick-c-cFOWSL\" style=\"--brick-image-ratio: 6000 \/ 4000;\"\/><\/p>\n<p>    PEKER P\u00c5 KLUBBENE: Kristoffer Ajer poengterer at klubber ogs\u00e5 er raske med \u00e5 fryse ut spillere.<br \/>\n    Foto: VEGARD GR\u00d8TT\n  <\/p>\n<p>Midtstopperen er imidlertid klar p\u00e5 at man ogs\u00e5 m\u00e5 se p\u00e5 hvordan klubber tidvis behandler spillere de \u00f8nsker \u00e5 kvitte seg med, f\u00f8r man kritiserer spillerne.<\/p>\n<p>\u2013 N\u00e5r du ikke er god nok for en klubb og har lang kontrakt, pr\u00f8ver de \u00e5 skvise deg ut p\u00e5 en urettferdig m\u00e5te.<\/p>\n","protected":false},"excerpt":{"rendered":"(Nettavisen): \u2013 Det er jo helt forj\u00e6vlig. At det l\u00f8nner seg \u00e5 v\u00e6re en idiot. NRK-ekspert og tidligere&hellip;\n","protected":false},"author":2,"featured_media":26106,"comment_status":"","ping_status":"","sticky":false,"template":"","format":"standard","meta":{"footnotes":""},"categories":[59],"tags":[36,92,2066,326,30,28,29,83,82,1510],"class_list":{"0":"post-26105","1":"post","2":"type-post","3":"status-publish","4":"format-standard","5":"has-post-thumbnail","7":"category-sport","8":"tag-art","9":"tag-fotball","10":"tag-jorgen-strand-larsen","11":"tag-nettavisen","12":"tag-no","13":"tag-norge","14":"tag-norway","15":"tag-sport","16":"tag-sports","17":"tag-story"},"share_on_mastodon":{"url":"","error":""},"_links":{"self":[{"href":"https:\/\/www.europesays.com\/no\/wp-json\/wp\/v2\/posts\/26105","targetHints":{"allow":["GET"]}}],"collection":[{"href":"https:\/\/www.europesays.com\/no\/wp-json\/wp\/v2\/posts"}],"about":[{"href":"https:\/\/www.europesays.com\/no\/wp-json\/wp\/v2\/types\/post"}],"author":[{"embeddable":true,"href":"https:\/\/www.europesays.com\/no\/wp-json\/wp\/v2\/users\/2"}],"replies":[{"embeddable":true,"href":"https:\/\/www.europesays.com\/no\/wp-json\/wp\/v2\/comments?post=26105"}],"version-history":[{"count":0,"href":"https:\/\/www.europesays.com\/no\/wp-json\/wp\/v2\/posts\/26105\/revisions"}],"wp:featuredmedia":[{"embeddable":true,"href":"https:\/\/www.europesays.com\/no\/wp-json\/wp\/v2\/media\/26106"}],"wp:attachment":[{"href":"https:\/\/www.europesays.com\/no\/wp-json\/wp\/v2\/media?parent=26105"}],"wp:term":[{"taxonomy":"category","embeddable":true,"href":"https:\/\/www.europesays.com\/no\/wp-json\/wp\/v2\/categories?post=26105"},{"taxonomy":"post_tag","embeddable":true,"href":"https:\/\/www.europesays.com\/no\/wp-json\/wp\/v2\/tags?post=26105"}],"curies":[{"name":"wp","href":"https:\/\/api.w.org\/{rel}","templated":true}]}}