{"id":26109,"date":"2025-09-03T16:58:10","date_gmt":"2025-09-03T16:58:10","guid":{"rendered":"https:\/\/www.europesays.com\/no\/26109\/"},"modified":"2025-09-03T16:58:10","modified_gmt":"2025-09-03T16:58:10","slug":"samsung-galaxy-watch-8-classic-test-2","status":"publish","type":"post","link":"https:\/\/www.europesays.com\/no\/26109\/","title":{"rendered":"Samsung Galaxy Watch 8 Classic, Test"},"content":{"rendered":"<p>   <img decoding=\"async\" width=\"4000\" height=\"3000\" fetchpriority=\"high\"  loading=\"eager\"  src=\"https:\/\/www.europesays.com\/no\/wp-content\/uploads\/2025\/09\/20250727_165235.jpg\" alt=\"\" class=\"brick-c-cFOWSL\" style=\"--brick-image-ratio: 4000 \/ 3000;\"\/><\/p>\n<p>    KLOKKE: Denne smarte klokken er faktisk veldig smart. Den har ogs\u00e5 noe Apple-brukerne bare s\u00e5 vidt kjenner til: Kunstig intelligens.<br \/>\n    Foto: P\u00e5l Nisja-Wilhelmsen (Nettavisen)\n  <\/p>\n<p data-content=\"lead-text\" class=\"lead-text review&#10;        brick-c-emNtME\">\n<p>        Samsung er kjent for \u00e5 p\u00f8se ut nye smartklokker hvert \u00e5r, men med Galaxy Watch 8-serien har selskapet gjort mer enn bare sm\u00e5 oppgraderinger.\n    <\/p>\n","protected":false},"excerpt":{"rendered":"KLOKKE: Denne smarte klokken er faktisk veldig smart. Den har ogs\u00e5 noe Apple-brukerne bare s\u00e5 vidt kjenner til:&hellip;\n","protected":false},"author":2,"featured_media":26079,"comment_status":"","ping_status":"","sticky":false,"template":"","format":"standard","meta":{"footnotes":""},"categories":[57],"tags":[30,28,29,65,63,64,66,70,69,67,68],"class_list":{"0":"post-26109","1":"post","2":"type-post","3":"status-publish","4":"format-standard","5":"has-post-thumbnail","7":"category-vitenskap-og-teknologi","8":"tag-no","9":"tag-norge","10":"tag-norway","11":"tag-science","12":"tag-science-and-technology","13":"tag-scienceandtechnology","14":"tag-technology","15":"tag-teknologi","16":"tag-vitenskap","17":"tag-vitenskap-og-teknologi","18":"tag-vitenskapteknologi"},"share_on_mastodon":{"url":"","error":""},"_links":{"self":[{"href":"https:\/\/www.europesays.com\/no\/wp-json\/wp\/v2\/posts\/26109","targetHints":{"allow":["GET"]}}],"collection":[{"href":"https:\/\/www.europesays.com\/no\/wp-json\/wp\/v2\/posts"}],"about":[{"href":"https:\/\/www.europesays.com\/no\/wp-json\/wp\/v2\/types\/post"}],"author":[{"embeddable":true,"href":"https:\/\/www.europesays.com\/no\/wp-json\/wp\/v2\/users\/2"}],"replies":[{"embeddable":true,"href":"https:\/\/www.europesays.com\/no\/wp-json\/wp\/v2\/comments?post=26109"}],"version-history":[{"count":0,"href":"https:\/\/www.europesays.com\/no\/wp-json\/wp\/v2\/posts\/26109\/revisions"}],"wp:featuredmedia":[{"embeddable":true,"href":"https:\/\/www.europesays.com\/no\/wp-json\/wp\/v2\/media\/26079"}],"wp:attachment":[{"href":"https:\/\/www.europesays.com\/no\/wp-json\/wp\/v2\/media?parent=26109"}],"wp:term":[{"taxonomy":"category","embeddable":true,"href":"https:\/\/www.europesays.com\/no\/wp-json\/wp\/v2\/categories?post=26109"},{"taxonomy":"post_tag","embeddable":true,"href":"https:\/\/www.europesays.com\/no\/wp-json\/wp\/v2\/tags?post=26109"}],"curies":[{"name":"wp","href":"https:\/\/api.w.org\/{rel}","templated":true}]}}