{"id":261228,"date":"2026-06-09T15:32:18","date_gmt":"2026-06-09T15:32:18","guid":{"rendered":"https:\/\/www.europesays.com\/no\/261228\/"},"modified":"2026-06-09T15:32:18","modified_gmt":"2026-06-09T15:32:18","slug":"stromsgodset-fotball-ferdig-i-klubben-ikke-det-jeg-onsket-meg","status":"publish","type":"post","link":"https:\/\/www.europesays.com\/no\/261228\/","title":{"rendered":"Str\u00f8msgodset, Fotball | Ferdig i klubben: \u2013 Ikke det jeg \u00f8nsket meg"},"content":{"rendered":"\n<p><b>DRAMMEN: Tobias Bj\u00f8rnstad (24) forlater Str\u00f8msgodset. Det melder klubben tirsdag ettermiddag. <\/b><\/p>\n<p>\u2013 Tobias har jobbet steinhardt p\u00e5 trening og er godt likt i gruppa. Han har f\u00e5tt en mulighet han \u00f8nsket \u00e5 ta, og med lite spilletid hos oss \u00f8nsket vi ikke \u00e5 st\u00e5 i veien for det. Det er t\u00f8ff konkurranse p\u00e5 venstreback. Vi \u00f8nsker Tobias det beste videre, sier sportssjef Jackie Rasmussen i pressemeldingen fra Str\u00f8msgodset.<\/p>\n<p>Bj\u00f8rnstad takker selv for tiden i SIF men legger ikke skjul p\u00e5 at oppholdet ble en skuffelse. 24-\u00e5ringen fikk ingen spilleminutter for A-laget i Obos-ligaen.<\/p>\n<p>\u2013 Jeg vil takke alle i og rundt Godset \u2013 en klubb som har betydd mye for meg i alle \u00e5r, sier Bj\u00f8rnstad.<\/p>\n<p><b>\u2013 Det ble ikke den returen jeg hadde \u00f8nsket meg med tanke p\u00e5 spilletid. Da jeg fikk en mulighet til \u00e5 g\u00e5 til ny klubb og f\u00e5 mer spilletid var det et \u00f8nske fra min side. Jeg \u00f8nsker klubben og alle lykke til, og h\u00e5per vi alle kan se Eliteserien p\u00e5 Marienlyst neste \u00e5r.<\/b><\/p>\n<p>Drammens Tidende kjenner ikke i skrivende stund til hvilken klubb Bj\u00f8rnstad g\u00e5r til. Det ventes at offentliggj\u00f8res i l\u00f8pet av noen dager.<\/p>\n<p>\u2013 Stolt<\/p>\n<p>Bj\u00f8rnstad signerte for Str\u00f8msgodset under treningsleiren p\u00e5 Marbella, og det var en glad unggutt som da satte pennestr\u00f8ket p\u00e5 papiret.<\/p>\n<p><b>\u2013 Endelig er jeg hjemme, sa en blid Bj\u00f8rnstad da han satte pennestr\u00f8ket sitt p\u00e5 kontrakten mellom ham og Str\u00f8msgodset ved sportssjef Jackie Rasmussen. <\/b><\/p>\n<p>\u2013 F\u00f8rst og fremst s\u00e5 er jeg veldig stolt, og glad. Det betyr sykt mye for meg, min familie og venner, sa Bj\u00f8rnstad til Drammens Tidende.<\/p>\n<p>   <img decoding=\"async\" width=\"4460\" height=\"2973\" fetchpriority=\"low\"  loading=\"lazy\"  src=\"https:\/\/www.europesays.com\/no\/wp-content\/uploads\/2026\/06\/Str%C3%B8msgodset treningsleir Marbella 2026 Spania-43.jpg\" alt=\"\" class=\"brick-c-cFOWSL\" style=\"--brick-image-ratio: 4460 \/ 2973;\"\/><\/p>\n<p>      HJEMME: Tobias Bj\u00f8rnstad var glad for \u00e5 v\u00e6re tilbake i det han kaller hjemme i Godset, men det ble et kort opphold.<br \/>\n      Foto: Daniel Kristiansen\n    <\/p>\n<p>  Et innholdsrikt fotballiv<\/p>\n<p>Bj\u00f8rnstad gikk i 2020 fra Godset til Mj\u00f8ndalen, og senere til Notodden. Derfra til svenske \u00d6rebro, f\u00f8r veien gikk til bulgarske Loko Plovdiv v\u00e5ren 2025.<\/p>\n<p>Etter oppholdet i Bulgaria, var veien videre uavklart. Bj\u00f8rnstad forteller om en krevende periode i fjor.<\/p>\n<p>\u2013 Jeg var litt fram og tilbake med flere forskjellige klubber, og litt surr med agenter og litt styr utenom. S\u00e5 da satt jeg der egentlig mot slutten av sommeren uten klubb, og visste ikke helt hvem som hadde hjulpet meg eller ikke.<\/p>\n<p>H\u00f8sten 2025 ble det ti kamper i tyske Ph\u00f6nix L\u00fcbeck p\u00e5 niv\u00e5 fire f\u00f8r ferden gikk til Godset.<\/p>\n<p>            DTs podkast om Str\u00f8msgodset<\/p>\n<p><b>Du kan f\u00f8lge podkasten p\u00e5 Spotify og Apple podcast:<\/b><\/p>\n<p><b>Spotify: <\/b><a href=\"https:\/\/open.spotify.com\/show\/75ieIOXw7pubRwcFAaFRv1\" rel=\"Follow nofollow noopener\" target=\"_blank\">https:\/\/open.spotify.com\/show\/75ieIOXw7pubRwcFAaFRv1<\/a><\/p>\n<p><b>Apple: <\/b><a href=\"https:\/\/podcasts.apple.com\/us\/podcast\/dt-tribunen\/id1846824789\" rel=\"Follow nofollow noopener\" target=\"_blank\">https:\/\/podcasts.apple.com\/us\/podcast\/dt-tribunen\/id1846824789<\/a><\/p>\n","protected":false},"excerpt":{"rendered":"DRAMMEN: Tobias Bj\u00f8rnstad (24) forlater Str\u00f8msgodset. Det melder klubben tirsdag ettermiddag. \u2013 Tobias har jobbet steinhardt p\u00e5 trening&hellip;\n","protected":false},"author":2,"featured_media":261229,"comment_status":"","ping_status":"","sticky":false,"template":"","format":"standard","meta":{"footnotes":"","_share_on_mastodon":"0"},"categories":[59],"tags":[36,92,30,28,29,83,82,1510,3325],"class_list":["post-261228","post","type-post","status-publish","format-standard","has-post-thumbnail","category-sport","tag-art","tag-fotball","tag-no","tag-norge","tag-norway","tag-sport","tag-sports","tag-story","tag-stromsgodset"],"share_on_mastodon":{"url":"https:\/\/pubeurope.com\/@no\/116720877403398244","error":""},"_links":{"self":[{"href":"https:\/\/www.europesays.com\/no\/wp-json\/wp\/v2\/posts\/261228","targetHints":{"allow":["GET"]}}],"collection":[{"href":"https:\/\/www.europesays.com\/no\/wp-json\/wp\/v2\/posts"}],"about":[{"href":"https:\/\/www.europesays.com\/no\/wp-json\/wp\/v2\/types\/post"}],"author":[{"embeddable":true,"href":"https:\/\/www.europesays.com\/no\/wp-json\/wp\/v2\/users\/2"}],"replies":[{"embeddable":true,"href":"https:\/\/www.europesays.com\/no\/wp-json\/wp\/v2\/comments?post=261228"}],"version-history":[{"count":0,"href":"https:\/\/www.europesays.com\/no\/wp-json\/wp\/v2\/posts\/261228\/revisions"}],"wp:featuredmedia":[{"embeddable":true,"href":"https:\/\/www.europesays.com\/no\/wp-json\/wp\/v2\/media\/261229"}],"wp:attachment":[{"href":"https:\/\/www.europesays.com\/no\/wp-json\/wp\/v2\/media?parent=261228"}],"wp:term":[{"taxonomy":"category","embeddable":true,"href":"https:\/\/www.europesays.com\/no\/wp-json\/wp\/v2\/categories?post=261228"},{"taxonomy":"post_tag","embeddable":true,"href":"https:\/\/www.europesays.com\/no\/wp-json\/wp\/v2\/tags?post=261228"}],"curies":[{"name":"wp","href":"https:\/\/api.w.org\/{rel}","templated":true}]}}