{"id":26124,"date":"2025-09-03T17:22:10","date_gmt":"2025-09-03T17:22:10","guid":{"rendered":"https:\/\/www.europesays.com\/no\/26124\/"},"modified":"2025-09-03T17:22:10","modified_gmt":"2025-09-03T17:22:10","slug":"statsministermaling-listhaug-splitter-borgerlig-side","status":"publish","type":"post","link":"https:\/\/www.europesays.com\/no\/26124\/","title":{"rendered":"Statsministerm\u00e5ling: Listhaug splitter borgerlig side"},"content":{"rendered":"\n<ul class=\"_list_ew2ao_3 _list_64s2r_85 _unordered_ew2ao_99 text-sans-m\">\n<li class=\"_item_ew2ao_30\">Et bittelite flertallet av H\u00f8yre-velgere vil heller ha Jonas Gahr St\u00f8re (Ap) som statsminister, enn Frp-leder Sylvi Listhaug.<\/li>\n<li class=\"_item_ew2ao_30\">St\u00f8re er favoritt med nesten 30 prosentpoeng mer enn Listhaug, men kun 7 prosentpoeng mer enn Erna Solberg. <\/li>\n<li class=\"_item_ew2ao_30\">P\u00e5 borgerlig side er Erna Solberg statsministerfavoritt, dersom valget st\u00e5r mellom helle og St\u00f8re. <\/li>\n<\/ul>\n<p>Vis mer <\/p>\n<p class=\"_paragraph_ew2ao_4 _paragraph_xtcu6_10 layout-component text-serif-m layout-normal text-serif-m layout-padded\">P\u00e5 r\u00f8dgr\u00f8nn side er det orden i rekkene. Der st\u00f8tter et overveldende flertall av alle partiene St\u00f8re som statsminister, viser VG og Aftenpostens ferske statsministerm\u00e5ling. <\/p>\n<p class=\"_paragraph_ew2ao_4 _paragraph_xtcu6_10 layout-component text-serif-m layout-normal text-serif-m layout-padded\"><strong class=\"_strong_ew2ao_25\">P\u00e5 borgerlig side derimot har statsministerspagaten virkelig begynt \u00e5 gj\u00f8re vondt. <\/strong><\/p>\n<p class=\"_paragraph_ew2ao_4 _paragraph_xtcu6_10 layout-component text-serif-m layout-normal text-serif-m layout-padded\">\u2013 N\u00e5r vi sp\u00f8r om St\u00f8re eller Listhaug begynner det \u00e5 bli mer svett. For H\u00f8yre-velgerne blir det som \u00e5 velge mellom pest eller kolera, sier Thore Gotaas Olaussen til VG. <\/p>\n<p><img decoding=\"async\" alt=\"Bilde av Thore Gotaas Olaussen\" class=\"_image_ygndg_42\" height=\"27\" itemprop=\"image\" loading=\"lazy\"  src=\"https:\/\/www.europesays.com\/no\/wp-content\/uploads\/2025\/09\/3a926884-63c9-49d8-8dae-5e11638bac64\"  width=\"40\"\/><strong class=\"_name_ygndg_51 title-serif-xs\">Thore Gotaas Olaussen<\/strong><\/p>\n<p class=\"_paragraph_ew2ao_4 text-sans-m _description_ygndg_56\">Ansvarlig for statsministerm\u00e5lingen til Respons Analyse<\/p>\n<p class=\"_paragraph_ew2ao_4 _paragraph_xtcu6_10 layout-component text-serif-m layout-normal text-serif-m layout-padded\">Fem dager f\u00f8r valget er det fremdeles Jonas Gahr St\u00f8re som er favoritten, b\u00e5de satt opp imot H\u00f8yre-leder Erna Solberg og Frp-leder Sylvi Listhaug. <\/p>\n<p class=\"_paragraph_ew2ao_4 _paragraph_xtcu6_10 layout-component text-serif-m layout-normal text-serif-m layout-padded\">Dersom velgerne m\u00e5 velge mellom St\u00f8re og Listhaug, er han soleklar favoritt med st\u00f8tte fra hele 60 prosent av de spurte. Forspranget er p\u00e5 nesten 30 prosentpoeng: <\/p>\n<p class=\"_paragraph_ew2ao_4 _paragraph_xtcu6_10 layout-component text-serif-m layout-normal text-serif-m layout-padded\">St\u00e5r valget mellom St\u00f8re og Solberg, er det mye jevnere. Her leder han kun med 7 prosentpoeng: <\/p>\n<p class=\"_paragraph_ew2ao_4 _paragraph_xtcu6_10 layout-component text-serif-m layout-normal text-serif-m layout-padded\">Sammenlignet med tall fra august, styrker b\u00e5de Erna Solberg og Jonas Gahr St\u00f8re seg. Flere har alts\u00e5 bestemt seg for hvilken kandidat de skal st\u00f8tte. <\/p>\n<p class=\"_paragraph_ew2ao_4 _paragraph_xtcu6_10 layout-component text-serif-m layout-normal text-serif-m layout-padded\">Valgforsker Troy Saghaug Broderstad ved UiT poengterer at Solberg lukter St\u00f8re i nakken. <\/p>\n<p class=\"_paragraph_ew2ao_4 _paragraph_xtcu6_10 layout-component text-serif-m layout-normal text-serif-m layout-padded\">\u2013 Det samsvarer med andre m\u00e5linger der det er fryktelig jevnt mellom blokkene, sier han til VG <\/p>\n<p>Borgerlig splittelse <\/p>\n<p class=\"_paragraph_ew2ao_4 _paragraph_xtcu6_10 layout-component text-serif-m layout-normal text-serif-m layout-padded\">I valget mellom St\u00f8re og Solberg st\u00f8tter velgerne p\u00e5 r\u00f8dgr\u00f8nn og borgerlig side sin respektive statsministerkandidat. <\/p>\n<p class=\"_paragraph_ew2ao_4 _paragraph_xtcu6_10 layout-component text-serif-m layout-normal text-serif-m layout-padded\">N\u00e5r de m\u00e5 velge mellom St\u00f8re og Listhaug, spriker det i alle retninger: <\/p>\n<ul class=\"_list_ew2ao_3 _list_xtcu6_9 _unordered_ew2ao_99 layout-component text-serif-m layout-normal text-serif-m layout-padded\">\n<li class=\"_item_ew2ao_30\">Krf-velgerne er delt helt p\u00e5 midten med 41 prosent som st\u00f8tter henholdsvis Listhaug eller St\u00f8re. <\/li>\n<li class=\"_item_ew2ao_30\">76 prosent av Venstre-velgerne vil heller ha St\u00f8re, enn Listhaug. <\/li>\n<li class=\"_item_ew2ao_30\">Ogs\u00e5 H\u00f8yre-velgerne er s\u00e5 \u00e5 si splittet p\u00e5 midten med 44 prosent som vil ha St\u00f8re og 41 som vil ha Listhaug, i valget mellom de to som statsminister. <\/li>\n<\/ul>\n<p class=\"_paragraph_ew2ao_4 _paragraph_xtcu6_10 layout-component text-serif-m layout-normal text-serif-m layout-padded\">\u2013 Det er ganske overraskende. Det viser at H\u00f8yre-velgerne st\u00f8tter opp om sin egen statsministerkandidat, men ogs\u00e5 at de ikke vil ha borgerlig seier for enhver pris, sier valgforsker Troy Saghaug Broderstad om H\u00f8yre-velgerne. <\/p>\n<p class=\"_paragraph_ew2ao_4 _paragraph_xtcu6_10 layout-component text-serif-m layout-normal text-serif-m layout-padded\">I Frp vil naturligvis nesten alle heller ha sin egen partileder som statsminister, enn St\u00f8re.<\/p>\n<p><img alt=\"Foto: Kjetil Rydland \/ UiT\" class=\"_image_qp4xg_65 layout-component layout-normal\" data-fullscreen- data-track-element-type=\"Article image fullscreen\" data-track-name=\"ImageFullscreen\" decoding=\"async\" loading=\"lazy\" height=\"2727\" itemprop=\"image\"  src=\"https:\/\/www.europesays.com\/no\/wp-content\/uploads\/2025\/09\/45d6421a-ba45-46f8-9b64-a3f25cac0929\"  style=\"object-position:0% 0%\" width=\"4091\"\/>Foto: Kjetil Rydland \/ UiT<\/p>\n<p class=\"_paragraph_ew2ao_4 _paragraph_xtcu6_10 layout-component text-serif-m layout-normal text-serif-m layout-padded\">Broderstad mener Arbeiderpartiet kan klappe seg selv p\u00e5 skulderen, og ta noe av \u00e6ren for statsminister-kaoset.<\/p>\n<p class=\"_paragraph_ew2ao_4 _paragraph_xtcu6_10 layout-component text-serif-m layout-normal text-serif-m layout-padded\">\u2013 De har lykkes i valgkampen med \u00e5 rette fokuset mot borgerlig kaos og hvem som er statsministerkandidat p\u00e5 den siden. Det er enklere for dem \u00e5 peke p\u00e5 forskjellene mellom seg selv og Frp, enn seg selv og H\u00f8yre. <\/p>\n<p class=\"_paragraph_ew2ao_4 _paragraph_xtcu6_10 layout-component text-serif-m layout-normal text-serif-m layout-padded\">Ogs\u00e5 Olaussen er enig i det. <\/p>\n<p class=\"_paragraph_ew2ao_4 _paragraph_xtcu6_10 layout-component text-serif-m layout-normal text-serif-m layout-padded\">\u2013 Det har v\u00e6rt et smart trekk av Arbeiderpartiet \u00e5 trekke frem Listhaug som hovedkonkurrent og en seri\u00f8s statsministerkandidat. Da fikk de en uavklart situasjon p\u00e5 borgerlig side, sier Olaussen. <\/p>\n<p>Lillavelgere i stuss<\/p>\n<p class=\"_paragraph_ew2ao_4 _paragraph_xtcu6_10 layout-component text-serif-m layout-normal text-serif-m layout-padded\">For H\u00f8yre har denne valgkampen handlet mye om \u00e5 overbevise s\u00e5kalte lillavelgerne om \u00e5 stemme p\u00e5 dem, alts\u00e5 velgere som vipper mellom de to blokkene, ofte Arbeiderpartiet og H\u00f8yre. <\/p>\n<p><img alt=\"Foto: Helge Mikalsen \/ VG\" class=\"_image_qp4xg_65 layout-component layout-normal\" data-fullscreen- data-track-element-type=\"Article image fullscreen\" data-track-name=\"ImageFullscreen\" decoding=\"async\" loading=\"lazy\" height=\"3592\" itemprop=\"image\"  src=\"https:\/\/www.europesays.com\/no\/wp-content\/uploads\/2025\/09\/c131a84b-713b-4045-ad9e-17da582feb42\"  style=\"object-position:0% 0%\" width=\"5392\"\/>Foto: Helge Mikalsen \/ VG<\/p>\n<p class=\"_paragraph_ew2ao_4 _paragraph_xtcu6_10 layout-component text-serif-m layout-normal text-serif-m layout-padded\"><strong class=\"_strong_ew2ao_25\">Det er nettopp disse velgerne som sliter i valget mellom St\u00f8re og Listhaug, mener Broderstad. <\/strong><\/p>\n<p class=\"_paragraph_ew2ao_4 _paragraph_xtcu6_10 layout-component text-serif-m layout-normal text-serif-m layout-padded\">\u2013 Borgerlig side hadde definitivt hatt godt av at Sylvi og Erna hadde tatt seg en kaffe, eller et glass vin, og blitt enige om hvordan de skal kj\u00f8re denne valgkampen. N\u00e5 er budskapet \u00abvi skal ha noe annet, men vet ikke helt hva\u00bb, da foretrekker mange heller status quo. Det er ikke en klok valgkampstrategi, sier han videre. <\/p>\n<p class=\"_paragraph_ew2ao_4 _paragraph_xtcu6_10 layout-component text-serif-m layout-normal text-serif-m layout-padded\">\u2013 Betyr dette at H\u00f8yre-velgerne faktisk liker St\u00f8re, eller bare at de virkelig misliker Listhaug?<\/p>\n<p class=\"_paragraph_ew2ao_4 _paragraph_xtcu6_10 layout-component text-serif-m layout-normal text-serif-m layout-padded\">\u2013 Jeg tror det er begge deler. St\u00f8re har veldig stor troverdighet hos et bredt spekter av ledere, gitt den internasjonale situasjonen vi er i. Listhaug har jo ingen av de kvalitetene som St\u00f8re har i internasjonale sp\u00f8rsm\u00e5l. Sammenlignet med Solberg kommer hun ogs\u00e5 til kort p\u00e5 merittlisten, sier han. <\/p>\n<p>Bred Erna-st\u00f8tte<\/p>\n<p class=\"_paragraph_ew2ao_4 _paragraph_xtcu6_10 layout-component text-serif-m layout-normal text-serif-m layout-padded\">St\u00e5r valget mellom Solberg og St\u00f8re, f\u00e5r H\u00f8yre-lederen bred st\u00f8tte. 76 prosent av Frp-velgerne peker p\u00e5 henne. Det samme gj\u00f8r 71 prosent av KrF-erne. <\/p>\n<p><img alt=\"Venstre-leder Guri Melby og KrF-leder Dag Inge Ulstein kan avgj\u00f8re statsministersp\u00f8rsm\u00e5let.   Foto: G\u00f8ran Bohlin \/ VG\" class=\"_image_qp4xg_65 layout-component layout-normal\" data-fullscreen- data-track-element-type=\"Article image fullscreen\" data-track-name=\"ImageFullscreen\" decoding=\"async\" loading=\"lazy\" height=\"5504\" itemprop=\"image\"  src=\"https:\/\/www.europesays.com\/no\/wp-content\/uploads\/2025\/09\/5c5f5710-ef8a-4dd7-a643-e2e8c2993832\"  style=\"object-position:0% 0%\" width=\"8256\"\/>Venstre-leder Guri Melby og KrF-leder Dag Inge Ulstein kan avgj\u00f8re statsministersp\u00f8rsm\u00e5let.   Foto: G\u00f8ran Bohlin \/ VG<\/p>\n<p class=\"_paragraph_ew2ao_4 _paragraph_xtcu6_10 layout-component text-serif-m layout-normal text-serif-m layout-padded\">Venstre-velgerne er mer delt. Der foretrekker 55 prosent Erna Solberg og 40 prosent Jonas Gahr St\u00f8re. <\/p>\n<p class=\"_paragraph_ew2ao_4 _paragraph_xtcu6_10 layout-component text-serif-m layout-normal text-serif-m layout-padded\">\u2013 Det at Listhaug aldri har v\u00e6rt statsminister, er noe man m\u00e5 ta med seg. Vi vet at St\u00f8re har styrt i fire \u00e5r, og at Erna Solberg har styrt i \u00e5tte \u00e5r. S\u00e5 vi vet omtrent hva det g\u00e5r, sier Olaussen og legger til:<\/p>\n<p class=\"_paragraph_ew2ao_4 _paragraph_xtcu6_10 layout-component text-serif-m layout-normal text-serif-m layout-padded\">\u2013 Frp gj\u00f8r det bra og Listhaug gj\u00f8r det bra som partileder, det kan ingen ta fra henne. Men det er st\u00f8rre skepsis blant velgermassen til henne som statsminister. <\/p>\n<p class=\"_paragraph_ew2ao_4 _paragraph_xtcu6_10 layout-component text-serif-m layout-normal text-serif-m layout-padded\"><strong class=\"_strong_ew2ao_25\">Ikke bestemt deg enn\u00e5? Ta VGs valgomat her! <\/strong><\/p>\n","protected":false},"excerpt":{"rendered":"Et bittelite flertallet av H\u00f8yre-velgere vil heller ha Jonas Gahr St\u00f8re (Ap) som statsminister, enn Frp-leder Sylvi Listhaug.&hellip;\n","protected":false},"author":2,"featured_media":26125,"comment_status":"","ping_status":"","sticky":false,"template":"","format":"standard","meta":{"footnotes":""},"categories":[10],"tags":[20,21,24,25,15,22,23,13,30,28,281,29,14,16,199,26,27,205],"class_list":{"0":"post-26124","1":"post","2":"type-post","3":"status-publish","4":"format-standard","5":"has-post-thumbnail","7":"category-norge","8":"tag-breaking-news","9":"tag-breakingnews","10":"tag-featured-news","11":"tag-featurednews","12":"tag-headlines","13":"tag-latest-news","14":"tag-latestnews","15":"tag-news","16":"tag-no","17":"tag-norge","18":"tag-norsk-politikk","19":"tag-norway","20":"tag-nyheter","21":"tag-overskrifter","22":"tag-stortingsvalg","23":"tag-top-stories","24":"tag-topstories","25":"tag-vgsamfunn"},"share_on_mastodon":{"url":"","error":""},"_links":{"self":[{"href":"https:\/\/www.europesays.com\/no\/wp-json\/wp\/v2\/posts\/26124","targetHints":{"allow":["GET"]}}],"collection":[{"href":"https:\/\/www.europesays.com\/no\/wp-json\/wp\/v2\/posts"}],"about":[{"href":"https:\/\/www.europesays.com\/no\/wp-json\/wp\/v2\/types\/post"}],"author":[{"embeddable":true,"href":"https:\/\/www.europesays.com\/no\/wp-json\/wp\/v2\/users\/2"}],"replies":[{"embeddable":true,"href":"https:\/\/www.europesays.com\/no\/wp-json\/wp\/v2\/comments?post=26124"}],"version-history":[{"count":0,"href":"https:\/\/www.europesays.com\/no\/wp-json\/wp\/v2\/posts\/26124\/revisions"}],"wp:featuredmedia":[{"embeddable":true,"href":"https:\/\/www.europesays.com\/no\/wp-json\/wp\/v2\/media\/26125"}],"wp:attachment":[{"href":"https:\/\/www.europesays.com\/no\/wp-json\/wp\/v2\/media?parent=26124"}],"wp:term":[{"taxonomy":"category","embeddable":true,"href":"https:\/\/www.europesays.com\/no\/wp-json\/wp\/v2\/categories?post=26124"},{"taxonomy":"post_tag","embeddable":true,"href":"https:\/\/www.europesays.com\/no\/wp-json\/wp\/v2\/tags?post=26124"}],"curies":[{"name":"wp","href":"https:\/\/api.w.org\/{rel}","templated":true}]}}