{"id":26130,"date":"2025-09-03T17:31:09","date_gmt":"2025-09-03T17:31:09","guid":{"rendered":"https:\/\/www.europesays.com\/no\/26130\/"},"modified":"2025-09-03T17:31:09","modified_gmt":"2025-09-03T17:31:09","slug":"dommersjefen-apner-opp-etter-var-raseri","status":"publish","type":"post","link":"https:\/\/www.europesays.com\/no\/26130\/","title":{"rendered":"Dommersjefen \u00e5pner opp etter VAR-raseri:"},"content":{"rendered":"\n<p class=\"_lead_ew2ao_2 _lead_xtcu6_50 layout-component text-serif-m layout-normal text-serif-l layout-component layout-wide layout-padded _wide_17hqh_1 layout-padded\">Dommersjef i Premier League, Howard Webb (54), innr\u00f8mmer at dommerne tok feil da de annullerte Josh Kings m\u00e5l for Fulham mot Chelsea p\u00e5 l\u00f8rdag.<\/p>\n<p> <img class=\"_image_qp4xg_65 layout-component layout-wide\" data-fullscreen- data-track-element-type=\"Article image fullscreen\" data-track-name=\"ImageFullscreen\" fetchpriority=\"high\" decoding=\"sync\" loading=\"eager\" height=\"102\" itemprop=\"image\"  src=\"https:\/\/www.europesays.com\/no\/wp-content\/uploads\/2025\/09\/8e3702c28489337796539c6607b0a8ac.jpg\"  style=\"object-position:50% 50%;aspect-ratio:1.75;height:auto;object-fit:cover;width:100%\" width=\"102\"\/>  <\/p>\n<ul aria-hidden=\"true\" class=\"_images_1y6fe_106\">\n<li><a class=\"_link_1y6fe_111\" href=\"https:\/\/www.vg.no\/forfatter\/henrik-davidsen-hellevik\" style=\"z-index:1\" title=\"Henrik Davidsen Hellevik\" rel=\"nofollow noopener\" target=\"_blank\"><img alt=\"Bilde av Henrik Davidsen Hellevik\" class=\"_image_1y6fe_88\" fetchpriority=\"low\" loading=\"lazy\" decoding=\"async\" itemprop=\"image\"  src=\"https:\/\/www.europesays.com\/no\/wp-content\/uploads\/2025\/09\/1756920669_665_5443292c-a647-4269-871c-1f6248707e55\"  width=\"480\"\/><\/a><\/li>\n<\/ul>\n<p> Oppdatert onsdag 3. september kl. 19:08     <\/p>\n<p class=\"_paragraph_ew2ao_4 _paragraph_xtcu6_10 layout-component text-serif-m layout-normal text-serif-m layout-padded\">\u2013 Det var ikke kontroversielt, det var feil.<\/p>\n<p class=\"_paragraph_ew2ao_4 _paragraph_xtcu6_10 layout-component text-serif-m layout-normal text-serif-m layout-padded\">Det sier Webb til Sky Sports, if\u00f8lge\u00a0<a href=\"https:\/\/www.nytimes.com\/athletic\/6594224\/2025\/09\/03\/chelsea-fulham-goal-var-webb\/\" class=\"_link_ew2ao_39\" rel=\"nofollow noopener\" target=\"_blank\">The Athletic<\/a>.<\/p>\n<p class=\"_paragraph_ew2ao_4 _paragraph_xtcu6_10 layout-component text-serif-m layout-normal text-serif-m layout-padded\">Kings scoring ble f\u00f8rst godkjent av hoveddommer Rob Jones. Men VAR-dommer Michael Salisbury ba ham se p\u00e5 situasjonen p\u00e5 nytt, og m\u00e5let ble annullert for en p\u00e5st\u00e5tt forseelse av Fulham-spiss Rodrigo Muniz p\u00e5 Chelsea-forsvarer Trevoh Chalobah.<\/p>\n<p class=\"_paragraph_ew2ao_4 _paragraph_xtcu6_10 layout-component text-serif-m layout-normal text-serif-m layout-padded\">Se situasjonen i videoen \u00f8verst i saken.<\/p>\n<p class=\"_paragraph_ew2ao_4 _paragraph_xtcu6_10 layout-component text-serif-m layout-normal text-serif-m layout-padded\">Webb forklarer at dommerne fokuserte for mye p\u00e5 kontakten mellom spillerne, uten \u00e5 se p\u00e5 sammenhengen.<\/p>\n<p class=\"_paragraph_ew2ao_4 _paragraph_xtcu6_10 layout-component text-serif-m layout-normal text-serif-m layout-padded\">\u2013 Muniz hadde kontroll p\u00e5 ballen, snudde naturlig og satte foten ned p\u00e5 Chalobah, som hadde flyttet foten sin inn i et omr\u00e5de som Fulham-spilleren hadde rett til \u00e5 bruke, sier Webb.<\/p>\n<p><img decoding=\"async\" alt=\"Bilde av Howard Webb\" class=\"_image_ygndg_42\" height=\"28\" itemprop=\"image\" loading=\"lazy\"  src=\"https:\/\/www.europesays.com\/no\/wp-content\/uploads\/2025\/09\/65ca4a13-de07-4ef3-91c6-05f37f6429b0\"  width=\"40\"\/><strong class=\"_name_ygndg_51 title-serif-xs\">Howard Webb<\/strong><\/p>\n<p class=\"_paragraph_ew2ao_4 text-sans-m _description_ygndg_56\">Tidligere Premier League-dommer. N\u00e5 dommersjef for ligaen.<\/p>\n<p class=\"_paragraph_ew2ao_4 _paragraph_xtcu6_10 layout-component text-serif-m layout-normal text-serif-m layout-padded\">Dommersjefen understreker at VAR kun skal gripe inn n\u00e5r bevisene er helt klare.<\/p>\n<p class=\"_paragraph_ew2ao_4 _paragraph_xtcu6_10 layout-component text-serif-m layout-normal text-serif-m layout-padded\">\u2013 Vi skal bare ta bort m\u00e5l n\u00e5r bevisene er sv\u00e6rt tydelige p\u00e5 at det er det eneste vi kan gj\u00f8re. I denne situasjonen ble ikke retningslinjene fulgt ordentlig, sier han.<\/p>\n<p class=\"_paragraph_ew2ao_4 _paragraph_xtcu6_10 layout-component text-serif-m layout-normal text-serif-m layout-padded\">Konsekvensen av annulleringen ble at Salisbury<a href=\"https:\/\/www.vg.no\/sport\/i\/4B98X9\/var-dommer-fjernet-fra-oppdrag-timer-foer-storkampen\" data-track-element-type=\"Link\" data-track-id=\"link:4B98X9\" class=\"_link_ew2ao_39\" rel=\"nofollow noopener\" target=\"_blank\"> ikke fikk v\u00e6re VAR-dommer i oppgj\u00f8ret mellom Liverpool og Arsenal dagen etter. <\/a><\/p>\n<p class=\"_paragraph_ew2ao_4 _paragraph_xtcu6_10 layout-component text-serif-m layout-normal text-serif-m layout-padded\">Kampen endte <a href=\"https:\/\/www.vg.no\/sport\/i\/3MyggA\/var-raseri-da-chelsea-vant-horribel-dommeravgjoerelse\" data-track-element-type=\"Link\" data-track-id=\"link:3MyggA\" class=\"_link_ew2ao_39\" rel=\"nofollow noopener\" target=\"_blank\">2-0 til Chelsea<\/a>.<\/p>\n","protected":false},"excerpt":{"rendered":"Dommersjef i Premier League, Howard Webb (54), innr\u00f8mmer at dommerne tok feil da de annullerte Josh Kings m\u00e5l&hellip;\n","protected":false},"author":2,"featured_media":22342,"comment_status":"","ping_status":"","sticky":false,"template":"","format":"standard","meta":{"footnotes":""},"categories":[59],"tags":[1693,2140,30,28,29,161,83,82,46,3721],"class_list":{"0":"post-26130","1":"post","2":"type-post","3":"status-publish","4":"format-standard","5":"has-post-thumbnail","7":"category-sport","8":"tag-chelsea-fc","9":"tag-fulham-fc","10":"tag-no","11":"tag-norge","12":"tag-norway","13":"tag-premier-league","14":"tag-sport","15":"tag-sports","16":"tag-vgai","17":"tag-videodomming"},"share_on_mastodon":{"url":"","error":""},"_links":{"self":[{"href":"https:\/\/www.europesays.com\/no\/wp-json\/wp\/v2\/posts\/26130","targetHints":{"allow":["GET"]}}],"collection":[{"href":"https:\/\/www.europesays.com\/no\/wp-json\/wp\/v2\/posts"}],"about":[{"href":"https:\/\/www.europesays.com\/no\/wp-json\/wp\/v2\/types\/post"}],"author":[{"embeddable":true,"href":"https:\/\/www.europesays.com\/no\/wp-json\/wp\/v2\/users\/2"}],"replies":[{"embeddable":true,"href":"https:\/\/www.europesays.com\/no\/wp-json\/wp\/v2\/comments?post=26130"}],"version-history":[{"count":0,"href":"https:\/\/www.europesays.com\/no\/wp-json\/wp\/v2\/posts\/26130\/revisions"}],"wp:featuredmedia":[{"embeddable":true,"href":"https:\/\/www.europesays.com\/no\/wp-json\/wp\/v2\/media\/22342"}],"wp:attachment":[{"href":"https:\/\/www.europesays.com\/no\/wp-json\/wp\/v2\/media?parent=26130"}],"wp:term":[{"taxonomy":"category","embeddable":true,"href":"https:\/\/www.europesays.com\/no\/wp-json\/wp\/v2\/categories?post=26130"},{"taxonomy":"post_tag","embeddable":true,"href":"https:\/\/www.europesays.com\/no\/wp-json\/wp\/v2\/tags?post=26130"}],"curies":[{"name":"wp","href":"https:\/\/api.w.org\/{rel}","templated":true}]}}