{"id":26137,"date":"2025-09-03T17:46:11","date_gmt":"2025-09-03T17:46:11","guid":{"rendered":"https:\/\/www.europesays.com\/no\/26137\/"},"modified":"2025-09-03T17:46:11","modified_gmt":"2025-09-03T17:46:11","slug":"netflix-traileren-med-martha-og-durek-i-rebel-royals-er-ute-fantastisk-historie-om-fisk-pa-land","status":"publish","type":"post","link":"https:\/\/www.europesays.com\/no\/26137\/","title":{"rendered":"Netflix-traileren med M\u00e4rtha og Durek i \u00abRebel Royals\u00bb er ute: \u2013 Fantastisk historie om fisk p\u00e5 land"},"content":{"rendered":"<p>\u00abHan er en selvutnevnt sjaman, hun er en norsk prinsesse\u00bb, introduserer fortellerstemmen det tilsynelatende umake paret \u2013 i dokumentarfilmen som har undertittelen: \u00abAn Unlikely Love Story\u00bb.<\/p>\n<p><a href=\"https:\/\/www.youtube.com\/watch?v=i1-4_Uhf9H0\" rel=\"noopener nofollow\" target=\"_blank\">Traileren <\/a> byr p\u00e5 en syngende Hollywood-sjaman som ogs\u00e5 deler historien om det f\u00f8rste m\u00f8tet med kong Harald og dronning Sonja:<\/p>\n<p>\u2013 Da jeg m\u00f8tte kongen og dronningen, bare stirret de p\u00e5 meg. M\u00e4rtha ga meg ingen ledetr\u00e5der, hun sa bare \u00abv\u00e6r deg selv\u00bb, sier han, mens hun bare ler der hun sitter ved siden av ham.<\/p>\n<p>Durek Verrett sier i traileren at det var prinsessen som f\u00f8rst forelsket seg i ham, og at han var litt mer tilbakeholden \u2013 \u00abjeg trodde jeg kanskje ville ende opp med en mann\u00bb.<\/p>\n<p>Lett var det heller ikke \u00e5 v\u00e6re den f\u00f8rste svarte mannen som giftet seg inn i en europeisk kongefamilie, sier Durek Verrett, som i filmtraileren erkl\u00e6rer muntert:<\/p>\n<p>\u2013 Jeg \u00f8nsker meg et kongelig bryllup fordi jeg skal bli kongelig.<\/p>\n<p>I Netflix-omtalen av \u00abRebel Royals\u00bb heter det at dokumentaren skal gi seerne \u00abet intimt innblikk i kj\u00e6rlighetshistorien\u00bb deres og vise dem der de forbereder seg til bryllup, s\u00f8ker \u00e5ndelig veiledning og navigerer en mediestorm. Den blir \u00e5 se 16. september.<\/p>\n<p>\u2013 Da jeg s\u00e5 Vanity Fair-artikkelen om en prinsesse og en sjaman som forelsket seg, fanget det oppmerksomheten min \u00f8yeblikkelig, sier Rebecca Chaiklin, som er produsent og har regi. Hun er kjent for \u00abTiger King\u00bb-dokumentaren.<\/p>\n<p>Hun kaller M\u00e4rtha Louise og sjaman Durek for \u00abto uventede, ville og karismatiske karakterer fra totalt forskjellige verdener, som navigerte i en virvelvind av kontrovers mens de kjempet for kj\u00e6rligheten\u00bb.<\/p>\n<p>\u2013 Det var en fantastisk historie om fisk p\u00e5 land \u2013 og de var s\u00e5 morsomme. S\u00e5 jeg m\u00e5tte bare overbevise dem (og \u00e5ndene) om at jeg var \u00ablit\u00bb nok til \u00e5 v\u00e6re den som skulle fortelle deres historie, sier Chaiklin i en uttalelse via Netflix.<\/p>\n<p>\u00abLit\u00bb er uttrykket Durek Verrett gjerne bruker om \u00e5 v\u00e6re \u00e5ndelig v\u00e5ken, i kontakt med energiene rundt seg og levende begeistret for livet.<\/p>\n","protected":false},"excerpt":{"rendered":"\u00abHan er en selvutnevnt sjaman, hun er en norsk prinsesse\u00bb, introduserer fortellerstemmen det tilsynelatende umake paret \u2013 i&hellip;\n","protected":false},"author":2,"featured_media":26138,"comment_status":"","ping_status":"","sticky":false,"template":"","format":"standard","meta":{"footnotes":""},"categories":[58],"tags":[2858,71,1803,30,28,29,2903,72],"class_list":{"0":"post-26137","1":"post","2":"type-post","3":"status-publish","4":"format-standard","5":"has-post-thumbnail","7":"category-underholdning","8":"tag-durek-verrett","9":"tag-entertainment","10":"tag-kongehuset","11":"tag-no","12":"tag-norge","13":"tag-norway","14":"tag-prinsesse-martha","15":"tag-underholdning"},"share_on_mastodon":{"url":"","error":""},"_links":{"self":[{"href":"https:\/\/www.europesays.com\/no\/wp-json\/wp\/v2\/posts\/26137","targetHints":{"allow":["GET"]}}],"collection":[{"href":"https:\/\/www.europesays.com\/no\/wp-json\/wp\/v2\/posts"}],"about":[{"href":"https:\/\/www.europesays.com\/no\/wp-json\/wp\/v2\/types\/post"}],"author":[{"embeddable":true,"href":"https:\/\/www.europesays.com\/no\/wp-json\/wp\/v2\/users\/2"}],"replies":[{"embeddable":true,"href":"https:\/\/www.europesays.com\/no\/wp-json\/wp\/v2\/comments?post=26137"}],"version-history":[{"count":0,"href":"https:\/\/www.europesays.com\/no\/wp-json\/wp\/v2\/posts\/26137\/revisions"}],"wp:featuredmedia":[{"embeddable":true,"href":"https:\/\/www.europesays.com\/no\/wp-json\/wp\/v2\/media\/26138"}],"wp:attachment":[{"href":"https:\/\/www.europesays.com\/no\/wp-json\/wp\/v2\/media?parent=26137"}],"wp:term":[{"taxonomy":"category","embeddable":true,"href":"https:\/\/www.europesays.com\/no\/wp-json\/wp\/v2\/categories?post=26137"},{"taxonomy":"post_tag","embeddable":true,"href":"https:\/\/www.europesays.com\/no\/wp-json\/wp\/v2\/tags?post=26137"}],"curies":[{"name":"wp","href":"https:\/\/api.w.org\/{rel}","templated":true}]}}