{"id":26139,"date":"2025-09-03T17:50:52","date_gmt":"2025-09-03T17:50:52","guid":{"rendered":"https:\/\/www.europesays.com\/no\/26139\/"},"modified":"2025-09-03T17:50:52","modified_gmt":"2025-09-03T17:50:52","slug":"her-er-dronninga-tirsdag-smp-no","status":"publish","type":"post","link":"https:\/\/www.europesays.com\/no\/26139\/","title":{"rendered":"(+) Her er dronninga tirsdag &#8211; smp.no"},"content":{"rendered":"<ol>\n<li><a href=\"https:\/\/news.google.com\/rss\/articles\/CBMibEFVX3lxTE9uZkptakRMdnFFWEhQQy1XRzVQb1NLUEd4cUZTaUF6VEVPa1VVcFo0dnpTOEk0Z3FtSTZlNE9fSkg1aTE2TTJsSE5OS01SZUMxNV9iZGR6TUVnVENPeXVpZDAyWXA0aFM5ZzZRVQ?oc=5\" target=\"_blank\" rel=\"nofollow noopener\">(+) Her er dronninga tirsdag<\/a>&nbsp;&nbsp;smp.no<\/li>\n<li><a href=\"https:\/\/news.google.com\/rss\/articles\/CBMia0FVX3lxTFBIdGJTbXBFb2N6TWVfZ0RONnV6cXhkSkhnYUZqZjZ6U3BxdDdVYm4xY3pRNnpTOU9BekJ2Z0NYOW5VTFJkU2xlZjVyUlR5dmxuV1YtMFpKMTFfYjRYeE9abTFEWWRFMHFHQTRF?oc=5\" target=\"_blank\" rel=\"nofollow noopener\">(+) Fekk dronninga p\u00e5 bes\u00f8k \u2013 dette stilte ho sp\u00f8rsm\u00e5l om<\/a>&nbsp;&nbsp;smp.no<\/li>\n<li><a href=\"https:\/\/news.google.com\/rss\/articles\/CBMickFVX3lxTFBKVkgtSThSRUhQSkp3NTFzdGFKYVowUkFlSUIwTWcyQWxMSGExMXUtVW5KZ2IzaHRxZHRBUF9xbFlDSm1sODJ1cy1qS1M1Yjh2cXU1UVlSWXRSN1I1MjJjbVVFdGJRbC1UTVMzV04zNkhBdw?oc=5\" target=\"_blank\" rel=\"nofollow noopener\">Avsl\u00f8rt p\u00e5 hemmelig ferie<\/a>&nbsp;&nbsp;seher.no<\/li>\n<li><a href=\"https:\/\/news.google.com\/rss\/articles\/CBMiggFBVV95cUxQUHBUNUUzWkVVWmZZSGZqRUdCc21IcXR6X0ZYRmloZ1Vjd0l5VF9tbUc0UjNjUjhtZ1NKLTZMdjFMZFo4amh6VEY5X3N2U2FkcVptRm1lRTFrSmRuTlhuN2lHemFmS0hvaXdUZEd4SHBjcjhIOUVLTW14SmwwdWU1N2R3?oc=5\" target=\"_blank\" rel=\"nofollow noopener\">Konge\u00adskipet var i \u00c5lesund \u2013 dronninga om bord<\/a>&nbsp;&nbsp;rbnett.no<\/li>\n<li><a href=\"https:\/\/news.google.com\/rss\/articles\/CBMirgFBVV95cUxQNmRrVUlpcXU0N2xiSjVBZlZRT0RwdkZabDlQclRYbXdZRkY4Q2h0Y0ZZVDBaTUxUTUJHeTBOMXZXWjJuRHhuQ3NzcTVTbXAzakpwY3I4OVJFV3lNS1JMZzVEOXRHZDVoSHNkYkNjNDNvdnZ0SUVKbXVPUWlTT2s4T3BmVjQ0MlNocmc2MkNLM1cxWHk3Q0pYT1lhMXBYdWpEOHcxZHNxN3JGbmtqOWc?oc=5\" target=\"_blank\" rel=\"nofollow noopener\">R\u00f8ros, Kulturminnefondet | Invitasjon fra Dronninga f\u00f8rte Simen ut p\u00e5 bunadsjakt. \u2013 Det har ordnet seg<\/a>&nbsp;&nbsp;Arbeidets Rett<\/li>\n<\/ol>\n","protected":false},"excerpt":{"rendered":"(+) Her er dronninga tirsdag&nbsp;&nbsp;smp.no (+) Fekk dronninga p\u00e5 bes\u00f8k \u2013 dette stilte ho sp\u00f8rsm\u00e5l om&nbsp;&nbsp;smp.no Avsl\u00f8rt p\u00e5&hellip;\n","protected":false},"author":2,"featured_media":26140,"comment_status":"","ping_status":"","sticky":false,"template":"","format":"standard","meta":{"footnotes":""},"categories":[10],"tags":[1703,20,21,1560,24,25,15,1803,22,23,13,30,28,29,14,16,26,27],"class_list":{"0":"post-26139","1":"post","2":"type-post","3":"status-publish","4":"format-standard","5":"has-post-thumbnail","7":"category-norge","8":"tag-alesund","9":"tag-breaking-news","10":"tag-breakingnews","11":"tag-dronning-sonja","12":"tag-featured-news","13":"tag-featurednews","14":"tag-headlines","15":"tag-kongehuset","16":"tag-latest-news","17":"tag-latestnews","18":"tag-news","19":"tag-no","20":"tag-norge","21":"tag-norway","22":"tag-nyheter","23":"tag-overskrifter","24":"tag-top-stories","25":"tag-topstories"},"share_on_mastodon":{"url":"","error":""},"_links":{"self":[{"href":"https:\/\/www.europesays.com\/no\/wp-json\/wp\/v2\/posts\/26139","targetHints":{"allow":["GET"]}}],"collection":[{"href":"https:\/\/www.europesays.com\/no\/wp-json\/wp\/v2\/posts"}],"about":[{"href":"https:\/\/www.europesays.com\/no\/wp-json\/wp\/v2\/types\/post"}],"author":[{"embeddable":true,"href":"https:\/\/www.europesays.com\/no\/wp-json\/wp\/v2\/users\/2"}],"replies":[{"embeddable":true,"href":"https:\/\/www.europesays.com\/no\/wp-json\/wp\/v2\/comments?post=26139"}],"version-history":[{"count":0,"href":"https:\/\/www.europesays.com\/no\/wp-json\/wp\/v2\/posts\/26139\/revisions"}],"wp:featuredmedia":[{"embeddable":true,"href":"https:\/\/www.europesays.com\/no\/wp-json\/wp\/v2\/media\/26140"}],"wp:attachment":[{"href":"https:\/\/www.europesays.com\/no\/wp-json\/wp\/v2\/media?parent=26139"}],"wp:term":[{"taxonomy":"category","embeddable":true,"href":"https:\/\/www.europesays.com\/no\/wp-json\/wp\/v2\/categories?post=26139"},{"taxonomy":"post_tag","embeddable":true,"href":"https:\/\/www.europesays.com\/no\/wp-json\/wp\/v2\/tags?post=26139"}],"curies":[{"name":"wp","href":"https:\/\/api.w.org\/{rel}","templated":true}]}}