{"id":26144,"date":"2025-09-03T17:57:11","date_gmt":"2025-09-03T17:57:11","guid":{"rendered":"https:\/\/www.europesays.com\/no\/26144\/"},"modified":"2025-09-03T17:57:11","modified_gmt":"2025-09-03T17:57:11","slug":"rettssak-meloy-skutt-i-hodet-slik-ble-han-rammet-okonomisk","status":"publish","type":"post","link":"https:\/\/www.europesays.com\/no\/26144\/","title":{"rendered":"Rettssak, Mel\u00f8y | Skutt i hodet: Slik ble han rammet \u00f8konomisk"},"content":{"rendered":"\n<p>(<a href=\"https:\/\/www.nettavisen.no\/nyheter\/espen-evjenth-er-offer-etter-terrorangrepet-det-er-dyrt-a-vare-terroroffer\/s\/5-95-2597958\" rel=\"Follow nofollow noopener\" target=\"_blank\">Nettavisen<\/a>): \u2013 Det er helt vanvittige marginer i dette. Det er et mirakel at jeg overlevde i det hele tatt.<\/p>\n<p>Det sa Espen Evjenth fra vitneboksen i Oslo tingrett da han forklarte seg om \u00e5 ha blitt skutt i hodet under terrorangrepet natt til 25. juni 2022 (se faktaboks under).<\/p>\n<p>Tirsdag startet rettssaken <a rel=\"Follow nofollow noopener\" href=\"https:\/\/www.nettavisen.no\/nyheter\/i-dag-kommer-patalebeslutning-i-saken-mot-terrorsiktede-arfan-bhatti\/s\/5-95-2377099\" target=\"_blank\">mot den ekstreme islamisten Arfan Bhatti<\/a> der han st\u00e5r tiltalt for medvirkning til angrepet.<\/p>\n<p><b>48-\u00e5ringen har hele tiden nektet straffskyld.<\/b><\/p>\n<p>            Fakta om terrorsaken med Arfan Bhatti<\/p>\n<p>* Klokka 1.13 natt til l\u00f8rdag 25. juni 2022 avfyrte Zaniar Matapour (45) 18 skudd mot personer som befant seg i og utenfor baren Per p\u00e5 Hj\u00f8rnet og utestedet London Pub i Oslo sentrum. Skytingen fant sted under Oslo Pride.<\/p>\n<p>* K\u00e5re Arvid Hesvik og Jon Erik Isachsen ble drept av skuddene, mens ni andre ble p\u00e5f\u00f8rt skuddskader. Totalt 312 personer har hatt status som forn\u00e6rmet i saken.<\/p>\n<p>* Matapour sto tiltalt for grov terror. Oslo tingrett slo 4. juli i fjor fast at han var tilregnelig etter tiltalen og d\u00f8mte ham til en straff av forvaring i 30 \u00e5r, med en minstetid p\u00e5 20 \u00e5r. Han anket dommen, men trakk anken i januar 2025.<\/p>\n<p>* Ytterligere fire personer ble opprinnelig siktet i saken, blant dem islamisten Arfan Bhatti. Alle nektet straffskyld. Saken mot to av dem er henlagt og <b>Bhatti nekter fortsatt straffskyld. <\/b><\/p>\n<p>* Bhatti er n\u00e5 tiltalt for medvirkning til terrorhandlingen. P\u00e5talemyndigheten mener angrepet fant sted etter felles planlegging, med bistand og st\u00f8tte fra Bhatti. Han skal videre ha bist\u00e5tt i anskaffelsen av v\u00e5pen og fors\u00f8k p\u00e5 \u00e5 opprette kontakt med terrororganisasjonen IS for at de skulle p\u00e5ta seg ansvaret for handlingen.<\/p>\n<p>* Rettssaken mot Arfan Bhatti starter i Oslo tingrett tirsdag og er berammet fram til 7. november.<\/p>\n<p><b>KILDE:<\/b> NTB<\/p>\n<p>  Terroroffer: \u2013 Det er dyrt \u00e5 v\u00e6re offer<\/p>\n<p>Fra vitneboksen fortalte terrorofferet ogs\u00e5 om hvordan skaden har preget ham i etterkant. Over tre \u00e5r er g\u00e5tt siden angrepet.<\/p>\n<p>\u2013 Med tanke p\u00e5 arbeidslivet har hendelsen v\u00e6rt fullstendig \u00f8deleggende. Jeg har alltid jobbet og v\u00e6rt stolt av arbeidskapasiteten min. Men det har v\u00e6rt tungt psykisk og det som skjedde har p\u00e5 mange m\u00e5ter forandret meg som person, sa Evjenth.<\/p>\n<p>Under hans forklaring ble det vist bilder av kulehull p\u00e5 venstre side av hodet timer etter at han ble skutt. I dag er hullet borte, men arrene synlige.<\/p>\n<p>F\u00e5 meter unna satt den ekstreme islamisten Bhatti. Flere ganger stirret han p\u00e5 offeret i vitneboksen.<\/p>\n<p>   <img decoding=\"async\" width=\"1397\" height=\"798\" fetchpriority=\"low\"  loading=\"lazy\"  src=\"https:\/\/www.europesays.com\/no\/wp-content\/uploads\/2025\/09\/Masseskytingen+i+Oslo+natt+til+25.+juni\" alt=\"\" class=\"brick-c-cFOWSL\" style=\"--brick-image-ratio: 1397 \/ 798;\"\/><\/p>\n<p>    DRAMATISK: Bare de som var livstruende skadd fikk h\u00f8yeste prioritet etter terrorangrepet.<br \/>\n    Foto: Farid Ighoubah (Nettavisen)\n  <\/p>\n<p>Til sammen elleve personer <a rel=\"Follow nofollow noopener\" href=\"https:\/\/www.nettavisen.no\/nyheter\/to-personer-drept-i-skyting-i-oslo-sentrum-en-person-er-pagrepet\/s\/12-95-3424286674\" target=\"_blank\">ble skutt og to ble drept<\/a> av Bhatti-kompisen Zaniar Matapour under angrepet. <a rel=\"Follow nofollow noopener\" href=\"https:\/\/www.nettavisen.no\/nyheter\/pride-skytingen-zaniar-matapour-har-fatt-dommen-i-terrorsaken-etter-masseskytingen-i-oslo-i-juni-2022\/s\/5-95-1902853\" target=\"_blank\">Han ble i fjor d\u00f8mt til lovens strengeste straff<\/a>, 30 \u00e5rs forvaring.<\/p>\n<p>  <a href=\"https:\/\/www.an.no\/5-4-1980218\" class=\"related-teaser has-image default-story-teaser article--c-eRUmMG article--c-eRUmMG-jKCPdD-design-default\" rel=\"nofollow noopener\" target=\"_blank\"><\/p>\n<p>    <img decoding=\"async\" loading=\"lazy\"  src=\"https:\/\/www.europesays.com\/no\/wp-content\/uploads\/2025\/09\/NTB_mWYxW0mMi3U.jpg\" alt=\"\" class=\"brick-c-cFOWSL\" style=\"\"\/><\/p>\n<p>\n            Les ogs\u00e5<\/p>\n<p>              Her mottar Espen fra Mel\u00f8y prisen av kronprins Haakon\n        <\/p>\n<p>  <\/a><\/p>\n<p>Han forklarte seg om b\u00e5de fysiske og kognitive konsekvenser. I tillegg er han rammet \u00f8konomisk etter at han fikk redusert arbeidsevne.<\/p>\n<p>\u2013 Jeg mistet konsentrasjonsevnen min i stor grad og har veldig vanskelig for \u00e5 prosessere informasjon, ogs\u00e5 skriftlig. Det er tyngre \u00e5 delta i sosiale settinger og i tillegg har det hatt \u00f8konomiske konsekvenser. Det er dyrt \u00e5 v\u00e6re terroroffer, sa Evjenth og viste blant annet til dyrtiden Norge har v\u00e6rt gjennom.<\/p>\n<p>   <img decoding=\"async\" width=\"1920\" height=\"1080\" fetchpriority=\"low\"  loading=\"lazy\"  src=\"https:\/\/www.europesays.com\/no\/wp-content\/uploads\/2025\/09\/Andreas+Woldseth.bin\" alt=\"\" class=\"brick-c-cFOWSL\" style=\"--brick-image-ratio: 1920 \/ 1080;\"\/><\/p>\n<p>    ETTERFORSKET: Slik s\u00e5 det ut 1 timer og 23 minutter etter terrorangrepet inne p\u00e5 London Pub i Oslo, som er et kjent sted for skeive.<br \/>\n    Foto: Andreas Esteban Woldseth\n  <\/p>\n<p>Fra vitneboksen m\u00e5tte Evjenth ogs\u00e5 ta til t\u00e5rene da han fikk sp\u00f8rsm\u00e5l om forventninger til rettsprosessen. Han svarte kort at de forn\u00e6rmede hadde bistandsadvokater og fortsatte:<\/p>\n<p>\u2013 Han (Bhatti) har sitt forsvar \u2026 Men det er g\u00f8rrtungt, sa han f\u00f8r han ikke klarte \u00e5 holde tilbake t\u00e5rene.<\/p>\n<p>   <img decoding=\"async\" width=\"8081\" height=\"5387\" fetchpriority=\"low\"  loading=\"lazy\"  src=\"https:\/\/www.europesays.com\/no\/wp-content\/uploads\/2025\/09\/Masseskytingen+i+Oslo.bin\" alt=\"Oslo 20220625. &#10;Det er avfyrt flere skudd i 1.15-tiden natt til l\u00f8rdag p\u00e5 utsiden av London pub i sentrum av Oslo. Flere er skadd, opplyser politiet.&#10;Foto: Javad M. Parsa \/ NTB\" class=\"brick-c-cFOWSL\" style=\"--brick-image-ratio: 8081 \/ 5387;\"\/><\/p>\n<p>    Masseskytingen i Oslo<br \/>\nOslo 20220625.<br \/>\nDet er avfyrt flere skudd i 1.15-tiden natt til l\u00f8rdag p\u00e5 utsiden av London pub i sentrum av Oslo. Flere er skadd, opplyser politiet.<br \/>\nFoto: Javad M. Parsa \/ NTB<br \/>\n    Foto: Javad M. Parsa\n  <\/p>\n<p>  <a href=\"https:\/\/www.an.no\/5-4-1968215\" class=\"related-teaser has-image default-story-teaser article--c-eRUmMG article--c-eRUmMG-jKCPdD-design-default\" rel=\"nofollow noopener\" target=\"_blank\"><\/p>\n<p>    <img decoding=\"async\" loading=\"lazy\"  src=\"https:\/\/www.europesays.com\/no\/wp-content\/uploads\/2025\/09\/Espen%2BPatrick+topp.jpg\" alt=\"\" class=\"brick-c-cFOWSL\" style=\"\"\/><\/p>\n<p>\n            Les ogs\u00e5<\/p>\n<p>              Espen ble skutt i hodet under terroren &#8211; n\u00e5 gir han gave til Patrick Berg\n        <\/p>\n<p>  <\/a><br \/>\n  Bhatti hevder han ble torturert fengsel<\/p>\n<p>P\u00e5talemyndigheten mener angrepet var planlagt og rettet mot det skeive milj\u00f8et i hovedstaden under Pride-markeringen, og at Bhatti er arkitekten bak. De mener ogs\u00e5 at Bhatti hadde andre terrorplaner og <a rel=\"Follow nofollow noopener\" href=\"https:\/\/www.nettavisen.no\/nyheter\/her-er-bhatti-i-retten\/v\/5-95-2595902\" target=\"_blank\">ville rekruttere en fembarnsmor til \u00e5 sprenge seg selv<\/a>.<\/p>\n<p>   <img decoding=\"async\" width=\"4032\" height=\"2268\" fetchpriority=\"low\"  loading=\"lazy\"  src=\"https:\/\/www.europesays.com\/no\/wp-content\/uploads\/2025\/09\/Arfan+Bhatti%2C+7.bin\" alt=\"Arfan Bhatti avbildet i Oslo tingrett tirsdag 02. september, sammen med sin forsvarer John Christian Elden\" class=\"brick-c-cFOWSL\" style=\"--brick-image-ratio: 4032 \/ 2268;\"\/><\/p>\n<p>    BL\u00c5NEKTER: Arfan Bhatti mener han &#8216;overhodet ikke er skyldig&#8217; i terroranklagene. Her med sin faste forsvarer siden 1992, stjerneadvokaten John Christian Elden.<br \/>\n    Foto: Farid Ighoubah (Nettavisen)\n  <\/p>\n<p>Bhatti har nektet \u00e5 forklare seg om saken i politiavh\u00f8r og ville heller ikke si noe da han vitnet i rettssaken mot Matapour i fjor. I avh\u00f8r har han kritisert Politiets sikkerhetstjeneste (PST) og politiet, <a rel=\"Follow nofollow noopener\" href=\"https:\/\/www.nettavisen.no\/nyheter\/arfan-bhatti-ut-mot-norske-myndigheter-i-politiavhor-men-fikk-pizza-av-norsk-politi-i-avhor\/s\/5-95-2594551\" target=\"_blank\">i tillegg til norske myndigheter generelt<\/a>.<\/p>\n<p>I avh\u00f8r har han ogs\u00e5 kommet med oppsiktsvekkende p\u00e5stander som <a rel=\"Follow nofollow noopener\" href=\"https:\/\/www.nettavisen.no\/nyheter\/arfan-bhatti-hevder-han-ble-utsatt-for-tortur-i-pakistansk-fengsel-i-politiavhor\/s\/5-95-2595566\" target=\"_blank\">at han skal ha blitt torturert i fengsel i Pakistan<\/a>.<\/p>\n<p>  <a href=\"https:\/\/www.an.no\/5-4-1773341\" class=\"related-teaser has-image default-story-teaser article--c-eRUmMG article--c-eRUmMG-jKCPdD-design-default\" rel=\"nofollow noopener\" target=\"_blank\"><\/p>\n<p>    <img decoding=\"async\" loading=\"lazy\"  src=\"https:\/\/www.europesays.com\/no\/wp-content\/uploads\/2025\/09\/bea76f079477d30d5340152d8e58cd54.jpg\" alt=\"\" class=\"brick-c-cFOWSL\" style=\"\"\/><\/p>\n<p>\n            Les ogs\u00e5<\/p>\n<p>              -\u2060 Espen, du er skutt, sier kj\u00e6resten min. Det er f\u00f8rst da jeg skj\u00f8nner det\n        <\/p>\n<p>  <\/a><\/p>\n<p>Rettssaken mot Bhatti er berammet i flere uker, fram til 7. november, og bevisf\u00f8rselen er omfattende. <a rel=\"Follow nofollow noopener\" href=\"https:\/\/www.nettavisen.no\/nyheter\/justisminister-astri-aas-hansen-ap-ma-vitne-i-terrorsaken-mot-arfan-bhatti\/s\/5-95-2517401\" target=\"_blank\">Justisminister Astri Aas Hansen (Ap) er kalt inn som vitne<\/a> i saken, i tillegg skal <a rel=\"Follow nofollow noopener\" href=\"https:\/\/www.nettavisen.no\/nyheter\/den-straffedomte-mangemillionaren-imran-saber-er-kalt-inn-som-vitne-i-terrorsaken-mot-arfan-bhatti\/s\/5-95-2517816\" target=\"_blank\">en straffed\u00f8mt mangemillion\u00e6r i vitneboksen<\/a>.<\/p>\n<p>Men det mest sentrale beviset er chattemeldinger p\u00e5talemyndigheten mener Bhatti har hatt med en hemmelig agent fra Etterretningstjenesten. <a rel=\"Follow nofollow noopener\" href=\"https:\/\/www.nettavisen.no\/nyheter\/norsk-kvinne-lurt-trill-rundt-i-terrorsak-her-er-meldingene\/s\/5-95-1441015\" target=\"_blank\">Nettavisen har tidligere avsl\u00f8rt noen av de mest sentrale av meldingene<\/a>.<\/p>\n","protected":false},"excerpt":{"rendered":"(Nettavisen): \u2013 Det er helt vanvittige marginer i dette. Det er et mirakel at jeg overlevde i det&hellip;\n","protected":false},"author":2,"featured_media":26145,"comment_status":"","ping_status":"","sticky":false,"template":"","format":"standard","meta":{"footnotes":""},"categories":[10],"tags":[4189,36,20,21,24,25,15,22,23,4188,13,30,28,29,14,16,4187,1510,26,27],"class_list":{"0":"post-26144","1":"post","2":"type-post","3":"status-publish","4":"format-standard","5":"has-post-thumbnail","7":"category-norge","8":"tag-25-juni-terroren","9":"tag-art","10":"tag-breaking-news","11":"tag-breakingnews","12":"tag-featured-news","13":"tag-featurednews","14":"tag-headlines","15":"tag-latest-news","16":"tag-latestnews","17":"tag-meloy","18":"tag-news","19":"tag-no","20":"tag-norge","21":"tag-norway","22":"tag-nyheter","23":"tag-overskrifter","24":"tag-rettssak","25":"tag-story","26":"tag-top-stories","27":"tag-topstories"},"share_on_mastodon":{"url":"","error":""},"_links":{"self":[{"href":"https:\/\/www.europesays.com\/no\/wp-json\/wp\/v2\/posts\/26144","targetHints":{"allow":["GET"]}}],"collection":[{"href":"https:\/\/www.europesays.com\/no\/wp-json\/wp\/v2\/posts"}],"about":[{"href":"https:\/\/www.europesays.com\/no\/wp-json\/wp\/v2\/types\/post"}],"author":[{"embeddable":true,"href":"https:\/\/www.europesays.com\/no\/wp-json\/wp\/v2\/users\/2"}],"replies":[{"embeddable":true,"href":"https:\/\/www.europesays.com\/no\/wp-json\/wp\/v2\/comments?post=26144"}],"version-history":[{"count":0,"href":"https:\/\/www.europesays.com\/no\/wp-json\/wp\/v2\/posts\/26144\/revisions"}],"wp:featuredmedia":[{"embeddable":true,"href":"https:\/\/www.europesays.com\/no\/wp-json\/wp\/v2\/media\/26145"}],"wp:attachment":[{"href":"https:\/\/www.europesays.com\/no\/wp-json\/wp\/v2\/media?parent=26144"}],"wp:term":[{"taxonomy":"category","embeddable":true,"href":"https:\/\/www.europesays.com\/no\/wp-json\/wp\/v2\/categories?post=26144"},{"taxonomy":"post_tag","embeddable":true,"href":"https:\/\/www.europesays.com\/no\/wp-json\/wp\/v2\/tags?post=26144"}],"curies":[{"name":"wp","href":"https:\/\/api.w.org\/{rel}","templated":true}]}}