{"id":261478,"date":"2026-06-09T20:12:17","date_gmt":"2026-06-09T20:12:17","guid":{"rendered":"https:\/\/www.europesays.com\/no\/261478\/"},"modified":"2026-06-09T20:12:17","modified_gmt":"2026-06-09T20:12:17","slug":"sport-elverum-tre-lokale-utovere-tatt-ut-til-rekruttlandslaget","status":"publish","type":"post","link":"https:\/\/www.europesays.com\/no\/261478\/","title":{"rendered":"Sport, Elverum | Tre lokale ut\u00f8vere tatt ut til rekruttlandslaget"},"content":{"rendered":"\n<p>Kombinertl\u00f8perne Even Leinan Lund (Tolga IL), J\u00f8rgen Berget Storsveen (Elverum Hopp) og Hanna Midtsundstad (Vaaler IF) er tatt ut til rekruttlandslaget i sesongen 2026\/27.\u00a0<\/p>\n<p>Uttaket betyr at de tre kan v\u00e6re med om \u00e5 kjempe internasjonalt den kommende vinteren.\u00a0<\/p>\n<p>Truls S\u00f8nsthagen Johansen fra Elverum er fersk landslagssjef og ser et uttak med t\u00f8ff konkurranse foran en sv\u00e6rt spennende sesong.<\/p>\n<p>\u2013 Mange vil f\u00e5 muligheter til \u00e5 g\u00e5 verdenscupen kommende sesong, og det kjempes ogs\u00e5 om plasser i VM-troppen til Falun i februar\/mars, sier Johansen.<\/p>\n<p>   <img decoding=\"async\" width=\"512\" height=\"342\" fetchpriority=\"low\"  loading=\"lazy\"  src=\"https:\/\/www.europesays.com\/no\/wp-content\/uploads\/2026\/06\/Truls%20ny.jpg\" alt=\"\" class=\"brick-c-cFOWSL\" style=\"--brick-image-ratio: 512 \/ 342;\"\/><\/p>\n<p>      SJEF: Truls Johansen er ny landslagssjef i kombinert.<\/p>\n<p>Rekruttlandslaget best\u00e5r totalt av 8 ut\u00f8vere, og uttaket er gjort blant l\u00f8pere som har hevdet seg i verdenscupen eller Continental cupen.<\/p>\n<p>Continental cupen er det nest \u00f8verste niv\u00e5et under verdenscupen.<\/p>\n<p>For Lund, Storsveen og Midtsundstad er uttaket en bekreftelse p\u00e5 den utviklingen de har vist de siste sesongene.<\/p>\n<p>Dette gir dem nye muligheter til \u00e5 ta nye steg mot kombinertlandslaget og etablere seg i det h\u00f8yeste niv\u00e5et internasjonalt.<\/p>\n<p>Storsveen, Lund og Midtsundstad har alle levert sterke prestasjoner i 2026.\u00a0<\/p>\n<p>21 \u00e5r gamle J\u00f8rgen Berget Storsveen fra Elverum har ni topp 10-plasseringer og en seier i Continenal Cup, samt to World Cup starter med 29.-plass som best.\u00a0<\/p>\n<p>Hanna Midtsundstad har flere gode resultater i World Cup med en 11.-plass som best, mens Even Leinan Lund har ni topp 10-plasseringer og en tredjeplass som sitt beste resultat.<\/p>\n<p><a class=\"brick-c-hOTghF\" href=\"#skip-\">Hopp over karusellen.<\/a><\/p>\n<p data-static=\"\" class=\"brick-c-fgNmNC\" id=\"carousel-title-\">Innholdskarusell med 20 artikler.<\/p>\n<ul data-static=\"\" aria-label=\"Navigasjon for innholdskarusell\" class=\"carousel-nav\">\n<li>\n<\/li>\n<li>\n<\/li>\n<\/ul>\n","protected":false},"excerpt":{"rendered":"Kombinertl\u00f8perne Even Leinan Lund (Tolga IL), J\u00f8rgen Berget Storsveen (Elverum Hopp) og Hanna Midtsundstad (Vaaler IF) er tatt&hellip;\n","protected":false},"author":2,"featured_media":261479,"comment_status":"","ping_status":"","sticky":false,"template":"","format":"standard","meta":{"footnotes":"","_share_on_mastodon":"0"},"categories":[59],"tags":[36,1070,30,1745,28,29,14,478,83,82,1510,4176,1986],"class_list":["post-261478","post","type-post","status-publish","format-standard","has-post-thumbnail","category-sport","tag-art","tag-elverum","tag-no","tag-nord-osterdal","tag-norge","tag-norway","tag-nyheter","tag-solor","tag-sport","tag-sports","tag-story","tag-tolga","tag-valer"],"share_on_mastodon":{"url":"https:\/\/pubeurope.com\/@no\/116721978978692156","error":""},"_links":{"self":[{"href":"https:\/\/www.europesays.com\/no\/wp-json\/wp\/v2\/posts\/261478","targetHints":{"allow":["GET"]}}],"collection":[{"href":"https:\/\/www.europesays.com\/no\/wp-json\/wp\/v2\/posts"}],"about":[{"href":"https:\/\/www.europesays.com\/no\/wp-json\/wp\/v2\/types\/post"}],"author":[{"embeddable":true,"href":"https:\/\/www.europesays.com\/no\/wp-json\/wp\/v2\/users\/2"}],"replies":[{"embeddable":true,"href":"https:\/\/www.europesays.com\/no\/wp-json\/wp\/v2\/comments?post=261478"}],"version-history":[{"count":0,"href":"https:\/\/www.europesays.com\/no\/wp-json\/wp\/v2\/posts\/261478\/revisions"}],"wp:featuredmedia":[{"embeddable":true,"href":"https:\/\/www.europesays.com\/no\/wp-json\/wp\/v2\/media\/261479"}],"wp:attachment":[{"href":"https:\/\/www.europesays.com\/no\/wp-json\/wp\/v2\/media?parent=261478"}],"wp:term":[{"taxonomy":"category","embeddable":true,"href":"https:\/\/www.europesays.com\/no\/wp-json\/wp\/v2\/categories?post=261478"},{"taxonomy":"post_tag","embeddable":true,"href":"https:\/\/www.europesays.com\/no\/wp-json\/wp\/v2\/tags?post=261478"}],"curies":[{"name":"wp","href":"https:\/\/api.w.org\/{rel}","templated":true}]}}