{"id":26156,"date":"2025-09-03T18:14:11","date_gmt":"2025-09-03T18:14:11","guid":{"rendered":"https:\/\/www.europesays.com\/no\/26156\/"},"modified":"2025-09-03T18:14:11","modified_gmt":"2025-09-03T18:14:11","slug":"kjendisene-strommer-til-premiere-pa-dirty-dancing-pa-chateau-neuf","status":"publish","type":"post","link":"https:\/\/www.europesays.com\/no\/26156\/","title":{"rendered":"Kjendisene str\u00f8mmer til premiere p\u00e5 Dirty Dancing p\u00e5 Chateau Neuf"},"content":{"rendered":"<p class=\"kicker \" style=\"\">\u00abDirty Dancing\u00bb:<\/p>\n<p>  Flere kjente fjes tok turen til premieren onsdag kveld.\u00a0<\/p>\n<p>\n    P\u00c5 PLASS: Marion Ravn p\u00e5 premieren til \u00abDirty Dancing\u00bb. Foto: Andreas Fadum\/Se og H\u00f8r\n  <\/p>\n<p>Onsdag er det duket for en storsl\u00e5tt premiere av musikalshowet \u00abDirty Dancing\u00bb p\u00e5 Chateu Neuf. Den r\u00f8de l\u00f8peren er rullet ut og kjendisene har funnet frem finstasen for anledningen.\u00a0<\/p>\n<p>    <a itemprop=\"url\" href=\"https:\/\/www.seher.no\/kjendis\/nrk-avslorte-vinneren\/83535000\" rel=\"nofollow noopener\" target=\"_blank\"><\/p>\n<p>      <img loading=\"lazy\" decoding=\"async\" src=\"https:\/\/www.europesays.com\/no\/wp-content\/uploads\/2025\/09\/83508735.webp\" width=\"147\" height=\"98\" title=\"NRK avsl\u00f8rte vinneren!\" alt=\"\" class=\"lazyload\" style=\"--aspect-ratio-image: 1.50; \"\/><\/p>\n<p>        NRK avsl\u00f8rte vinneren!<\/p>\n<p>    <\/a><\/p>\n<p>I hovedrollene som Baby og Johnny har vi Ingrid Kayser (27) og Martin Lilleberg (29). I tilegg vil \u00abHimmelbl\u00e5\u00bb-duoen Line Verndal (53) og Terje Skonseng Naudeer (52) dukke opp p\u00e5 scenen, sammen med blant andre Sjur Vatne Brean (25), Sondrey (31) og Lasse Lindtner (70).<\/p>\n<p>Blant stjernene som har tatt turen, finner vi artist Marion Ravn (41). Til Se og H\u00f8r forteller hun at gleder seg til kvelden.\u00a0<\/p>\n<p>&#8211; Jeg skal kose meg, det blir sikkert mye fin dans og sang, sier Ravn.\u00a0<\/p>\n<p>          <img loading=\"lazy\" decoding=\"async\" src=\"https:\/\/www.europesays.com\/no\/wp-content\/uploads\/2025\/09\/83544002.webp\" width=\"686\" height=\"789\" title=\"Marion Ravn. Foto: Andreas Fadum\/Se og H\u00f8r\" alt=\"\" class=\"\" style=\"--aspect-ratio-image: 0.87; \"\/><\/p>\n<p>\n          Marion Ravn. Foto: Andreas Fadum\/Se og H\u00f8r\n      <\/p>\n<p>I sommer ble det kjent at artisten er ny mentor i \u00abThe Voice\u00bb.\u00a0<\/p>\n<p>&#8211; Jeg gleder meg veldig. Jeg er veldig spent p\u00e5 \u00e5 komme i gang, sier hun om den nye jobben.\u00a0<\/p>\n<p>\u00abSkal vi danse\u00bb-dommer Merete M\u00f8rk Lingj\u00e6rde (63) og ektemannen Anders M\u00f8rk er ogs\u00e5 p\u00e5 plass.\u00a0<\/p>\n<p>          <img loading=\"lazy\" decoding=\"async\" src=\"https:\/\/www.europesays.com\/no\/wp-content\/uploads\/2025\/09\/83544045.webp\" width=\"686\" height=\"851\" title=\"Merete M\u00f8rk Lingj\u00e6rde og ektemannen Anders M\u00f8rk. Foto: Andreas Fadum\/Se og H\u00f8r\" alt=\"\" class=\"\" style=\"--aspect-ratio-image: 0.81; \"\/><\/p>\n<p>\n          Merete M\u00f8rk Lingj\u00e6rde og ektemannen Anders M\u00f8rk. Foto: Andreas Fadum\/Se og H\u00f8r\n      <\/p>\n<p>&#8211; Det g\u00e5r veldig, veldig bra med oss. Vi har det alltid bra vi. Like forelska, sier Lingj\u00e6rde, som er veldig klar for kveldens forestilling:<\/p>\n<p>&#8211; Vi gleder oss! Vi har kjempeh\u00f8ye forventinger, sier\u00a0Lingj\u00e6rde.\u00a0<\/p>\n<p>\u00a0Erlend Elias (43) og Guri Schanke (63) har ogs\u00e5 tatt turen til\u00a0 Chateu Neuf i kveld. De forteller at de allerede har h\u00f8rt rykter om at kveldens skuespillere er \u00abkjempeflinke\u00bb.<\/p>\n<p>          <img loading=\"lazy\" decoding=\"async\" src=\"https:\/\/www.europesays.com\/no\/wp-content\/uploads\/2025\/09\/83544178.webp\" width=\"686\" height=\"837\" title=\"Guri Schanke og Erlend Elias. Foto: Andreas Fadum\/Se og H\u00f8r\" alt=\"\" class=\"\" style=\"--aspect-ratio-image: 0.82; \"\/><\/p>\n<p>\n          Guri Schanke og Erlend Elias. Foto: Andreas Fadum\/Se og H\u00f8r\n      <\/p>\n<p>&#8211; Jeg m\u00e5 se om jeg blir like forelska som jeg ble i Patrick Swayze. Da m\u00e5 nok backstage etterp\u00e5, sier Erlend Elias lattermildt.\u00a0<\/p>\n<p> Se bildene fra den r\u00f8de l\u00f8peren: <\/p>\n<p>          <img loading=\"lazy\" decoding=\"async\" src=\"https:\/\/www.europesays.com\/no\/wp-content\/uploads\/2025\/09\/83544265.webp\" width=\"686\" height=\"728\" title=\"Anita Skorgan med s\u00f8steren Marianne Skorgan. Niesen deres spiller i \u00abDirty Dancing\u00bb. Foto: Andreas Fadum\/Se og H\u00f8r\" alt=\"\" class=\"\" style=\"--aspect-ratio-image: 0.94; \"\/><\/p>\n<p>\n          Anita Skorgan med s\u00f8steren Marianne Skorgan. Niesen deres spiller i \u00abDirty Dancing\u00bb. Foto: Andreas Fadum\/Se og H\u00f8r\n      <\/p>\n<p>          <img loading=\"lazy\" decoding=\"async\" src=\"https:\/\/www.europesays.com\/no\/wp-content\/uploads\/2025\/09\/83544207.webp\" width=\"686\" height=\"858\" title=\"Anne Marie Ottersen og Hege Sch\u00f8yen. Foto: Andreas Fadum\/Se og H\u00f8r\" alt=\"\" class=\"\" style=\"--aspect-ratio-image: 0.80; \"\/><\/p>\n<p>\n          Anne Marie Ottersen og Hege Sch\u00f8yen. Foto: Andreas Fadum\/Se og H\u00f8r\n      <\/p>\n<p>          <img loading=\"lazy\" decoding=\"async\" src=\"https:\/\/www.europesays.com\/no\/wp-content\/uploads\/2025\/09\/83544199.webp\" width=\"686\" height=\"927\" title=\"Atle Pettersen. Foto: Andreas Fadum\/Se og H\u00f8r\" alt=\"\" class=\"\" style=\"--aspect-ratio-image: 0.74; \"\/><\/p>\n<p>\n          Atle Pettersen. Foto: Andreas Fadum\/Se og H\u00f8r\n      <\/p>\n<p>          <img loading=\"lazy\" decoding=\"async\" src=\"https:\/\/www.europesays.com\/no\/wp-content\/uploads\/2025\/09\/83544187.webp\" width=\"686\" height=\"824\" title=\"Ingar Helge Gimle og Hilde Fossg\u00e5rd. Foto: Andreas Fadum\/Se og H\u00f8r\" alt=\"\" class=\"\" style=\"--aspect-ratio-image: 0.83; \"\/><\/p>\n<p>\n          Ingar Helge Gimle og Hilde Fossg\u00e5rd. Foto: Andreas Fadum\/Se og H\u00f8r\n      <\/p>\n<p>          <img loading=\"lazy\" decoding=\"async\" src=\"https:\/\/www.europesays.com\/no\/wp-content\/uploads\/2025\/09\/83544172.webp\" width=\"686\" height=\"865\" title=\"Marie Blokhus. Foto: Andreas Fadum\/Se og H\u00f8r\" alt=\"\" class=\"\" style=\"--aspect-ratio-image: 0.79; \"\/><\/p>\n<p>\n          Marie Blokhus. Foto: Andreas Fadum\/Se og H\u00f8r\n      <\/p>\n<p>          <img loading=\"lazy\" decoding=\"async\" src=\"https:\/\/www.europesays.com\/no\/wp-content\/uploads\/2025\/09\/83544054.webp\" width=\"686\" height=\"872\" title=\"Nyforlovde Bjarte Hjelmeland og Lars-Erik Syversen. Foto: Andreas Fadum\/Se og H\u00f8r\" alt=\"\" class=\"\" style=\"--aspect-ratio-image: 0.79; \"\/><\/p>\n<p>\n          Nyforlovde Bjarte Hjelmeland og Lars-Erik Syversen. Foto: Andreas Fadum\/Se og H\u00f8r\n      <\/p>\n<p>          <img loading=\"lazy\" decoding=\"async\" src=\"https:\/\/www.europesays.com\/no\/wp-content\/uploads\/2025\/09\/83544151.webp\" width=\"686\" height=\"872\" title=\"Heidi R\u00f8neid og samboeren Odd Harald Eidsmo Barder. Foto: Andreas Fadum\/Se og H\u00f8r\" alt=\"\" class=\"\" style=\"--aspect-ratio-image: 0.79; \"\/><\/p>\n<p>\n          Heidi R\u00f8neid og samboeren Odd Harald Eidsmo Barder. Foto: Andreas Fadum\/Se og H\u00f8r\n      <\/p>\n<p>          <img loading=\"lazy\" decoding=\"async\" src=\"https:\/\/www.europesays.com\/no\/wp-content\/uploads\/2025\/09\/83544149.webp\" width=\"686\" height=\"783\" title=\"Lilli Bendriss. Foto: Andreas Fadum\/Se og H\u00f8r\" alt=\"\" class=\"\" style=\"--aspect-ratio-image: 0.88; \"\/><\/p>\n<p>\n          Lilli Bendriss. Foto: Andreas Fadum\/Se og H\u00f8r\n      <\/p>\n<p>          <img loading=\"lazy\" decoding=\"async\" src=\"https:\/\/www.europesays.com\/no\/wp-content\/uploads\/2025\/09\/83544128.webp\" width=\"686\" height=\"803\" title=\"Jennie Sofie Lie Pickl og Tarjei Svalastog. Foto: Andreas Fadum\/Se og H\u00f8r\" alt=\"\" class=\"\" style=\"--aspect-ratio-image: 0.85; \"\/><\/p>\n<p>\n          Jennie Sofie Lie Pickl og Tarjei Svalastog. Foto: Andreas Fadum\/Se og H\u00f8r\n      <\/p>\n<p>          <img loading=\"lazy\" decoding=\"async\" src=\"https:\/\/www.europesays.com\/no\/wp-content\/uploads\/2025\/09\/83544101.webp\" width=\"686\" height=\"844\" title=\"Katrine Moholt og ektemannen Snorre Harstad. Foto: Andreas Fadum\/Se og H\u00f8r\" alt=\"\" class=\"\" style=\"--aspect-ratio-image: 0.81; \"\/><\/p>\n<p>\n          Katrine Moholt og ektemannen Snorre Harstad. Foto: Andreas Fadum\/Se og H\u00f8r\n      <\/p>\n<p>          <img loading=\"lazy\" decoding=\"async\" src=\"https:\/\/www.europesays.com\/no\/wp-content\/uploads\/2025\/09\/83544095.webp\" width=\"686\" height=\"810\" title=\"Anita Skorgan. Foto: Andreas Fadum\/Se og H\u00f8r\" alt=\"\" class=\"\" style=\"--aspect-ratio-image: 0.85; \"\/><\/p>\n<p>\n          Anita Skorgan. Foto: Andreas Fadum\/Se og H\u00f8r\n      <\/p>\n<p>          <img loading=\"lazy\" decoding=\"async\" src=\"https:\/\/www.europesays.com\/no\/wp-content\/uploads\/2025\/09\/83544035.webp\" width=\"686\" height=\"789\" title=\"Inger Lise Rypdal. Foto: Andreas Fadum\/Se og H\u00f8r\" alt=\"\" class=\"\" style=\"--aspect-ratio-image: 0.87; \"\/><\/p>\n<p>\n          Inger Lise Rypdal. Foto: Andreas Fadum\/Se og H\u00f8r\n      <\/p>\n<p>          <img loading=\"lazy\" decoding=\"async\" src=\"https:\/\/www.europesays.com\/no\/wp-content\/uploads\/2025\/09\/83544006.webp\" width=\"686\" height=\"789\" title=\"Anders Hatlo og kona May-Lis. Foto: Andreas Fadum\/Se og H\u00f8r\" alt=\"\" class=\"\" style=\"--aspect-ratio-image: 0.87; \"\/><\/p>\n<p>\n          Anders Hatlo og kona May-Lis. Foto: Andreas Fadum\/Se og H\u00f8r\n      <\/p>\n<p>          <img loading=\"lazy\" decoding=\"async\" src=\"https:\/\/www.europesays.com\/no\/wp-content\/uploads\/2025\/09\/83543996.webp\" width=\"686\" height=\"783\" title=\"Tom Sterri Brit og Elisabeth Haagensli. Foto: Andreas Fadum\/Se og H\u00f8r\" alt=\"\" class=\"\" style=\"--aspect-ratio-image: 0.88; \"\/><\/p>\n<p>\n          Tom Sterri Brit og Elisabeth Haagensli. Foto: Andreas Fadum\/Se og H\u00f8r\n      <\/p>\n","protected":false},"excerpt":{"rendered":"\u00abDirty Dancing\u00bb: Flere kjente fjes tok turen til premieren onsdag kveld.\u00a0 P\u00c5 PLASS: Marion Ravn p\u00e5 premieren til&hellip;\n","protected":false},"author":2,"featured_media":26157,"comment_status":"","ping_status":"","sticky":false,"template":"","format":"standard","meta":{"footnotes":""},"categories":[58],"tags":[4191,71,479,2543,30,28,29,72],"class_list":{"0":"post-26156","1":"post","2":"type-post","3":"status-publish","4":"format-standard","5":"has-post-thumbnail","7":"category-underholdning","8":"tag-dirty-dancing","9":"tag-entertainment","10":"tag-kjendis","11":"tag-kjendisdesken","12":"tag-no","13":"tag-norge","14":"tag-norway","15":"tag-underholdning"},"share_on_mastodon":{"url":"","error":""},"_links":{"self":[{"href":"https:\/\/www.europesays.com\/no\/wp-json\/wp\/v2\/posts\/26156","targetHints":{"allow":["GET"]}}],"collection":[{"href":"https:\/\/www.europesays.com\/no\/wp-json\/wp\/v2\/posts"}],"about":[{"href":"https:\/\/www.europesays.com\/no\/wp-json\/wp\/v2\/types\/post"}],"author":[{"embeddable":true,"href":"https:\/\/www.europesays.com\/no\/wp-json\/wp\/v2\/users\/2"}],"replies":[{"embeddable":true,"href":"https:\/\/www.europesays.com\/no\/wp-json\/wp\/v2\/comments?post=26156"}],"version-history":[{"count":0,"href":"https:\/\/www.europesays.com\/no\/wp-json\/wp\/v2\/posts\/26156\/revisions"}],"wp:featuredmedia":[{"embeddable":true,"href":"https:\/\/www.europesays.com\/no\/wp-json\/wp\/v2\/media\/26157"}],"wp:attachment":[{"href":"https:\/\/www.europesays.com\/no\/wp-json\/wp\/v2\/media?parent=26156"}],"wp:term":[{"taxonomy":"category","embeddable":true,"href":"https:\/\/www.europesays.com\/no\/wp-json\/wp\/v2\/categories?post=26156"},{"taxonomy":"post_tag","embeddable":true,"href":"https:\/\/www.europesays.com\/no\/wp-json\/wp\/v2\/tags?post=26156"}],"curies":[{"name":"wp","href":"https:\/\/api.w.org\/{rel}","templated":true}]}}