{"id":261561,"date":"2026-06-09T22:11:16","date_gmt":"2026-06-09T22:11:16","guid":{"rendered":"https:\/\/www.europesays.com\/no\/261561\/"},"modified":"2026-06-09T22:11:16","modified_gmt":"2026-06-09T22:11:16","slug":"benfica-skriver-pa-x-at-mourinho-forlater-dem-til-fordel-for-real-madrid","status":"publish","type":"post","link":"https:\/\/www.europesays.com\/no\/261561\/","title":{"rendered":"Benfica skriver p\u00e5 X at Mourinho forlater dem til fordel for Real Madrid"},"content":{"rendered":"\n<p class=\"_lead_145nj_2 _lead_6fko5_53 layout-component text-serif-m layout-normal text-serif-l layout-component layout-wide layout-padded _wide_17hqh_1 layout-padded\">Den portugisiske klubben melder at Mourinho er enig med Real Madrid om et comeback.<\/p>\n<p><img alt=\"Jos\u00e9 Mourinho er p\u00e5 vei til Real Madrid - igjen. Foto: Mike Egerton \/ Pa Photos \/ NTB\" class=\"_image_jw3bv_65 layout-component layout-wide\" data-fullscreen- data-track-element-type=\"Article image fullscreen\" data-track-name=\"ImageFullscreen\" fetchpriority=\"high\" decoding=\"sync\" loading=\"eager\" height=\"3592\" itemprop=\"image\"  src=\"https:\/\/www.europesays.com\/no\/wp-content\/uploads\/2026\/06\/2800aa05-9a9c-3d2f-af28-79465082c47a.jpeg\"  style=\"object-position:0% 0%\" width=\"5236\"\/>Jos\u00e9 Mourinho er p\u00e5 vei til Real Madrid &#8211; igjen. Foto: Mike Egerton \/ Pa Photos \/ NTB<\/p>\n<ul aria-hidden=\"true\" class=\"_images_ntbth_112\">\n<li><a class=\"_link_ntbth_117\" href=\"https:\/\/www.vg.no\/forfatter\/eirik-soerenmo-paasche\" style=\"z-index:2\" title=\"Eirik S\u00f8renmo P\u00e5sche\" rel=\"nofollow noopener\" target=\"_blank\"><img alt=\"Bilde av Eirik S\u00f8renmo P\u00e5sche\" class=\"_image_ntbth_93\" fetchpriority=\"low\" loading=\"lazy\" decoding=\"async\" itemprop=\"image\"  src=\"https:\/\/www.europesays.com\/no\/wp-content\/uploads\/2026\/06\/1781043073_595_cfda420f-d23e-4c6c-b420-faa95e9679ed.jpeg\"  width=\"480\"\/><\/a><\/li>\n<li><a class=\"_link_ntbth_117\" href=\"https:\/\/www.vg.no\/forfatter\/andreas-almli\" style=\"z-index:1\" title=\"Andreas Almli\" rel=\"nofollow noopener\" target=\"_blank\"><img alt=\"Bilde av Andreas Almli\" class=\"_image_ntbth_93\" fetchpriority=\"low\" loading=\"lazy\" decoding=\"async\" itemprop=\"image\"  src=\"https:\/\/www.europesays.com\/no\/wp-content\/uploads\/2026\/06\/1781043074_948_375927d7-c3ac-45fd-a424-5db85cd85b8f.jpeg\"  width=\"480\"\/><\/a><\/li>\n<\/ul>\n<p> Oppdatert onsdag 10. juni kl. 00:02    <\/p>\n<ul class=\"_list_145nj_3 _list_64s2r_85 _unordered_145nj_106 text-sans-m\">\n<li class=\"_item_145nj_30\">Jos\u00e9 Mourinho forlater Benfica til fordel for Real Madrid med en overgangssum p\u00e5 15 millioner euro.<\/li>\n<li class=\"_item_145nj_30\">Benfica bekrefter at Mourinho forlater jobben som hovedtrener.<\/li>\n<li class=\"_item_145nj_30\">Mourinho returnerer til Real Madrid etter \u00e5 ha ledet klubben fra 2010 til 2013. <\/li>\n<li class=\"_item_145nj_30\">Marco Silva blir ny Benfica-trener.<\/li>\n<\/ul>\n<p>Vis mer <\/p>\n<p class=\"_paragraph_145nj_4 _paragraph_6fko5_10 layout-component text-serif-m layout-normal text-serif-m layout-padded\">Klubben skriver p\u00e5 <a href=\"https:\/\/x.com\/SLBenfica\/status\/2064453685283844393?s=20\" class=\"_link_145nj_39\" rel=\"nofollow\">X<\/a> at Mourinho har takket ja til jobben som Real Madrid-sjef.<\/p>\n<p class=\"_paragraph_145nj_4 _paragraph_6fko5_10 layout-component text-serif-m layout-normal text-serif-m layout-padded\">\u2013 Benfica SAD har informert CMVM (det portugisiske finanstilsynet) om at Real Madrid formelt har uttrykt \u00f8nske om \u00e5 ansette <a href=\"https:\/\/www.vg.no\/tag\/jose-mourinho?utm_source=vg-article&amp;utm_medium=auto-tagger&amp;utm_campaign=q6km6w\" class=\"_link_145nj_39\" rel=\"nofollow noopener\" target=\"_blank\">Jos\u00e9 Mourinho<\/a> for en overgangssum p\u00e5 15 millioner euro, og at treneren har gitt sitt samtykke, skriver Benfica.<\/p>\n<p class=\"_paragraph_145nj_4 _paragraph_6fko5_10 layout-component text-serif-m layout-normal text-serif-m layout-padded\">15 millioner euro tilsvarer rundt 164 millioner kroner.<\/p>\n<p class=\"_paragraph_145nj_4 _paragraph_6fko5_10 layout-component text-serif-m layout-normal text-serif-m layout-padded\">Real Madrid har selv enn\u00e5 ikke bekreftet ansettelsen, men de gikk ut tidligere tirsdag og sa at <a href=\"https:\/\/www.vg.no\/sport\/i\/xrQQ0B\/real-madrid-alvaro-arbeloa-er-ferdig-som-hovedtrener\" data-track-element-type=\"Link\" data-track-id=\"link:xrQQ0B\" class=\"_link_145nj_39\" rel=\"nofollow noopener\" target=\"_blank\">Alvaro Arbeloa er ferdig som manager<\/a>. Arbeloa overtok jobben som Real Madrid-trener etter Xabi Alonso, som forlot jobben i januar.<\/p>\n<p class=\"_paragraph_145nj_4 _paragraph_6fko5_10 layout-component text-serif-m layout-normal text-serif-m layout-padded\">Dette skjedde samme dag som de bekreftet at de hadde f\u00e5tt et bud p\u00e5 Atl\u00e9tico Madrids argentinske spiss Juli\u00e1n Alvarez avvist.<\/p>\n<p class=\"_paragraph_145nj_4 _paragraph_6fko5_10 layout-component text-serif-m layout-normal text-serif-m layout-padded\">Budet var p\u00e5 150 millioner euro, if\u00f8lge Real Madrid. Det tilsvarer rundt 1,64 milliarder kroner.<\/p>\n<p><img alt=\"Real Madrid fors\u00f8kte \u00e5 hente Alexander S\u00f8rloths lagkamerat Juli\u00e1n Alvarez.  Foto: Jose Breton \/ AP \/ NTB\" class=\"_image_jw3bv_65 layout-component layout-normal\" data-fullscreen- data-track-element-type=\"Article image fullscreen\" data-track-name=\"ImageFullscreen\" decoding=\"async\" loading=\"lazy\" height=\"3230\" itemprop=\"image\"  src=\"https:\/\/www.europesays.com\/no\/wp-content\/uploads\/2026\/06\/06617c4a-d1d4-331f-86eb-5620743eaee1.jpeg\"  style=\"object-position:0% 0%\" width=\"4845\"\/>Real Madrid fors\u00f8kte \u00e5 hente Alexander S\u00f8rloths lagkamerat Juli\u00e1n Alvarez.  Foto: Jose Breton \/ AP \/ NTB<\/p>\n<p class=\"_paragraph_145nj_4 _paragraph_6fko5_10 layout-component text-serif-m layout-normal text-serif-m layout-padded\">Dermed returnerer Mourinho til klubben han ledet fra 2010 til 2013. I l\u00f8pet av de tre sesongene portugiseren ledet laget, vant laget tre titler: ligatittelen, Copa del Rey og den spanske supercupen.<\/p>\n<p class=\"_paragraph_145nj_4 _paragraph_6fko5_10 layout-component text-serif-m layout-normal text-serif-m layout-padded\">Da Real Madrid vant ligatittelen i 2012 med Mourinho ved roret, endte laget med 100 poeng etter 38 kamper.<\/p>\n<p class=\"_paragraph_145nj_4 _paragraph_6fko5_10 layout-component text-serif-m layout-normal text-serif-m layout-padded\">I tillegg har Mourinho tidligere ledet blant andre Porto, Chelsea to ganger, Inter, Manchester United, Tottenham og Roma.<\/p>\n<p><img alt=\"Jos\u00e9 Mourinho som Real Madrid-trener i 2012-sesongen. Her under en Champions League-kamp.  Foto: SUSANA VERA \/ Reuters \/ NTB\" class=\"_image_jw3bv_65 layout-component layout-normal\" data-fullscreen- data-track-element-type=\"Article image fullscreen\" data-track-name=\"ImageFullscreen\" decoding=\"async\" loading=\"lazy\" height=\"1618\" itemprop=\"image\"  src=\"https:\/\/www.europesays.com\/no\/wp-content\/uploads\/2026\/06\/bdc82d34-e48c-32cc-9958-612a96af6857.jpeg\"  style=\"object-position:0% 0%\" width=\"2116\"\/>Jos\u00e9 Mourinho som Real Madrid-trener i 2012-sesongen. Her under en Champions League-kamp.  Foto: SUSANA VERA \/ Reuters \/ NTB<\/p>\n<p class=\"_paragraph_145nj_4 _paragraph_6fko5_10 layout-component text-serif-m layout-normal text-serif-m layout-padded\">Real Madrid har g\u00e5tt to sesonger p\u00e5 rad uten \u00e5 vinne verken ligaen, cupen eller Champions League, og har hatt flere hendelser utenfor banen denne sesongen.<\/p>\n<p class=\"_paragraph_145nj_4 _paragraph_6fko5_10 layout-component text-serif-m layout-normal text-serif-m layout-padded\">Blant annet skal Federico Valverde og Aur\u00e9lien Tchouam\u00e9ni ha havnet i en sl\u00e5sskamp p\u00e5 trening i mai, <a href=\"https:\/\/www.vg.no\/sport\/i\/8p5pmd\/real-madrid-spillere-straffes-etter-treningshendelse-faar-bot-paa-over-fem-millioner-kroner?utm_source=sdrn%3Avg%3Alisting%3Ae45af1c5-b7d3-4134-b4a3-c85d06e211d5&amp;utm_medium=Teaser&amp;utm_content=teaser%3A8p5pmd\" data-track-element-type=\"Link\" data-track-id=\"link:8p5pmd\" class=\"_link_145nj_39\" rel=\"nofollow noopener\" target=\"_blank\">noe som resulterte i en bot p\u00e5 over fem millioner kroner til hver<\/a>.<\/p>\n<p class=\"_paragraph_145nj_4 _paragraph_6fko5_10 layout-component text-serif-m layout-normal text-serif-m layout-padded\">Samtidig bekrefter Benfica at de har ansatt Marco Silva som Mourinhos erstatter. Det betyr at han blir Fredrik Aursnes og Andreas Schjelderups nye sjef.<\/p>\n<p class=\"_paragraph_145nj_4 _paragraph_6fko5_10 layout-component text-serif-m layout-normal text-serif-m layout-padded\">Silva har signert en kontrakt p\u00e5 to \u00e5r med opsjon p\u00e5 ett \u00e5r til. Han var manager i Fulham frem til for en uke siden.<\/p>\n<p class=\"_paragraph_145nj_4 _paragraph_6fko5_10 layout-component text-serif-m layout-normal text-serif-m layout-padded\">Benfica endte p\u00e5 tredjeplass i Liga Portugal denne sesongen. Mourinho ledet laget i 45 kamper, hvor 27 endte med seier, ti uavgjorte og \u00e5tte tap.<\/p>\n<p><img alt=\"Marco Silva tar over som manager i Benfica.  Foto: John Walton \/ Pa Photos \/ NTB\" class=\"_image_jw3bv_65 layout-component layout-normal\" data-fullscreen- data-track-element-type=\"Article image fullscreen\" data-track-name=\"ImageFullscreen\" decoding=\"async\" loading=\"lazy\" height=\"1074\" itemprop=\"image\"  src=\"https:\/\/www.europesays.com\/no\/wp-content\/uploads\/2026\/06\/20a84bc1-be9f-3ca3-ad2d-b80b2023143d.jpeg\"  style=\"object-position:0% 0%\" width=\"1610\"\/>Marco Silva tar over som manager i Benfica.  Foto: John Walton \/ Pa Photos \/ NTB    <\/p>\n","protected":false},"excerpt":{"rendered":"Den portugisiske klubben melder at Mourinho er enig med Real Madrid om et comeback. Jos\u00e9 Mourinho er p\u00e5&hellip;\n","protected":false},"author":2,"featured_media":261562,"comment_status":"","ping_status":"","sticky":false,"template":"","format":"standard","meta":{"footnotes":"","_share_on_mastodon":"0"},"categories":[59],"tags":[92,3705,482,30,28,29,6096,83,82],"class_list":["post-261561","post","type-post","status-publish","format-standard","has-post-thumbnail","category-sport","tag-fotball","tag-jose-mourinho","tag-la-liga","tag-no","tag-norge","tag-norway","tag-sl-benfica","tag-sport","tag-sports"],"share_on_mastodon":{"url":"https:\/\/pubeurope.com\/@no\/116722446759955694","error":""},"_links":{"self":[{"href":"https:\/\/www.europesays.com\/no\/wp-json\/wp\/v2\/posts\/261561","targetHints":{"allow":["GET"]}}],"collection":[{"href":"https:\/\/www.europesays.com\/no\/wp-json\/wp\/v2\/posts"}],"about":[{"href":"https:\/\/www.europesays.com\/no\/wp-json\/wp\/v2\/types\/post"}],"author":[{"embeddable":true,"href":"https:\/\/www.europesays.com\/no\/wp-json\/wp\/v2\/users\/2"}],"replies":[{"embeddable":true,"href":"https:\/\/www.europesays.com\/no\/wp-json\/wp\/v2\/comments?post=261561"}],"version-history":[{"count":0,"href":"https:\/\/www.europesays.com\/no\/wp-json\/wp\/v2\/posts\/261561\/revisions"}],"wp:featuredmedia":[{"embeddable":true,"href":"https:\/\/www.europesays.com\/no\/wp-json\/wp\/v2\/media\/261562"}],"wp:attachment":[{"href":"https:\/\/www.europesays.com\/no\/wp-json\/wp\/v2\/media?parent=261561"}],"wp:term":[{"taxonomy":"category","embeddable":true,"href":"https:\/\/www.europesays.com\/no\/wp-json\/wp\/v2\/categories?post=261561"},{"taxonomy":"post_tag","embeddable":true,"href":"https:\/\/www.europesays.com\/no\/wp-json\/wp\/v2\/tags?post=261561"}],"curies":[{"name":"wp","href":"https:\/\/api.w.org\/{rel}","templated":true}]}}