{"id":261569,"date":"2026-06-09T22:19:12","date_gmt":"2026-06-09T22:19:12","guid":{"rendered":"https:\/\/www.europesays.com\/no\/261569\/"},"modified":"2026-06-09T22:19:12","modified_gmt":"2026-06-09T22:19:12","slug":"kultur-arbeidsliv-artister-musikere-vokalister-og-produsenter-fra-hele-verden-kommer-til-rena-for-a-delta-pa-latskrivercampen-rena-song-fest-i-juni-men-det-er-hittil-ingen-pameldte-fra-innlandet","status":"publish","type":"post","link":"https:\/\/www.europesays.com\/no\/261569\/","title":{"rendered":"Kultur, Arbeidsliv | Artister, musikere, vokalister og produsenter fra hele verden kommer til Rena for \u00e5 delta p\u00e5 l\u00e5tskrivercampen Rena Song Fest i juni, men det er hittil ingen p\u00e5meldte fra Innlandet"},"content":{"rendered":"\n<p>\u2013 S\u00e5 langt er det ingen!\u00a0<\/p>\n<p>Carl-Henrik Wahl og resten av gjengen ved The Woods p\u00e5 Rena sorterer deltakerb\u00e5nd og p\u00e5meldinger til l\u00e5tskrivercampen Rena Song Fest p\u00e5 harde livet.\u00a0<\/p>\n<p>Fredag 26. juni braker det nemlig l\u00f8s med verdens st\u00f8rste samling av l\u00e5tskrivere, artister, sangere, musikere og produsenter.\u00a0<\/p>\n<p>30 nasjoner<\/p>\n<p>Lista er lang over p\u00e5meldte, og de kommer fra mer enn 30 forskjellige nasjoner.\u00a0<\/p>\n<p>Men fra Innlandet? Der er det ikke registrert en eneste adresse s\u00e5 langt.<\/p>\n<p>\u2013 Derfor g\u00e5r vi n\u00e5 ut og oppfordrer folk til \u00e5 melde seg p\u00e5. For her er det noe \u00e5 hente b\u00e5de for de helt ferske og de etablerte.\u00a0<\/p>\n<p>\u2013 M\u00e5let er at stadig flere skal f\u00e5 ut musikken sin, og etter hvert kunne leve av musikk, sier Carl-Henrik.<\/p>\n<p>Knytter nettverk<\/p>\n<p>The Woods har allerede festet grepet p\u00e5 Melodi Grand Prix og Eurovision, og st\u00e5r hvert \u00e5r bak bidrag b\u00e5de her hjemme og for en rekke andre land.\u00a0<\/p>\n<p>I 2022 gikk de da ogs\u00e5 helt til topps i MGP med \u00abGive that Wolf a banana\u00bb med Subwoolfer.<\/p>\n<p>Men p\u00e5 l\u00e5tskrivercampen produseres det en stor bredde med l\u00e5ter, som strekker seg langt utenfor Eurovision.<\/p>\n<p>\u2013 Det er flott \u00e5 se n\u00e5r det knyttes nettverk p\u00e5 kryss og tvers.\u00a0<\/p>\n<p>\u2013 Hit kommer det produsenter eller tekstforfattere som ikke kan synge, vokalister som trenger musikere og musikere som trenger vokalister eller produsenter.\u00a0<\/p>\n<p>\u2013 Her settes de sammen, og sammen l\u00f8fter de fram god musikk, smiler han.<\/p>\n<p>   <img decoding=\"async\" width=\"1024\" height=\"683\" fetchpriority=\"low\"  loading=\"lazy\"  src=\"https:\/\/www.europesays.com\/no\/wp-content\/uploads\/2026\/06\/Bananseier.jpg\" alt=\"\" class=\"brick-c-cFOWSL\" style=\"--brick-image-ratio: 1024 \/ 683;\"\/><\/p>\n<p>      VANT: I 2022 gikk store deler av Europa rundt og nynnet p\u00e5 \u00abGive that Wolf a banana\u00bb. Den vant MGP, og ble nr 10 i Eurovision-finalen i Italia.<br \/>\n      Foto: Terje Bendiksby\n    <\/p>\n<p>  Erfaren gjeng<\/p>\n<p>The Woods arrangerer ogs\u00e5 camper i andre land.\u00a0<\/p>\n<p>Men de synes det er ekstra morsomt \u00e5 samle folk p\u00e5 hjemmebane p\u00e5 Rena.<\/p>\n<p>\u2013 Dette er camp nr. 100 hvis vi ser p\u00e5 de offisielle som vi st\u00e5r bak. Men teller vi ogs\u00e5 med de mange interne campene, n\u00e6rmer tallet seg det dobbelte.\u00a0<\/p>\n<p>\u2013 Vi har drevet p\u00e5 s\u00e5 lenge at vi vet at dette er et fint format. S\u00e5 da er det synd hvis de fra Innlandet ikke f\u00e5r det med seg, mener Carl-Henrik.<\/p>\n<p>   <img decoding=\"async\" width=\"1024\" height=\"768\" fetchpriority=\"low\"  loading=\"lazy\"  src=\"https:\/\/www.europesays.com\/no\/wp-content\/uploads\/2026\/06\/Nye%20rekorder.jpg\" alt=\"\" class=\"brick-c-cFOWSL\" style=\"--brick-image-ratio: 1024 \/ 768;\"\/><\/p>\n<p>      SUKSESS: Den driftige gjengen setter stadig nye rekorder. \u00c5rets l\u00e5tskrivercamp er nr 100 i rekken av offisielle camper. Men teller du med de interne campene, er tallet trolig doblet.<br \/>\n      Foto: Rune Hagen\n    <\/p>\n<p>  S\u00f8r-Korea, USA og New Zealand<\/p>\n<p><b>\u2013 Kanskje noen tenker at de ikke er proffe nok til \u00e5 v\u00e6re med?<\/b><\/p>\n<p>\u2013 Det skal de virkelig ikke tenke! Dette er en camp som passer like godt for de som er ganske uerfarne, som de som har drevet p\u00e5 i mange \u00e5r. Alle skal f\u00e5 noe ut av denne samlingen, lover han.<\/p>\n<p>Verden har da ogs\u00e5 virkelig oppdaget milj\u00f8et p\u00e5 Rena.\u00a0<\/p>\n<p>Gjester fra USA, S\u00f8r-Korea, Spania, Italia og New Zealand er blant de siste deltakerne p\u00e5 camp der.\u00a0<\/p>\n<p>Og n\u00e5 h\u00e5per Carl-Henrik at han snarest kan f\u00f8ye noen deltakere fra Innlandet til lista.<\/p>\n<p>\u2013 Jeg skal klare \u00e5 ta imot folk fram til 20. juni, smiler han.<\/p>\n","protected":false},"excerpt":{"rendered":"\u2013 S\u00e5 langt er det ingen!\u00a0 Carl-Henrik Wahl og resten av gjengen ved The Woods p\u00e5 Rena sorterer&hellip;\n","protected":false},"author":2,"featured_media":261570,"comment_status":"","ping_status":"","sticky":false,"template":"","format":"standard","meta":{"footnotes":"","_share_on_mastodon":"0"},"categories":[58],"tags":[7554,465,36,71,410,8136,30,28,29,14,1510,72],"class_list":["post-261569","post","type-post","status-publish","format-standard","has-post-thumbnail","category-underholdning","tag-amot","tag-arbeidsliv","tag-art","tag-entertainment","tag-kultur","tag-midt-osterdal","tag-no","tag-norge","tag-norway","tag-nyheter","tag-story","tag-underholdning"],"share_on_mastodon":{"url":"https:\/\/pubeurope.com\/@no\/116722478107468708","error":""},"_links":{"self":[{"href":"https:\/\/www.europesays.com\/no\/wp-json\/wp\/v2\/posts\/261569","targetHints":{"allow":["GET"]}}],"collection":[{"href":"https:\/\/www.europesays.com\/no\/wp-json\/wp\/v2\/posts"}],"about":[{"href":"https:\/\/www.europesays.com\/no\/wp-json\/wp\/v2\/types\/post"}],"author":[{"embeddable":true,"href":"https:\/\/www.europesays.com\/no\/wp-json\/wp\/v2\/users\/2"}],"replies":[{"embeddable":true,"href":"https:\/\/www.europesays.com\/no\/wp-json\/wp\/v2\/comments?post=261569"}],"version-history":[{"count":0,"href":"https:\/\/www.europesays.com\/no\/wp-json\/wp\/v2\/posts\/261569\/revisions"}],"wp:featuredmedia":[{"embeddable":true,"href":"https:\/\/www.europesays.com\/no\/wp-json\/wp\/v2\/media\/261570"}],"wp:attachment":[{"href":"https:\/\/www.europesays.com\/no\/wp-json\/wp\/v2\/media?parent=261569"}],"wp:term":[{"taxonomy":"category","embeddable":true,"href":"https:\/\/www.europesays.com\/no\/wp-json\/wp\/v2\/categories?post=261569"},{"taxonomy":"post_tag","embeddable":true,"href":"https:\/\/www.europesays.com\/no\/wp-json\/wp\/v2\/tags?post=261569"}],"curies":[{"name":"wp","href":"https:\/\/api.w.org\/{rel}","templated":true}]}}