{"id":26160,"date":"2025-09-03T18:25:09","date_gmt":"2025-09-03T18:25:09","guid":{"rendered":"https:\/\/www.europesays.com\/no\/26160\/"},"modified":"2025-09-03T18:25:09","modified_gmt":"2025-09-03T18:25:09","slug":"nedslaende-beskjed","status":"publish","type":"post","link":"https:\/\/www.europesays.com\/no\/26160\/","title":{"rendered":"Nedsl\u00e5ende beskjed"},"content":{"rendered":"<p>  Mandag sa Kreml at det ikke skjer et m\u00f8te mellom Russland, Ukraina og USA. Onsdag kommer Russland med nye utspill &#8211; og Donald Trump sl\u00e5r tilbake.<\/p>\n<p>\n    VIL M\u00d8TE: Om Zelenskyj kommer til Moskva, vil det skje et m\u00f8te mellom Putin og Ukrainas president Volodymyr Zelenskyj, uttaler Russlands president Vladimir Putin. Foto: Maxim Shemetov \/ AFP \/ NTB\n  <\/p>\n<p>If\u00f8lge nyhetsbyr\u00e5et Reuters uttaler Russlands president Vladimir Putin at han vil m\u00f8te Ukrainas president Volodymyr Zelenskyj.<\/p>\n<p>&#8211; Jeg er klar for \u00e5 m\u00f8te Zelenskyj, sier Putin, men legger samtidig til:<\/p>\n<p>&#8211; Men er det noen vits i \u00e5 m\u00f8te ham?<\/p>\n<p>Nyheten kommer dagen etter at\u00a0<a href=\"https:\/\/www.dagbladet.no\/nyheter\/trump-om-putin-veldig-skuffet\/83539483\" rel=\"nofollow noopener\" target=\"_blank\">USAs president Donald Trump uttalte at han ikke var forn\u00f8yd med sin russiske motpart<\/a>.\u00a0<\/p>\n<p>Skuffelsen knytter seg antagelig til at Russland ikke har stagget sine fors\u00f8k p\u00e5 \u00e5 okkupere ytterligere ukrainsk territorium, samt en \u00f8kning av russiske luftangrep mot ukrainske byer den siste tida.<\/p>\n<p>Putin st\u00e5r fast ved at et eventuelt m\u00f8te m\u00e5 skje i Russland, men dette har tidligere blitt blankt avvist av Ukrainas president.<\/p>\n<p>&#8211; Hvis m\u00f8tet med Zelenskyj er godt forberedt, s\u00e5 er jeg klar for \u00e5 m\u00f8te ham. La Zelenskyj dra til Moskva, da kommer m\u00f8tet til \u00e5 finne sted, sier Putin if\u00f8lge Reuters.<\/p>\n<p>Det statskontrollerte, russiske nyhetsbyr\u00e5et <a href=\"https:\/\/ria.ru\/20250903\/putin-2039427448.html\" rel=\"nofollow noopener\" target=\"_blank\">RIA<\/a> skriver at Putin har informert Donald Trump om at et slik m\u00f8te er mulig.<\/p>\n<p>        Kina viste fram sin st\u00f8rste milit\u00e6rparade noensinne onsdag 3. september. Men her dukker en noe uventet gjest opp p\u00e5 gruppebildet med Putin og xi. Video: AP. Reporter: Marte Nyl\u00f8kken Helseth. <\/p>\n<p>Putin: Kan ikke sl\u00e5 tilbake  <\/p>\n<p>Putin sier ogs\u00e5 at krigen i Ukraina kan ta slutt dersom\u00a0\u00absunn fornuft\u00bb vinner fram, melder nyhetsbyr\u00e5et. Dersom det ikke er mulig framholder Putin at konflikten m\u00e5 l\u00f8ses milit\u00e6rt.<\/p>\n<p>Putin hevder ogs\u00e5 at russiske styrker gj\u00f8r framskritt p\u00e5 alle fronter i Ukraina, og at Ukraina ikke er kapable til \u00e5 sl\u00e5 tilbake med sin egen storoffensiv.<\/p>\n<p>Det var Russland som angrep nabolandet Ukraina med sin fullskala invasjon 24. februar 2022.<\/p>\n<p>Mandag uttalte en talsperson for Kreml at det ikke foreligger noen konkrete planer om et trilateralt m\u00f8te mellom Russland, Ukraina og USA.\u00a0<\/p>\n<p>&#8211; N\u00e5 snakker alle om et trilateralt\u00a0m\u00f8te\u00a0mellom\u00a0Putin\u00a0og\u00a0Zelenskyj, men det har ikke v\u00e6rt noe konkret avtale om dette mellom\u00a0Putin\u00a0og Trump, sa talsperson og Kreml-r\u00e5dgiver Jurij Usjakov til russisk TV mandag. <\/p>\n<p>&#8211; Kjemper ikke for territorier<\/p>\n<p>Russland har allerede annektert de ukrainske omr\u00e5dene Donetsk, Luhansk og deler av Kherson og Zaporizjzja siden 2022. Putin gjentar russiske narrativer om at annekteringene kun et er uttrykk for folkeviljen i disse omr\u00e5dene.<\/p>\n<p>&#8211; P\u00e5 generell basis, for \u00e5 v\u00e6re \u00e6rlig, s\u00e5 kjemper vi ikke for territorier, men for menneskerettighetene og retten for menneskene i disse omr\u00e5dene til \u00e5 snakke sitt eget spr\u00e5k og for \u00e5 leve i sin egen kultur. En kultur med tradisjoner som har g\u00e5tt i generasjoner, sier Putin if\u00f8lge RIA.<\/p>\n<p>De russiske annekteringene av omr\u00e5dene har blitt ford\u00f8mt av det internasjonale samfunnet, herunder Norge.<\/p>\n<p>Trump: &#8211; Har ingen beskjed<\/p>\n<p>USAs president Donald Trump sier at Putin vet hvor Trump st\u00e5r. Det melder Reuters.<\/p>\n<p>&#8211; Jeg har ingen beskjed til Putin. Han vet hvor jeg st\u00e5r, sier Trump.<\/p>\n<p>&#8211; Vi kommer til \u00e5 finne ut av hvor bra forholdet til Russland er i l\u00f8pet av en uke eller to, sier han ogs\u00e5.<\/p>\n<p>Den amerikanske presidenten gjentok ogs\u00e5 sin mening om at seiersparaden for andre verdenskrig, som Kina avholdt onsdag, burde nevnt USAs rolle i nedkjempelsen av Japan.<\/p>\n<p>&#8211; Jeg trodde USA skulle bli nevnt under Kinas tale, sier Putin.<\/p>\n<p>Trump sier ogs\u00e5 at han vil snakke med Vladimir Putin i l\u00f8pet av de neste dagene.<\/p>\n","protected":false},"excerpt":{"rendered":"Mandag sa Kreml at det ikke skjer et m\u00f8te mellom Russland, Ukraina og USA. Onsdag kommer Russland med&hellip;\n","protected":false},"author":2,"featured_media":26161,"comment_status":"","ping_status":"","sticky":false,"template":"","format":"standard","meta":{"footnotes":""},"categories":[10],"tags":[20,21,24,25,15,2539,22,23,13,30,28,29,14,16,26,27],"class_list":{"0":"post-26160","1":"post","2":"type-post","3":"status-publish","4":"format-standard","5":"has-post-thumbnail","7":"category-norge","8":"tag-breaking-news","9":"tag-breakingnews","10":"tag-featured-news","11":"tag-featurednews","12":"tag-headlines","13":"tag-innenriks","14":"tag-latest-news","15":"tag-latestnews","16":"tag-news","17":"tag-no","18":"tag-norge","19":"tag-norway","20":"tag-nyheter","21":"tag-overskrifter","22":"tag-top-stories","23":"tag-topstories"},"share_on_mastodon":{"url":"","error":""},"_links":{"self":[{"href":"https:\/\/www.europesays.com\/no\/wp-json\/wp\/v2\/posts\/26160","targetHints":{"allow":["GET"]}}],"collection":[{"href":"https:\/\/www.europesays.com\/no\/wp-json\/wp\/v2\/posts"}],"about":[{"href":"https:\/\/www.europesays.com\/no\/wp-json\/wp\/v2\/types\/post"}],"author":[{"embeddable":true,"href":"https:\/\/www.europesays.com\/no\/wp-json\/wp\/v2\/users\/2"}],"replies":[{"embeddable":true,"href":"https:\/\/www.europesays.com\/no\/wp-json\/wp\/v2\/comments?post=26160"}],"version-history":[{"count":0,"href":"https:\/\/www.europesays.com\/no\/wp-json\/wp\/v2\/posts\/26160\/revisions"}],"wp:featuredmedia":[{"embeddable":true,"href":"https:\/\/www.europesays.com\/no\/wp-json\/wp\/v2\/media\/26161"}],"wp:attachment":[{"href":"https:\/\/www.europesays.com\/no\/wp-json\/wp\/v2\/media?parent=26160"}],"wp:term":[{"taxonomy":"category","embeddable":true,"href":"https:\/\/www.europesays.com\/no\/wp-json\/wp\/v2\/categories?post=26160"},{"taxonomy":"post_tag","embeddable":true,"href":"https:\/\/www.europesays.com\/no\/wp-json\/wp\/v2\/tags?post=26160"}],"curies":[{"name":"wp","href":"https:\/\/api.w.org\/{rel}","templated":true}]}}