{"id":261675,"date":"2026-06-10T04:13:21","date_gmt":"2026-06-10T04:13:21","guid":{"rendered":"https:\/\/www.europesays.com\/no\/261675\/"},"modified":"2026-06-10T04:13:21","modified_gmt":"2026-06-10T04:13:21","slug":"meiningar-pride-nar-et-flagg-blir-farligere-enn-manglende-nestekjaerlighet","status":"publish","type":"post","link":"https:\/\/www.europesays.com\/no\/261675\/","title":{"rendered":"Meiningar, Pride | N\u00e5r et flagg blir farligere enn manglende nestekj\u00e6rlighet"},"content":{"rendered":"<p class=\"vignette\">Debattinnlegg<\/p>\n<p class=\"disclaimer\">Dette er eit debattinnlegg, skrive av ein ekstern bidragsytar. Innlegget gir uttrykk for skribenten sine haldningar.<\/p>\n<p>Det er fascinerende hvor mye uro et stykke stoff kan skape.<\/p>\n<p>I Time har regnbueflagget f\u00e5tt voksne mennesker til \u00e5 finne frem de store ordene. Barn m\u00e5 skjermes. Skolen m\u00e5 v\u00e6re n\u00f8ytral. Noen vurderer visst til og med hjemmeskole.<\/p>\n<p>  <a href=\"https:\/\/www.jbl.no\/5-103-1290339\" class=\"related-teaser has-image article--c-MkAkR\" rel=\"nofollow noopener\" target=\"_blank\"><\/p>\n<p>    <img decoding=\"async\" width=\"155\"  loading=\"lazy\"  src=\"https:\/\/www.europesays.com\/no\/wp-content\/uploads\/2026\/06\/1781064800_535_IMG_8836.JPG\" alt=\"\" class=\"brick-c-cFOWSL\" style=\"\"\/><\/p>\n<p>\n            Les ogs\u00e5<\/p>\n<p>            Sm\u00e5barnsfar om utvida pride-flagging: \u2013 H\u00f8yrer ikkje heime p\u00e5 barneskulen\n        <\/p>\n<p>  <\/a><\/p>\n<p>Alt dette p\u00e5 grunn av et flagg. Ikke en tiger i skoleg\u00e5rden. Ikke en \u00e5pen kum uten lokk. Et flagg.<\/p>\n<p>N\u00e5r deler av motstanden kommer fra kristne milj\u00f8, blir det vanskelig \u00e5 ikke se en ganske stor elefant i kirkerommet.<\/p>\n<p>Jesus var ikke mest kjent for \u00e5 holde mennesker som falt utenfor normalen p\u00e5 trygg avstand. Han spiste med tollere og syndere. Han stoppet dem som sto klare til \u00e5 kaste stein, og minnet dem p\u00e5 at selvransakelse kan v\u00e6re nyttig f\u00f8r offentlig moralisering.<\/p>\n<p>I lignelsen om den barmhjertige samaritan var poenget ikke at samaritanen hadde riktig merkelapp. Poenget var at han viste miskunn.<\/p>\n<p>S\u00e5 n\u00e5r kristne g\u00e5r hardt ut mot et flagg som for mange skeive handler om \u00e5 f\u00e5 v\u00e6re trygge, synlige og like mye verdt, m\u00e5 det v\u00e6re lov \u00e5 sp\u00f8rre: Hva slags evangelium er det egentlig man mener \u00e5 forsvare?<\/p>\n<p>  <a href=\"https:\/\/www.jbl.no\/5-103-1292694\" class=\"related-teaser has-image article--c-MkAkR\" rel=\"nofollow noopener\" target=\"_blank\"><\/p>\n<p>    <img decoding=\"async\" width=\"155\"  loading=\"lazy\"  src=\"https:\/\/www.europesays.com\/no\/wp-content\/uploads\/2026\/06\/1781064801_541_5_103_950365+IMG_2456.jpg\" alt=\"\" class=\"brick-c-cFOWSL\" style=\"\"\/><\/p>\n<p>\n            Les ogs\u00e5<\/p>\n<p>            Gjer seg klare for sitt femte regnboge-opptog\n        <\/p>\n<p>  <\/a><\/p>\n<p>La oss ta det praktiske f\u00f8rst: Pride er ikke smittsomt.<\/p>\n<p>Det smitter ikke via flaggstang. Barn blir ikke homofile, lesbiske, bifile eller transpersoner av \u00e5 se seks farger i vinden. Hvis det var s\u00e5 enkelt \u00e5 endre barn med flagg, ville mange foreldre for lengst ha heist \u00abrydd rommet ditt\u00bb-flagget hver mandag morgen.<\/p>\n<p>Et regnbueflagg p\u00e5 en skole betyr ikke at alle elever m\u00e5 mene det samme om kj\u00f8nn, seksualitet, religion eller politikk. Det betyr noe enklere: Her skal ingen barn eller unge l\u00e6re at de m\u00e5 skamme seg over hvem de er.<\/p>\n<p>Mange kristne snakker varmt om menneskeverd, nestekj\u00e6rlighet og at alle er skapt i Guds bilde. Men n\u00e5r skeive mennesker ber om synlig st\u00f8tte, blir det plutselig viktigere \u00e5 diskutere symbolbruk, ideologi og om flagget \u00abh\u00f8rer hjemme\u00bb p\u00e5 barneskolen.<\/p>\n<p>Da h\u00f8res menneskeverdet litt mer ut som en festtale enn en praksis.<\/p>\n<p>  <a href=\"https:\/\/www.jbl.no\/5-103-1295289\" class=\"related-teaser has-image article--c-MkAkR\" rel=\"nofollow noopener\" target=\"_blank\"><\/p>\n<p>    <img decoding=\"async\" width=\"155\"  loading=\"lazy\"  src=\"https:\/\/www.europesays.com\/no\/wp-content\/uploads\/2026\/06\/1781064801_127_5_103_950431+IMG_2496.jpg\" alt=\"\" class=\"brick-c-cFOWSL\" style=\"\"\/><\/p>\n<p>\n            Les ogs\u00e5<\/p>\n<p>            Seier ja til regnbogeflagg, om ikkje akkurat prideflagg, i skulen\n        <\/p>\n<p>  <\/a><\/p>\n<p>Jeg er ikke kristen. Likevel aksepterer jeg at kristendommen har en tydelig plass i Norge, i skolen og i det offentlige rom. Da blir det merkelig n\u00e5r noen kristne ikke klarer \u00e5 vise samme romslighet tilbake.<\/p>\n<p>Salmer, skolegudstjenester, kors og kristen symbolikk g\u00e5r fint. Men et regnbueflagg p\u00e5 en skole, da g\u00e5r visst alarmen. Det er litt som \u00e5 kreve hele stua selv, og deretter bli rasende fordi naboen har satt en fargerik kopp p\u00e5 bordet.<\/p>\n<p>Skolen skal ikke v\u00e6re en kampanjeorganisasjon. Men den er heller ikke verdin\u00f8ytral. Den l\u00e6rer barn at mobbing er galt, at rasisme er galt, at jenter og gutter har samme verdi, og at man skal vise respekt for andre mennesker. Hvis det er politisk, da er ogs\u00e5 folkeskikk politisk.<\/p>\n<p>Mange skeive har brukt \u00e5r p\u00e5 \u00e5 skjule hvem de er, senke stemmen og gj\u00f8re seg mindre for ikke \u00e5 bli et problem for andre. Det er nettopp disse menneskene som trenger mer st\u00f8tte, ikke enda et signal om at de helst b\u00f8r tones ned.<\/p>\n<p>S\u00e5 her er min oppskrift til dem som vil bli kvitt pride-flagget og pride-markeringene: Bygg et samfunn der de ikke lenger trengs.<\/p>\n<p>Den dagen skeive barn og unge ikke trenger \u00e5 lure p\u00e5 om de er feilvare, der voksne ikke skaper frykt rundt andres kj\u00e6rlighet, og der folk klarer \u00e5 se forbi at noen lever livet sitt annerledes, da vil Pride miste mye av sin tyngde.<\/p>\n<p>Da kan flagget pakkes ned, ikke fordi noen vant over det, men fordi samfunnet endelig ble voksent nok til at behovet ble mindre.<\/p>\n<p>Men vi er ikke der enn\u00e5. S\u00e5 lenge mennesker fortsatt m\u00f8tes med mistenksomhet, skam, taushet eller religi\u00f8st kamuflert avstand, trengs det synlige tegn p\u00e5 st\u00f8tte. Ikke fordi flagget er perfekt, men fordi noen fortsatt trenger \u00e5 vite at de ikke st\u00e5r alene.<\/p>\n<p>Man kan diskutere pride, skole, l\u00e6replaner, flaggreglement og kommunal praksis. Men man b\u00f8r v\u00e6re varsom med \u00e5 pakke sitt eget ubehag inn som omsorg for barna.<\/p>\n<p>Barn t\u00e5ler \u00e5 se et regnbueflagg. Det de t\u00e5ler langt d\u00e5rligere, er voksne som l\u00e6rer dem at noen mennesker m\u00e5 gj\u00f8res mindre synlige for at andre skal kjenne seg komfortable.<\/p>\n<p>  <a href=\"https:\/\/www.jbl.no\/5-103-1293730\" class=\"related-teaser article--c-MkAkR\" rel=\"nofollow noopener\" target=\"_blank\"><\/p>\n<p>\n            Les ogs\u00e5<\/p>\n<p>            Striden st\u00e5r ikkje om menneskeverd\n        <\/p>\n<p>  <\/a><\/p>\n<p>  <a href=\"https:\/\/www.jbl.no\/5-103-1293148\" class=\"related-teaser article--c-MkAkR\" rel=\"nofollow noopener\" target=\"_blank\"><\/p>\n<p>\n            Les ogs\u00e5<\/p>\n<p>            Korleis kan J\u00e6ren Pride ikkje ha noko med Pride \u00e5 gjere?\n        <\/p>\n<p>  <\/a><\/p>\n<p>  <a href=\"https:\/\/www.jbl.no\/5-103-1292583\" class=\"related-teaser article--c-MkAkR\" rel=\"nofollow noopener\" target=\"_blank\"><\/p>\n<p>\n            Les ogs\u00e5<\/p>\n<p>            Kva er det eigentleg vi strir om?\n        <\/p>\n<p>  <\/a><\/p>\n<p>  <a href=\"https:\/\/www.jbl.no\/5-103-1291882\" class=\"related-teaser article--c-MkAkR\" rel=\"nofollow noopener\" target=\"_blank\"><\/p>\n<p>\n            Les ogs\u00e5<\/p>\n<p>            Regnbueflagget \u2013 et fellesskap med plass til alle\n        <\/p>\n<p>  <\/a><\/p>\n<p>  <a href=\"https:\/\/www.jbl.no\/5-103-1291564\" class=\"related-teaser article--c-MkAkR\" rel=\"nofollow noopener\" target=\"_blank\"><\/p>\n<p>\n            Les ogs\u00e5<\/p>\n<p>            Kva med indigo?\n        <\/p>\n<p>  <\/a><\/p>\n","protected":false},"excerpt":{"rendered":"Debattinnlegg Dette er eit debattinnlegg, skrive av ein ekstern bidragsytar. Innlegget gir uttrykk for skribenten sine haldningar. Det&hellip;\n","protected":false},"author":2,"featured_media":261676,"comment_status":"","ping_status":"","sticky":false,"template":"","format":"standard","meta":{"footnotes":"","_share_on_mastodon":"0"},"categories":[10],"tags":[36,20,21,24,25,15,22,23,1939,13,30,28,29,14,1533,16,2065,905,26,27],"class_list":["post-261675","post","type-post","status-publish","format-standard","has-post-thumbnail","category-norge","tag-art","tag-breaking-news","tag-breakingnews","tag-featured-news","tag-featurednews","tag-headlines","tag-latest-news","tag-latestnews","tag-meiningar","tag-news","tag-no","tag-norge","tag-norway","tag-nyheter","tag-opinion","tag-overskrifter","tag-pride","tag-religion","tag-top-stories","tag-topstories"],"share_on_mastodon":{"url":"https:\/\/pubeurope.com\/@no\/116723869940145566","error":""},"_links":{"self":[{"href":"https:\/\/www.europesays.com\/no\/wp-json\/wp\/v2\/posts\/261675","targetHints":{"allow":["GET"]}}],"collection":[{"href":"https:\/\/www.europesays.com\/no\/wp-json\/wp\/v2\/posts"}],"about":[{"href":"https:\/\/www.europesays.com\/no\/wp-json\/wp\/v2\/types\/post"}],"author":[{"embeddable":true,"href":"https:\/\/www.europesays.com\/no\/wp-json\/wp\/v2\/users\/2"}],"replies":[{"embeddable":true,"href":"https:\/\/www.europesays.com\/no\/wp-json\/wp\/v2\/comments?post=261675"}],"version-history":[{"count":0,"href":"https:\/\/www.europesays.com\/no\/wp-json\/wp\/v2\/posts\/261675\/revisions"}],"wp:featuredmedia":[{"embeddable":true,"href":"https:\/\/www.europesays.com\/no\/wp-json\/wp\/v2\/media\/261676"}],"wp:attachment":[{"href":"https:\/\/www.europesays.com\/no\/wp-json\/wp\/v2\/media?parent=261675"}],"wp:term":[{"taxonomy":"category","embeddable":true,"href":"https:\/\/www.europesays.com\/no\/wp-json\/wp\/v2\/categories?post=261675"},{"taxonomy":"post_tag","embeddable":true,"href":"https:\/\/www.europesays.com\/no\/wp-json\/wp\/v2\/tags?post=261675"}],"curies":[{"name":"wp","href":"https:\/\/api.w.org\/{rel}","templated":true}]}}