{"id":261683,"date":"2026-06-10T04:20:19","date_gmt":"2026-06-10T04:20:19","guid":{"rendered":"https:\/\/www.europesays.com\/no\/261683\/"},"modified":"2026-06-10T04:20:19","modified_gmt":"2026-06-10T04:20:19","slug":"bellona-konkurs-miljostiftelsen-bellona-unngar-konkurs-dette-skal-aldri-skje-igjen","status":"publish","type":"post","link":"https:\/\/www.europesays.com\/no\/261683\/","title":{"rendered":"Bellona, Konkurs | Milj\u00f8stiftelsen Bellona unng\u00e5r konkurs: \u2013 Dette skal aldri skje igjen"},"content":{"rendered":"<p> (<a href=\"https:\/\/www.nettavisen.no\" rel=\"nofollow noopener\" target=\"_blank\">Nettavisen<\/a>) <\/p>\n<p>OSLO (Nettavisen): Mandag kveld var det styrem\u00f8te i Bellona. Milj\u00f8stiftelsen manglet \u00e5tte millioner kroner og p\u00e5 dette m\u00f8tet skulle skjebnen avgj\u00f8res. Hadde Bellona klart \u00e5 skaffe til veie de n\u00f8dvendige midlene for videre eksistens, eller ikke.<\/p>\n<p>I etterkant av m\u00f8tet ville verken styreleder og Bellona-stifter Frederic Hauge og daglig leder Sveinung Rotevatn si noe som helst om hva utfallet ble.<\/p>\n<p><b>Les ogs\u00e5: <a class=\"simple-relation related-teaser article--c-eBQpMJ\" href=\"https:\/\/www.nordlys.no\/kommune-kjopte-to-luksus-mercedeser-til-kommunedirektoren-pa-to-ar\/s\/5-95-3081337\" rel=\"nofollow noopener\" target=\"_blank\">Kommune kj\u00f8pte to luksus-Mercedeser til kommunedirekt\u00f8ren p\u00e5 to \u00e5r<\/a><\/b><\/p>\n<p>Bellona reddet p\u00e5 m\u00e5lstreken<\/p>\n<p>Tirsdag formiddag var det kalt inn til pressekonferanse i Oslo sentrum, der b\u00e5de Hauge og Rotevatn troppet opp.<\/p>\n<p>\u2013 Til sammen ga denne aksjonen 13 millioner kroner til Bellonas arbeid. Det var det grunnlaget som ble representert for styret i g\u00e5r kveld, sa Rotevatn og ga ordet til Hauge:<\/p>\n<p>\u2013 Styret hadde m\u00f8te i g\u00e5r og har g\u00e5tt gjennom situasjonen. Dette gir grunnlag for videre drift Det betyr fortsatt omorganisering og utfordringer for Bellona, men vi er utrolig takknemlig for st\u00f8tten vi har f\u00e5tt, sa han.<\/p>\n<p>   <img decoding=\"async\" width=\"5712\" height=\"4284\" fetchpriority=\"low\"  loading=\"lazy\"  src=\"https:\/\/www.europesays.com\/no\/wp-content\/uploads\/2026\/06\/IMG_2788_1.jpg\" alt=\"\" class=\"brick-c-cFOWSL\" style=\"--brick-image-ratio: 5712 \/ 4284;\"\/><\/p>\n<p>      KAN SMILE: Hvorvidt Sveinung Rotevatn hadde en jobb \u00e5 g\u00e5 til var i det bl\u00e5, frem til mandag kveld.<br \/>\n      Foto: Heidi Schei Lille\u00e5s (Nettavisen\n    <\/p>\n<p>Rotevatn sa ogs\u00e5 at de skal forvalte tilliten de n\u00e5 har f\u00e5tt av de som har donert penger.<\/p>\n<p>\u2013 Dette skal aldri skje igjen, og vi skal fortsette arbeidet for milj\u00f8et, sa den tidligere Venstre-nestlederen.<\/p>\n<p>Det var frem til torsdag helt i luften for omverdenen om Bellona har g\u00e5tt konkurs eller ei. De trengte \u00e5tte millioner for \u00e5 unng\u00e5 konkurs.<\/p>\n<p>Rotevatn omtaler kronerullingen som en n\u00f8daksjon for \u00e5 sikre overlevelse.<\/p>\n<p>Til Nettavisen sier styreleder Hauge at Rotevatn har styrets fulle tillit som daglig leder. Selv mener han at styret ikke kunne gjort noe annerledes for \u00e5 unng\u00e5 situasjonen som oppstod.<\/p>\n<p>\u2013 Styret har et ansvar. Jeg mener ogs\u00e5 at styret tok betydelig aff\u00e6re f\u00f8r disse midlene ble midlertidig stoppet, sier han og mener det er opp til andre \u00e5 vurdere om de h\u00e5ndterte dette p\u00e5 en god m\u00e5te.<\/p>\n<p>   <img decoding=\"async\" width=\"5712\" height=\"4284\" fetchpriority=\"low\"  loading=\"lazy\"  src=\"https:\/\/www.europesays.com\/no\/wp-content\/uploads\/2026\/06\/IMG_2789.jpg\" alt=\"\" class=\"brick-c-cFOWSL\" style=\"--brick-image-ratio: 5712 \/ 4284;\"\/><\/p>\n<p>      Frederic Hauge sier det er planlagt endringer i Bellona for \u00e5 sikre fremtidens klimakamp.<br \/>\n      Foto: Heidi Schei Lille\u00e5s (Nettavisen)\n    <\/p>\n<p><b>Les ogs\u00e5: <a class=\"simple-relation related-teaser article--c-eBQpMJ\" href=\"https:\/\/www.nordlys.no\/full-storm-i-nrk-studioet-ikke-rot-i-virkeligheten\/s\/5-95-3083048\" rel=\"nofollow noopener\" target=\"_blank\">Full storm i NRK-studioet: \u2013 Ikke rot i virkeligheten<\/a><\/b><\/p>\n<p>Kronerulling<\/p>\n<p>Ved hjelp av en Spleis og donasjoner fra flere bedrifter klarte milj\u00f8organisasjonen p\u00e5 en uke \u00e5 samle inn fem millioner kroner. Men ytterligere tre millioner manglet. Da spleisen ble avsluttet mandag kveld var summen der oppe i 2,9 millioner kroner. Totalsummen som var samlet inn fra bedrifter var p\u00e5 fem millioner.<\/p>\n<p>I alt hadde kronerullingen klart \u00e5 f\u00e5 inn 7,9 millioner kroner.<\/p>\n<p>I \u00e5r er det 40 \u00e5r siden Hauge grunnla Bellona. I dag har milj\u00f8stiftelsen rundt 100 medarbeidere og kontorer i Oslo, Br\u00fcssel, Vilnius og Berlin.<\/p>\n","protected":false},"excerpt":{"rendered":"(Nettavisen) OSLO (Nettavisen): Mandag kveld var det styrem\u00f8te i Bellona. Milj\u00f8stiftelsen manglet \u00e5tte millioner kroner og p\u00e5 dette&hellip;\n","protected":false},"author":2,"featured_media":261684,"comment_status":"","ping_status":"","sticky":false,"template":"","format":"standard","meta":{"footnotes":"","_share_on_mastodon":"0"},"categories":[10],"tags":[36,10622,20,21,24,25,1792,15,1484,22,23,13,30,28,29,14,16,1510,14039,26,27],"class_list":["post-261683","post","type-post","status-publish","format-standard","has-post-thumbnail","category-norge","tag-art","tag-bellona","tag-breaking-news","tag-breakingnews","tag-featured-news","tag-featurednews","tag-frederic-hauge","tag-headlines","tag-konkurs","tag-latest-news","tag-latestnews","tag-news","tag-no","tag-norge","tag-norway","tag-nyheter","tag-overskrifter","tag-story","tag-sveinung-rotevatn","tag-top-stories","tag-topstories"],"share_on_mastodon":{"url":"https:\/\/pubeurope.com\/@no\/116723897015440977","error":""},"_links":{"self":[{"href":"https:\/\/www.europesays.com\/no\/wp-json\/wp\/v2\/posts\/261683","targetHints":{"allow":["GET"]}}],"collection":[{"href":"https:\/\/www.europesays.com\/no\/wp-json\/wp\/v2\/posts"}],"about":[{"href":"https:\/\/www.europesays.com\/no\/wp-json\/wp\/v2\/types\/post"}],"author":[{"embeddable":true,"href":"https:\/\/www.europesays.com\/no\/wp-json\/wp\/v2\/users\/2"}],"replies":[{"embeddable":true,"href":"https:\/\/www.europesays.com\/no\/wp-json\/wp\/v2\/comments?post=261683"}],"version-history":[{"count":0,"href":"https:\/\/www.europesays.com\/no\/wp-json\/wp\/v2\/posts\/261683\/revisions"}],"wp:featuredmedia":[{"embeddable":true,"href":"https:\/\/www.europesays.com\/no\/wp-json\/wp\/v2\/media\/261684"}],"wp:attachment":[{"href":"https:\/\/www.europesays.com\/no\/wp-json\/wp\/v2\/media?parent=261683"}],"wp:term":[{"taxonomy":"category","embeddable":true,"href":"https:\/\/www.europesays.com\/no\/wp-json\/wp\/v2\/categories?post=261683"},{"taxonomy":"post_tag","embeddable":true,"href":"https:\/\/www.europesays.com\/no\/wp-json\/wp\/v2\/tags?post=261683"}],"curies":[{"name":"wp","href":"https:\/\/api.w.org\/{rel}","templated":true}]}}