{"id":26174,"date":"2025-09-03T18:52:12","date_gmt":"2025-09-03T18:52:12","guid":{"rendered":"https:\/\/www.europesays.com\/no\/26174\/"},"modified":"2025-09-03T18:52:12","modified_gmt":"2025-09-03T18:52:12","slug":"markus-bailey-baerum-markus-bailey-har-blitt-far","status":"publish","type":"post","link":"https:\/\/www.europesays.com\/no\/26174\/","title":{"rendered":"Markus Bailey, B\u00e6rum | Markus Bailey har blitt far"},"content":{"rendered":"\n<p>(<a href=\"https:\/\/www.nettavisen.no\/kjendis\/markus-bailey-har-blitt-far\/s\/5-95-2599171\" rel=\"Follow nofollow noopener\" target=\"_blank\">NETTAVISEN<\/a>) Nyheten kommer p\u00e5 pressetreffet til TV 2-serien \u00abForr\u00e6der\u00bb, hvor Bailey er en av \u00e5rets deltakere. Programmet har premiere p\u00e5 fredag.<\/p>\n<p>Nyheten om at Bailey ventet barn kom allerede i juni, under et pressetreff for \u00abForr\u00e6der\u00bb. N\u00e5 har alts\u00e5 barnet kommet.<\/p>\n<p>\u2013 Jeg har blitt pappa. Det er det ingen som fortalte meg hvor heftig det egentlig er. Det er alltid s\u00e5nn \u00ab\u00e5\u00e5, det er det mest nydelige i hele verden\u00bb og alt er bare fryd og gammen som det er. Men det er beinhardt, det er s\u00e5 t\u00f8ft. Jeg synes alle sammen skal snakke mer om hvor hardt arbeid det er. Det ble jeg satt ut av, sier Bailey til <a href=\"https:\/\/www.vg.no\/rampelys\/i\/MnKK7r\/markus-bailey-har-blitt-pappa\" rel=\"Follow nofollow noopener\" target=\"_blank\">VG<\/a>.<\/p>\n<p>  <a href=\"https:\/\/www.budstikka.no\/5-55-2061613\" class=\"related-teaser has-image default-story-teaser article--c-eRUmMG article--c-eRUmMG-jKCPdD-design-default\" rel=\"nofollow noopener\" target=\"_blank\"><\/p>\n<p>    <img decoding=\"async\" loading=\"lazy\"  src=\"https:\/\/www.europesays.com\/no\/wp-content\/uploads\/2025\/09\/Kompani_Lauritzen_Tropp4s4_IMG_1470.JPG\" alt=\"\" class=\"brick-c-cFOWSL\" style=\"\"\/><\/p>\n<p>\n            Les ogs\u00e5<\/p>\n<p>              Mor og datter fra Asker i \u00abKompani Lauritzen\u00bb\n        <\/p>\n<p>  <\/a><\/p>\n<p>Bailey har v\u00e6rt borte fra rampelyset etter \u00e5 ha bodd og jobbet i Los Angeles i flere \u00e5r.<\/p>\n<p>Han returnerte til Norge i fjor, og da Nettavisen traff han i forbindelse med verdikampen p\u00e5 Norway Cup, la han ikke skjul p\u00e5 at det var godt \u00e5 komme hjem igjen.<\/p>\n<p>\u2013 Tiden var klar n\u00e5. Det var kjempel\u00e6rerikt, veldig nytt og spennende \u00e5 v\u00e6re der borte, men det var ogs\u00e5 litt ensomt. S\u00e5 det \u00e5 v\u00e6re tilbake hos venner, familie og kj\u00e6reste er veldig koselig, sa han den gang.<\/p>\n<p>Tidligere har Bailey opptr\u00e5dt i flere norske TV-programmer, blant annet i \u00abMaskorama\u00bb, \u00abSkal vi Danse\u00bb og \u00abFarmen\u00bb.<\/p>\n<p>  <a href=\"https:\/\/www.budstikka.no\/5-55-2073408\" class=\"related-teaser has-image default-story-teaser article--c-eRUmMG article--c-eRUmMG-jKCPdD-design-default\" rel=\"nofollow noopener\" target=\"_blank\"><\/p>\n<p>    <img decoding=\"async\" loading=\"lazy\"  src=\"https:\/\/www.europesays.com\/no\/wp-content\/uploads\/2025\/09\/NTB_LN3iErqpL5c.jpg\" alt=\"\" class=\"brick-c-cFOWSL\" style=\"\"\/><\/p>\n<p>\n            Les ogs\u00e5<\/p>\n<p>              Kj\u00f8rte i to dager: Fikk melding av politiet\n        <\/p>\n<p>  <\/a><\/p>\n<p>Les mer om: artikkelemnene<\/p>\n","protected":false},"excerpt":{"rendered":"(NETTAVISEN) Nyheten kommer p\u00e5 pressetreffet til TV 2-serien \u00abForr\u00e6der\u00bb, hvor Bailey er en av \u00e5rets deltakere. Programmet har&hellip;\n","protected":false},"author":2,"featured_media":26175,"comment_status":"","ping_status":"","sticky":false,"template":"","format":"standard","meta":{"footnotes":""},"categories":[12],"tags":[36,997,20,21,24,25,15,22,23,4193,13,30,28,29,14,16,1510,26,27,1130,42,43,44,45],"class_list":{"0":"post-26174","1":"post","2":"type-post","3":"status-publish","4":"format-standard","5":"has-post-thumbnail","7":"category-verden","8":"tag-art","9":"tag-baerum","10":"tag-breaking-news","11":"tag-breakingnews","12":"tag-featured-news","13":"tag-featurednews","14":"tag-headlines","15":"tag-latest-news","16":"tag-latestnews","17":"tag-markus-bailey","18":"tag-news","19":"tag-no","20":"tag-norge","21":"tag-norway","22":"tag-nyheter","23":"tag-overskrifter","24":"tag-story","25":"tag-top-stories","26":"tag-topstories","27":"tag-tv2","28":"tag-verden","29":"tag-world","30":"tag-world-news","31":"tag-worldnews"},"share_on_mastodon":{"url":"","error":""},"_links":{"self":[{"href":"https:\/\/www.europesays.com\/no\/wp-json\/wp\/v2\/posts\/26174","targetHints":{"allow":["GET"]}}],"collection":[{"href":"https:\/\/www.europesays.com\/no\/wp-json\/wp\/v2\/posts"}],"about":[{"href":"https:\/\/www.europesays.com\/no\/wp-json\/wp\/v2\/types\/post"}],"author":[{"embeddable":true,"href":"https:\/\/www.europesays.com\/no\/wp-json\/wp\/v2\/users\/2"}],"replies":[{"embeddable":true,"href":"https:\/\/www.europesays.com\/no\/wp-json\/wp\/v2\/comments?post=26174"}],"version-history":[{"count":0,"href":"https:\/\/www.europesays.com\/no\/wp-json\/wp\/v2\/posts\/26174\/revisions"}],"wp:featuredmedia":[{"embeddable":true,"href":"https:\/\/www.europesays.com\/no\/wp-json\/wp\/v2\/media\/26175"}],"wp:attachment":[{"href":"https:\/\/www.europesays.com\/no\/wp-json\/wp\/v2\/media?parent=26174"}],"wp:term":[{"taxonomy":"category","embeddable":true,"href":"https:\/\/www.europesays.com\/no\/wp-json\/wp\/v2\/categories?post=26174"},{"taxonomy":"post_tag","embeddable":true,"href":"https:\/\/www.europesays.com\/no\/wp-json\/wp\/v2\/tags?post=26174"}],"curies":[{"name":"wp","href":"https:\/\/api.w.org\/{rel}","templated":true}]}}