{"id":26182,"date":"2025-09-03T19:02:09","date_gmt":"2025-09-03T19:02:09","guid":{"rendered":"https:\/\/www.europesays.com\/no\/26182\/"},"modified":"2025-09-03T19:02:09","modified_gmt":"2025-09-03T19:02:09","slug":"seriefavoritten-elverum-handball-imponerte-voksent","status":"publish","type":"post","link":"https:\/\/www.europesays.com\/no\/26182\/","title":{"rendered":"Seriefavoritten Elverum h\u00e5ndball imponerte: \u2013 Voksent"},"content":{"rendered":"\n<p class=\"_lead_ew2ao_2 _lead_xtcu6_50 layout-component text-serif-m layout-normal text-serif-l layout-component layout-wide layout-padded _wide_17hqh_1 layout-padded\">F\u00f8r seriestart fravristet de Kolstad favorittstempelet. I premieren imponerte Elverum.<\/p>\n<p><img alt=\" Foto: Javad Parsa \/ NTB\" class=\"_image_qp4xg_65 layout-component layout-wide\" data-fullscreen- data-track-element-type=\"Article image fullscreen\" data-track-name=\"ImageFullscreen\" fetchpriority=\"high\" decoding=\"sync\" loading=\"eager\" height=\"5547\" itemprop=\"image\"  src=\"https:\/\/www.europesays.com\/no\/wp-content\/uploads\/2025\/09\/268421e3-16e3-47ed-9394-38337635e93f\"  style=\"object-position:0% 0%\" width=\"8321\"\/> Foto: Javad Parsa \/ NTB<\/p>\n<ul aria-hidden=\"true\" class=\"_images_1y6fe_106\">\n<li><a class=\"_link_1y6fe_111\" href=\"https:\/\/www.vg.no\/forfatter\/jostein-overvik\" style=\"z-index:1\" title=\"Jostein Overvik\" rel=\"nofollow noopener\" target=\"_blank\"><img alt=\"Bilde av Jostein Overvik\" class=\"_image_1y6fe_88\" fetchpriority=\"low\" loading=\"lazy\" decoding=\"async\" itemprop=\"image\"  src=\"https:\/\/www.europesays.com\/no\/wp-content\/uploads\/2025\/09\/1756926128_232_9167fa6a-7320-4d6f-b3c9-6c4ecb8beb8c\"  width=\"480\"\/><\/a><\/li>\n<\/ul>\n<p> Oppdatert onsdag 3. september kl. 20:52     <\/p>\n<p class=\"_paragraph_ew2ao_4 _paragraph_xtcu6_10 layout-component text-serif-m layout-normal text-serif-m layout-padded\">\u2013 Det er voksent, meldte B\u00f8rge Lund til TV 2 i pausen. Elverum-treneren kunne til slutt glede seg over seier med 19 m\u00e5l.<\/p>\n<p class=\"_paragraph_ew2ao_4 _paragraph_xtcu6_10 layout-component text-serif-m layout-normal text-serif-m layout-padded\"><strong class=\"_strong_ew2ao_25\">Klubben fra \u00d8sterdalen ledet 19\u20138 allerede halvveis p\u00e5 S\u00f8rlandet.<\/strong><\/p>\n<p class=\"_paragraph_ew2ao_4 _paragraph_xtcu6_10 layout-component text-serif-m layout-normal text-serif-m layout-padded\">\u2013 Vi har spilleglede og liker \u00e5 gj\u00f8re hver andre gode, sier Lund og legger til:<\/p>\n<p class=\"_paragraph_ew2ao_4 _paragraph_xtcu6_10 layout-component text-serif-m layout-normal text-serif-m layout-padded\">\u2013 Det kunne ikke v\u00e6rt bedre.<\/p>\n<p class=\"_paragraph_ew2ao_4 _paragraph_xtcu6_10 layout-component text-serif-m layout-normal text-serif-m layout-padded\">\u2013 Det er klasseforskjell p\u00e5 lagene, sier TV 2s h\u00e5ndballekspert, Bent Svele underveis i storseieren.<\/p>\n<p class=\"_paragraph_ew2ao_4 _paragraph_xtcu6_10 layout-component text-serif-m layout-normal text-serif-m layout-padded\"><strong class=\"_strong_ew2ao_25\">Han har Elverum som favoritt til seriegullet foran Kolstad. Trondheim-klubben har vunnet sluttspillet og NM-gullet de tre siste sesongene, men m\u00e5tte gi tapt for Elverum i kampen om seriegullet sist sesong.<\/strong><\/p>\n<p class=\"_paragraph_ew2ao_4 _paragraph_xtcu6_10 layout-component text-serif-m layout-normal text-serif-m layout-padded\">Elverum har mistet profiler som Patrick Helland Andersson (Aalborg), Mathias Larsson (Rhein-Neckar L\u00f6wen), Kasper Lien (Stuttgart) og Endre Lang\u00e5s (Bod\u00f8). Men har f\u00e5tt tilbake sine tidligere stjerner som Dominik Mathe (PSG) og Kevin Gulliksen (Holstebro). Mario Matic, Sondre Gjerdalen og Mikkel Solheim har ogs\u00e5 kommet til klubben.<\/p>\n<p class=\"_paragraph_ew2ao_4 _paragraph_xtcu6_10 layout-component text-serif-m layout-normal text-serif-m layout-padded\"><strong class=\"_strong_ew2ao_25\">I Arendal imponerte Benjamin Berg (22) og Eirik Kulvedr\u00f8sten Sol\u00f8st (19) med seks m\u00e5l hver. Veteranen Erik Thorsteinsen Toft (32) markerte seg med fem scoringer.<\/strong><\/p>\n<p><img alt=\"Foto: Javad Parsa \/ NTB\" class=\"_image_qp4xg_65 layout-component layout-normal\" data-fullscreen- data-track-element-type=\"Article image fullscreen\" data-track-name=\"ImageFullscreen\" decoding=\"async\" loading=\"lazy\" height=\"1858\" itemprop=\"image\"  src=\"https:\/\/www.europesays.com\/no\/wp-content\/uploads\/2025\/09\/a37348a9-39bb-4ebf-aec4-136d1cb4a039\"  style=\"object-position:0% 0%\" width=\"2790\"\/>Foto: Javad Parsa \/ NTB<\/p>\n<p class=\"_paragraph_ew2ao_4 _paragraph_xtcu6_10 layout-component text-serif-m layout-normal text-serif-m layout-padded\">Elverum slo Kolstad med syv m\u00e5l i sesongoppkj\u00f8ringen. Christian Berge &amp; co. vant sin serie\u00e5pning 29\u201326 mot Bergen sist helg.<\/p>\n<p class=\"_paragraph_ew2ao_4 _paragraph_xtcu6_10 layout-component text-serif-m layout-normal text-serif-m layout-padded\">For Elverum handler det om \u00e5 kvalifisere seg til gruppespillet i European League. Torrelavega ble sl\u00e5tt 38\u201328 hjemme sist helg. Returkampen spilles i Spania l\u00f8rdag.<\/p>\n<ul class=\"_list_ew2ao_3 _list_xtcu6_9 _unordered_ew2ao_99 layout-component text-serif-m layout-normal text-serif-m layout-padded\">\n<li class=\"_item_ew2ao_30\">I kveldens andre seriekamp vant B\u00e6kkelaget 34\u201322 over Halden.<\/li>\n<li class=\"_item_ew2ao_30\">Camilla Herrem sto over Solas NM-kamp. Naboen Stavanger ble sl\u00e5tt 38\u201323.<\/li>\n<li class=\"_item_ew2ao_30\">Eliteserieklubben Romerike Ravens er sl\u00e5tt ut etter tap 25\u201322 for Flint T\u00f8nsberg.<\/li>\n<li class=\"_item_ew2ao_30\">I dansk liga vant Odense 33\u201330 over Horsens etter 25 scoringer av norske spillere. Tina Abdulla satte inn \u00e5tte m\u00e5l.<\/li>\n<\/ul>\n","protected":false},"excerpt":{"rendered":"F\u00f8r seriestart fravristet de Kolstad favorittstempelet. I premieren imponerte Elverum. Foto: Javad Parsa \/ NTB Oppdatert onsdag 3.&hellip;\n","protected":false},"author":2,"featured_media":26183,"comment_status":"","ping_status":"","sticky":false,"template":"","format":"standard","meta":{"footnotes":""},"categories":[59],"tags":[2062,105,4195,30,28,29,4194,83,82],"class_list":{"0":"post-26182","1":"post","2":"type-post","3":"status-publish","4":"format-standard","5":"has-post-thumbnail","7":"category-sport","8":"tag-elverum-handball","9":"tag-handball","10":"tag-kolstad-handball","11":"tag-no","12":"tag-norge","13":"tag-norway","14":"tag-oif-arendal","15":"tag-sport","16":"tag-sports"},"share_on_mastodon":{"url":"","error":""},"_links":{"self":[{"href":"https:\/\/www.europesays.com\/no\/wp-json\/wp\/v2\/posts\/26182","targetHints":{"allow":["GET"]}}],"collection":[{"href":"https:\/\/www.europesays.com\/no\/wp-json\/wp\/v2\/posts"}],"about":[{"href":"https:\/\/www.europesays.com\/no\/wp-json\/wp\/v2\/types\/post"}],"author":[{"embeddable":true,"href":"https:\/\/www.europesays.com\/no\/wp-json\/wp\/v2\/users\/2"}],"replies":[{"embeddable":true,"href":"https:\/\/www.europesays.com\/no\/wp-json\/wp\/v2\/comments?post=26182"}],"version-history":[{"count":0,"href":"https:\/\/www.europesays.com\/no\/wp-json\/wp\/v2\/posts\/26182\/revisions"}],"wp:featuredmedia":[{"embeddable":true,"href":"https:\/\/www.europesays.com\/no\/wp-json\/wp\/v2\/media\/26183"}],"wp:attachment":[{"href":"https:\/\/www.europesays.com\/no\/wp-json\/wp\/v2\/media?parent=26182"}],"wp:term":[{"taxonomy":"category","embeddable":true,"href":"https:\/\/www.europesays.com\/no\/wp-json\/wp\/v2\/categories?post=26182"},{"taxonomy":"post_tag","embeddable":true,"href":"https:\/\/www.europesays.com\/no\/wp-json\/wp\/v2\/tags?post=26182"}],"curies":[{"name":"wp","href":"https:\/\/api.w.org\/{rel}","templated":true}]}}