{"id":26188,"date":"2025-09-03T19:07:10","date_gmt":"2025-09-03T19:07:10","guid":{"rendered":"https:\/\/www.europesays.com\/no\/26188\/"},"modified":"2025-09-03T19:07:10","modified_gmt":"2025-09-03T19:07:10","slug":"vold-bergen-voldshendelse-i-sentrum-muligens-blitt-brukt-balltre","status":"publish","type":"post","link":"https:\/\/www.europesays.com\/no\/26188\/","title":{"rendered":"Vold, Bergen | Voldshendelse i sentrum: \u2013 Muligens blitt brukt balltre"},"content":{"rendered":"\n<p>Onsdag kveld fikk politiet melding om en voldshendelse i sentrum.<\/p>\n<p>B\u00e5de politi og ambulanse rykket ut til stedet.<\/p>\n<p>   <img decoding=\"async\" width=\"5808\" height=\"3872\" fetchpriority=\"low\"  loading=\"lazy\"  src=\"https:\/\/www.europesays.com\/no\/wp-content\/uploads\/2025\/09\/_SF_6605.jpg\" alt=\"Rykk, Str\u00f8mgaten\" class=\"brick-c-cFOWSL\" style=\"--brick-image-ratio: 5808 \/ 3872;\"\/><\/p>\n<p>    Foto: LARS KRISTIAN STEEN FLUGE\n  <\/p>\n<p>\u2013 To personer har skader som er forenelige med bruk av slagv\u00e5pen. I dette tilfellet er det snakk om at det kanskje er brukt et balltre, sier operasjonsleder Steinar Hausvik i politiet.<\/p>\n<p>Har funnet kniv<\/p>\n<p>Politiet opplyser at det er funnet en kniv p\u00e5 stedet.<\/p>\n<p>\u2013 Vi har ikke f\u00e5tt opplysninger om at det er brukt kniv, sier Hausvik.<\/p>\n<p>   <img decoding=\"async\" width=\"5808\" height=\"3872\" fetchpriority=\"low\"  loading=\"lazy\"  src=\"https:\/\/www.europesays.com\/no\/wp-content\/uploads\/2025\/09\/_SF_6617.JPG\" alt=\"\" class=\"brick-c-cFOWSL\" style=\"--brick-image-ratio: 5808 \/ 3872;\"\/><\/p>\n<p>    Innsatsleder i politiet, Kristian Rossnes.<br \/>\n    Foto: LARS KRISTIAN STEEN FLUGE\n  <\/p>\n<p>Politiets innsatsleder p\u00e5 stedet, Kristian Rossnes, opplyser til BA at to ungdommer er lettere skadet.<\/p>\n<p>\u2013 Det s\u00e5 ganske brutalt ut. Det var veldig ubehagelig, sier et vitne til BA.<\/p>\n<p>   <img decoding=\"async\" width=\"5808\" height=\"3872\" fetchpriority=\"low\"  loading=\"lazy\"  src=\"https:\/\/www.europesays.com\/no\/wp-content\/uploads\/2025\/09\/_SF_6652.JPG\" alt=\"\" class=\"brick-c-cFOWSL\" style=\"--brick-image-ratio: 5808 \/ 3872;\"\/><\/p>\n<p>    Et vitne BA har snakket med, opplyser \u00e5 ha sett at en gutt ble overfalt utenfor Rothaugen erstatningsskole i Str\u00f8mgaten 1.<br \/>\n    Foto: LARS KRISTIAN STEEN FLUGE\n  <\/p>\n<p>   <img decoding=\"async\" width=\"5808\" height=\"3872\" fetchpriority=\"low\"  loading=\"lazy\"  src=\"https:\/\/www.europesays.com\/no\/wp-content\/uploads\/2025\/09\/_SF_6614.jpg\" alt=\"Rykk, Str\u00f8mgaten\" class=\"brick-c-cFOWSL\" style=\"--brick-image-ratio: 5808 \/ 3872;\"\/><\/p>\n<p>    Politiet s\u00f8ker etter gjerningspersonene i omr\u00e5det.<br \/>\n    Foto: LARS KRISTIAN STEEN FLUGE\n  <\/p>\n<p>  S\u00f8ker etter mistenkte<\/p>\n<p>Gjerningspersonene er beskrevet som to unge gutter i 15-16-\u00e5rs alderen.<\/p>\n<p>\u2013 N\u00e5 leter vi etter to mistenkte i Bergen sentrum. Det kan ogs\u00e5 v\u00e6re flere, vi har ikke hele oversikten enn\u00e5, sier Rossnes til BA.<\/p>\n<p>Han opplyser at de involverte sannsynligvis kjente hverandre, men vil ikke kommentere overfor BA hvorfor politiet mener \u00e5 vite det.<\/p>\n<p>If\u00f8lge politiet er det ikke noe som tilsier at det er fare for tredjepersoner.<\/p>\n<p>   <img decoding=\"async\" width=\"5808\" height=\"3872\" fetchpriority=\"low\"  loading=\"lazy\"  src=\"https:\/\/www.europesays.com\/no\/wp-content\/uploads\/2025\/09\/_SF_6638.jpg\" alt=\"Rykk, Str\u00f8mgaten\" class=\"brick-c-cFOWSL\" style=\"--brick-image-ratio: 5808 \/ 3872;\"\/><\/p>\n<p>    Voldsepisoden skal ha skjedd p\u00e5 skoleplassen til Rothaugen erstatningsskole.<br \/>\n    Foto: LARS KRISTIAN STEEN FLUGE\n  <\/p>\n<p>Les mer om: artikkelemnene<\/p>\n","protected":false},"excerpt":{"rendered":"Onsdag kveld fikk politiet melding om en voldshendelse i sentrum. B\u00e5de politi og ambulanse rykket ut til stedet.&hellip;\n","protected":false},"author":2,"featured_media":26189,"comment_status":"","ping_status":"","sticky":false,"template":"","format":"standard","meta":{"footnotes":""},"categories":[10],"tags":[36,444,20,21,24,25,15,22,23,13,30,28,29,14,16,285,1510,26,27,493],"class_list":{"0":"post-26188","1":"post","2":"type-post","3":"status-publish","4":"format-standard","5":"has-post-thumbnail","7":"category-norge","8":"tag-art","9":"tag-bergen","10":"tag-breaking-news","11":"tag-breakingnews","12":"tag-featured-news","13":"tag-featurednews","14":"tag-headlines","15":"tag-latest-news","16":"tag-latestnews","17":"tag-news","18":"tag-no","19":"tag-norge","20":"tag-norway","21":"tag-nyheter","22":"tag-overskrifter","23":"tag-sentrum","24":"tag-story","25":"tag-top-stories","26":"tag-topstories","27":"tag-vold"},"share_on_mastodon":{"url":"","error":""},"_links":{"self":[{"href":"https:\/\/www.europesays.com\/no\/wp-json\/wp\/v2\/posts\/26188","targetHints":{"allow":["GET"]}}],"collection":[{"href":"https:\/\/www.europesays.com\/no\/wp-json\/wp\/v2\/posts"}],"about":[{"href":"https:\/\/www.europesays.com\/no\/wp-json\/wp\/v2\/types\/post"}],"author":[{"embeddable":true,"href":"https:\/\/www.europesays.com\/no\/wp-json\/wp\/v2\/users\/2"}],"replies":[{"embeddable":true,"href":"https:\/\/www.europesays.com\/no\/wp-json\/wp\/v2\/comments?post=26188"}],"version-history":[{"count":0,"href":"https:\/\/www.europesays.com\/no\/wp-json\/wp\/v2\/posts\/26188\/revisions"}],"wp:featuredmedia":[{"embeddable":true,"href":"https:\/\/www.europesays.com\/no\/wp-json\/wp\/v2\/media\/26189"}],"wp:attachment":[{"href":"https:\/\/www.europesays.com\/no\/wp-json\/wp\/v2\/media?parent=26188"}],"wp:term":[{"taxonomy":"category","embeddable":true,"href":"https:\/\/www.europesays.com\/no\/wp-json\/wp\/v2\/categories?post=26188"},{"taxonomy":"post_tag","embeddable":true,"href":"https:\/\/www.europesays.com\/no\/wp-json\/wp\/v2\/tags?post=26188"}],"curies":[{"name":"wp","href":"https:\/\/api.w.org\/{rel}","templated":true}]}}