{"id":26194,"date":"2025-09-03T19:14:16","date_gmt":"2025-09-03T19:14:16","guid":{"rendered":"https:\/\/www.europesays.com\/no\/26194\/"},"modified":"2025-09-03T19:14:16","modified_gmt":"2025-09-03T19:14:16","slug":"leder-olavsvern-arbeiderpartiet-i-skvis-om-olavsvern","status":"publish","type":"post","link":"https:\/\/www.europesays.com\/no\/26194\/","title":{"rendered":"Leder, Olavsvern | Arbeiderpartiet i skvis om Olavsvern"},"content":{"rendered":"\n<p>Uttalelsen ble vedtatt etter forslag fra gruppeleder Markus Akselbo (H). Ordf\u00f8rer Gunnar Wilhelmsen (som kj\u00f8pte Olavsvern i 2013 og fortsatt er deleier etter \u00e5 ha solgt aksjemajoriteten til WilNor Governmental Services) stilte seg inhabil og satt p\u00e5 bakerste benk under behandlingen.<\/p>\n<p><b>Arbeiderpartiet ville i utgangspunktet ikke stille seg bak uttalelsen. De foreslo \u00e5 utsette saken for \u00e5 f\u00e5 en administrativ utredning og for \u00e5 unng\u00e5 at det framsto som et valgkamputspill.<\/b><\/p>\n<p>Men Ap gikk p\u00e5 et nederlag, etter at Senterpartiet stemte mot utsettelse sammen med H\u00f8yre. Dermed ble uttalelsen vedtatt, ogs\u00e5 med st\u00f8tte fra deler av Arbeiderpartiet.<\/p>\n<p>  <a href=\"https:\/\/www.nordnorskdebatt.no\/5-124-378919\" class=\"related-teaser has-image default-opinion-teaser article--c-eRUmMG article--c-eRUmMG-jKCPdD-design-default\" rel=\"nofollow noopener\" target=\"_blank\"><\/p>\n<p>    <img decoding=\"async\" loading=\"lazy\"  src=\"https:\/\/www.europesays.com\/no\/wp-content\/uploads\/2025\/08\/Olav+1.jpg\" alt=\"\" class=\"brick-c-cFOWSL\" style=\"\"\/><\/p>\n<p>\n            Les ogs\u00e5<\/p>\n<p>              Olavsvern m\u00e5 kj\u00f8pes tilbake<\/p>\n<p>  <\/a><\/p>\n<p>Det er \u00e5penbart at Ap lokalt er i skvis, mellom interessene lokalt og statsministerens uttalelser om bruken av Olavsvern.<\/p>\n<p>Jonas Gahr St\u00f8re har tidligere kontant avvist tidligere utspill om \u00e5 kj\u00f8pe tilbake basen fra de private eierne, ogs\u00e5 fra egne rekker. Hans begrunnelse er at det er de fagmilit\u00e6re r\u00e5dene som bestemmer hvilke kapasiteter forsvaret skal ta i bruk.<\/p>\n<p>Kommunestyret i Troms\u00f8, med Aps forbeholdne st\u00f8te, ber p\u00e5 sin side Forsvaret om \u00e5 vurdere kj\u00f8p eller langtidsleie av Olavsvern. I tillegg ber man om gjenoppretting av Olavsvern som orlogsstasjon og marinebase, etablering av Heimevernets innsatsstyrke i HV-16 ved Olavsvern, og tilrettelegging for \u00f8kt alliert mottak i Troms\u00f8.<\/p>\n<p>  <a href=\"https:\/\/www.nordnorskdebatt.no\/5-124-385451\" class=\"related-teaser has-image default-opinion-teaser article--c-eRUmMG article--c-eRUmMG-jKCPdD-design-default\" rel=\"nofollow noopener\" target=\"_blank\"><\/p>\n<p>    <img decoding=\"async\" loading=\"lazy\"  src=\"https:\/\/www.europesays.com\/no\/wp-content\/uploads\/2025\/09\/NTB_1fwRqqHm71c.jpg\" alt=\"\" class=\"brick-c-cFOWSL\" style=\"\"\/><\/p>\n<p>\n            Les ogs\u00e5<\/p>\n<p>              Desperasjonen ble H\u00f8yres eneste utvei\n        <\/p>\n<p>  <\/a><\/p>\n<p><b>I uttalelsen foresl\u00e5r kommunestyret ogs\u00e5 en utbygging av t\u00f8rrdokken for \u00e5 tilpasse nye ub\u00e5ter, og oppfordrer kommunen til \u00e5 jobbe strategisk for forsvars- og beredskapsetableringer i Troms\u00f8-regionen. <\/b><\/p>\n<p>Det er klokt. Troms\u00f8, som den st\u00f8rste byen i nord, har aldri hatt et forsvarspolitisk v\u00e5kent kommunestyre. Forsvar og sikkerhet var noe som andre skulle ta seg av, mens vi skulle produsere studiepoeng i den arktiske hovedstaden.<\/p>\n<p>Den tiden er over.<\/p>\n<p>  <a href=\"https:\/\/www.nordnorskdebatt.no\/5-124-384702\" class=\"related-teaser has-image default-opinion-teaser article--c-eRUmMG article--c-eRUmMG-jKCPdD-design-default\" rel=\"nofollow noopener\" target=\"_blank\"><\/p>\n<p>    <img decoding=\"async\" loading=\"lazy\"  src=\"https:\/\/www.europesays.com\/no\/wp-content\/uploads\/2025\/08\/Skjermbilde+2025-08-28+132252.png\" alt=\"\" class=\"brick-c-cFOWSL\" style=\"\"\/><\/p>\n<p>\n            Les ogs\u00e5<\/p>\n<p>              \u00abAlle\u00bb vil ha Jonas\n        <\/p>\n<p>  <\/a><\/p>\n","protected":false},"excerpt":{"rendered":"Uttalelsen ble vedtatt etter forslag fra gruppeleder Markus Akselbo (H). Ordf\u00f8rer Gunnar Wilhelmsen (som kj\u00f8pte Olavsvern i 2013&hellip;\n","protected":false},"author":2,"featured_media":26195,"comment_status":"","ping_status":"","sticky":false,"template":"","format":"standard","meta":{"footnotes":""},"categories":[10],"tags":[499,36,20,21,24,25,15,762,22,23,246,13,30,28,29,14,498,1533,16,26,27,4196],"class_list":{"0":"post-26194","1":"post","2":"type-post","3":"status-publish","4":"format-standard","5":"has-post-thumbnail","7":"category-norge","8":"tag-arbeiderpartiet","9":"tag-art","10":"tag-breaking-news","11":"tag-breakingnews","12":"tag-featured-news","13":"tag-featurednews","14":"tag-headlines","15":"tag-hoyre","16":"tag-latest-news","17":"tag-latestnews","18":"tag-leder","19":"tag-news","20":"tag-no","21":"tag-norge","22":"tag-norway","23":"tag-nyheter","24":"tag-olavsvern","25":"tag-opinion","26":"tag-overskrifter","27":"tag-top-stories","28":"tag-topstories","29":"tag-tromso-kommunestyre"},"share_on_mastodon":{"url":"","error":""},"_links":{"self":[{"href":"https:\/\/www.europesays.com\/no\/wp-json\/wp\/v2\/posts\/26194","targetHints":{"allow":["GET"]}}],"collection":[{"href":"https:\/\/www.europesays.com\/no\/wp-json\/wp\/v2\/posts"}],"about":[{"href":"https:\/\/www.europesays.com\/no\/wp-json\/wp\/v2\/types\/post"}],"author":[{"embeddable":true,"href":"https:\/\/www.europesays.com\/no\/wp-json\/wp\/v2\/users\/2"}],"replies":[{"embeddable":true,"href":"https:\/\/www.europesays.com\/no\/wp-json\/wp\/v2\/comments?post=26194"}],"version-history":[{"count":0,"href":"https:\/\/www.europesays.com\/no\/wp-json\/wp\/v2\/posts\/26194\/revisions"}],"wp:featuredmedia":[{"embeddable":true,"href":"https:\/\/www.europesays.com\/no\/wp-json\/wp\/v2\/media\/26195"}],"wp:attachment":[{"href":"https:\/\/www.europesays.com\/no\/wp-json\/wp\/v2\/media?parent=26194"}],"wp:term":[{"taxonomy":"category","embeddable":true,"href":"https:\/\/www.europesays.com\/no\/wp-json\/wp\/v2\/categories?post=26194"},{"taxonomy":"post_tag","embeddable":true,"href":"https:\/\/www.europesays.com\/no\/wp-json\/wp\/v2\/tags?post=26194"}],"curies":[{"name":"wp","href":"https:\/\/api.w.org\/{rel}","templated":true}]}}